{"id":105736,"date":"2021-06-26T00:13:20","date_gmt":"2021-06-26T03:13:20","guid":{"rendered":"https:\/\/www.elsindical.com.ar\/notas\/?p=105736"},"modified":"2021-06-26T00:13:21","modified_gmt":"2021-06-26T03:13:21","slug":"a-que-nos-referimos-cuando-hablamos-de-violencia-institucional","status":"publish","type":"post","link":"https:\/\/www.elsindical.com.ar\/notas\/a-que-nos-referimos-cuando-hablamos-de-violencia-institucional\/","title":{"rendered":"\u00bfA qu\u00e9 nos referimos cuando hablamos de Violencia Institucional?"},"content":{"rendered":"\n<div class=\"wp-block-image\"><figure class=\"aligncenter size-large\"><a href=\"https:\/\/www.elsindical.com.ar\/notas\/var\/www\/html\/notas\/wp-content\/uploads\/2021\/06\/Roberto-Villalobos-Atlas.jpg\"><img loading=\"lazy\" decoding=\"async\" width=\"400\" height=\"400\" src=\"https:\/\/www.elsindical.com.ar\/notas\/var\/www\/html\/notas\/wp-content\/uploads\/2021\/06\/Roberto-Villalobos-Atlas.jpg\" alt=\"\" class=\"wp-image-105737\" srcset=\"https:\/\/www.elsindical.com.ar\/notas\/var\/www\/html\/notas\/wp-content\/uploads\/2021\/06\/Roberto-Villalobos-Atlas.jpg 400w, https:\/\/www.elsindical.com.ar\/notas\/var\/www\/html\/notas\/wp-content\/uploads\/2021\/06\/Roberto-Villalobos-Atlas-300x300.jpg 300w, https:\/\/www.elsindical.com.ar\/notas\/var\/www\/html\/notas\/wp-content\/uploads\/2021\/06\/Roberto-Villalobos-Atlas-150x150.jpg 150w, https:\/\/www.elsindical.com.ar\/notas\/var\/www\/html\/notas\/wp-content\/uploads\/2021\/06\/Roberto-Villalobos-Atlas-50x50.jpg 50w\" sizes=\"auto, (max-width: 400px) 100vw, 400px\" \/><\/a><\/figure><\/div>\n\n\n\n<p class=\"wp-block-paragraph\">Debemos reflejar que cuando hablamos de violencia institucional nos referimos a tres elementos fundamentales: funcionarios p\u00fablicos, quienes llevan adelante tareas; hechos puntuales, como tortura y; restricci\u00f3n de libertades, como por ejemplo, las detenciones.&nbsp;<\/p>\n\n\n\n<p class=\"wp-block-paragraph\">Los funcionarios, que pueden pertenecer a fuerzas de seguridad o centros de salud, violan los derechos a trav\u00e9s de libertades y son ejercidas a determinados grupos de personas con delimitadas condiciones tales como el nivel socioecon\u00f3mico, salud mental, edad, y\/o g\u00e9nero. Lamentablemente, las v\u00edctimas que la padecen encuentran un sin fin de impedimentos para acceder libremente a una protecci\u00f3n y a la justicia.<\/p>\n\n\n\n<p class=\"wp-block-paragraph\">Cuando se ejerce la violencia institucional se restringen los derechos de los individuos, haci\u00e9ndose m\u00e1s fuerte en ese determinado grupo de personas damnificadas, es decir, la discriminaci\u00f3n y restricci\u00f3n esta exacerbada ampliamente, lo vemos en ni\u00f1as, ni\u00f1os y adolescentes cu\u00e1ndo observamos que un gran porcentaje de \u00e9stos son maltratados por las fuerzas policiales, un claro ejemplo son las detenciones arbitrarias para averiguar antecedentes, d\u00f3nde se los maltrata y denigra. Muchas veces, terminan golpeados y asesinados.&nbsp;<\/p>\n\n\n\n<p class=\"wp-block-paragraph\">Estas pr\u00e1cticas violan los derechos humanos y son llevadas a cabo por funcionarios de fuerzas de seguridad, efectores de salud y poderes judiciales, siempre en los contextos de restricci\u00f3n de libertad y\/o autonom\u00eda.&nbsp;&nbsp;<\/p>\n\n\n\n<p class=\"wp-block-paragraph\">La violencia institucional muchas veces se origina mediante amenazas o poderes de sometimiento y dependencia, donde la parte m\u00e1s d\u00e9bil no tiene injerencia dada la jerarqu\u00eda del funcionario p\u00fablico.&nbsp;<\/p>\n\n\n\n<p class=\"wp-block-paragraph\">Los contextos en que se da la violencia institucional pueden ser: de tr\u00e1nsito, donde las personas est\u00e1n en lugares p\u00fablicos o paradores de personas en situaci\u00f3n de calle; de detenci\u00f3n, comisar\u00edas o centros penitenciarios; de internaci\u00f3n, centros de salud mental o discapacidad; y formaci\u00f3n, entrenamiento o rehabilitaci\u00f3n, instituciones como escuelas o centros de d\u00eda. La violencia institucional se encierra, casi siempre, en estos contextos.&nbsp;&nbsp;&nbsp;<\/p>\n\n\n\n<p class=\"wp-block-paragraph\">La realidad de los delitos es una construcci\u00f3n social, que en la actualidad es dominada por los medios hegem\u00f3nicos de comunicaci\u00f3n. De este modo, la televisi\u00f3n, las radios y los diarios establecen los temas que est\u00e1n en agenda pol\u00edtica y posteriormente forman tendencias. Penosamente, en la mayor\u00eda de las veces, originan discursos violentos.&nbsp;<\/p>\n\n\n\n<p class=\"wp-block-paragraph\">Conforme a los tipos de violencia institucional podemos describir que pueden ser f\u00edsicas, psicol\u00f3gicas o ps\u00edquicas, sexuales y\/o de g\u00e9nero, negaci\u00f3n de acceso a la atenci\u00f3n m\u00e9dica o sanitaria y a ciertas condiciones de alojamiento. En torno a las irregularidades, pueden ser administrativas o judiciales, de acci\u00f3n u omisi\u00f3n, o sea, el encubrimiento de estas formas de violencia, por ejemplo, tambi\u00e9n es violencia institucional.&nbsp;<\/p>\n\n\n\n<p class=\"wp-block-paragraph\">Se vislumbra que en todos los an\u00e1lisis llevados adelante por expertos a nivel local y mundial sobre esta materia, arroja como resultado que los entornos m\u00e1s frecuentes en donde se desarrollan estas pr\u00e1cticas de violencia institucional son en comisar\u00edas. Tristemente, una \u00ednfima proporci\u00f3n contra \u00e9stos seres inocentes es investigada posterior a las denuncias, en consecuencia, muy pocos autores materiales llegan a ser procesados.&nbsp;<\/p>\n\n\n\n<p class=\"wp-block-paragraph\">Es importante conocer, que todos los ciudadanos contamos con derechos y seguridades reconocidos por ley, entre ellos, podemos destacar el juicio previo, el juez natural, la ley anterior, la inviolabilidad de la defensa en juicio, la presunci\u00f3n de inocencia, y la prohibici\u00f3n de juzgar dos veces el mismo hecho. Paralelamente debemos dar a conocer que existen tratados internacionales que tambi\u00e9n velan por nuestros derechos. Entre ellos: Declaraci\u00f3n Universal de Derechos Humanos, Pacto Internacional de Derechos Civiles y Pol\u00edticos y el Pacto San Jos\u00e9 de Costa Rica.&nbsp;<\/p>\n\n\n\n<p class=\"wp-block-paragraph\">Para concluir, muchas veces se observa que la polic\u00eda intenta convertir a la v\u00edctima en victimario, tal es el caso de los afectados por el gatillo f\u00e1cil, en la que la fuerza intenta transformar en delincuentes. Actualmente existe una gran indignaci\u00f3n en la sociedad frente a la realidad de los hechos, tanto a nivel global como local.&nbsp;<\/p>\n\n\n\n<p class=\"wp-block-paragraph\">Roberto Villalobos Atlas<\/p>\n\n\n\n<p class=\"wp-block-paragraph\">Abogado en DDHH<\/p>\n\n\n\n<p class=\"wp-block-paragraph\">Dipl. en DDHH y Promoci\u00f3n de Paz<\/p>\n","protected":false},"excerpt":{"rendered":"<p>Debemos reflejar que cuando hablamos de violencia institucional nos referimos a tres elementos fundamentales: funcionarios p\u00fablicos, quienes llevan adelante tareas; hechos puntuales, como tortura y; restricci\u00f3n de libertades, como por ejemplo, las detenciones.&nbsp; Los funcionarios, que pueden pertenecer a fuerzas de seguridad o centros de salud, violan los derechos a trav\u00e9s de libertades y son&hellip;<\/p>\n","protected":false},"author":1,"featured_media":105737,"comment_status":"open","ping_status":"open","sticky":false,"template":"","format":"standard","meta":{"footnotes":""},"categories":[21],"tags":[501,2450,34987,16037],"class_list":["post-105736","post","type-post","status-publish","format-standard","has-post-thumbnail","hentry","category-opinion","tag-abogado","tag-diario-el-sindical","tag-roberto-villalobos-atlas","tag-violencia-institucional"],"_links":{"self":[{"href":"https:\/\/www.elsindical.com.ar\/notas\/wp-json\/wp\/v2\/posts\/105736","targetHints":{"allow":["GET"]}}],"collection":[{"href":"https:\/\/www.elsindical.com.ar\/notas\/wp-json\/wp\/v2\/posts"}],"about":[{"href":"https:\/\/www.elsindical.com.ar\/notas\/wp-json\/wp\/v2\/types\/post"}],"author":[{"embeddable":true,"href":"https:\/\/www.elsindical.com.ar\/notas\/wp-json\/wp\/v2\/users\/1"}],"replies":[{"embeddable":true,"href":"https:\/\/www.elsindical.com.ar\/notas\/wp-json\/wp\/v2\/comments?post=105736"}],"version-history":[{"count":1,"href":"https:\/\/www.elsindical.com.ar\/notas\/wp-json\/wp\/v2\/posts\/105736\/revisions"}],"predecessor-version":[{"id":105738,"href":"https:\/\/www.elsindical.com.ar\/notas\/wp-json\/wp\/v2\/posts\/105736\/revisions\/105738"}],"wp:featuredmedia":[{"embeddable":true,"href":"https:\/\/www.elsindical.com.ar\/notas\/wp-json\/wp\/v2\/media\/105737"}],"wp:attachment":[{"href":"https:\/\/www.elsindical.com.ar\/notas\/wp-json\/wp\/v2\/media?parent=105736"}],"wp:term":[{"taxonomy":"category","embeddable":true,"href":"https:\/\/www.elsindical.com.ar\/notas\/wp-json\/wp\/v2\/categories?post=105736"},{"taxonomy":"post_tag","embeddable":true,"href":"https:\/\/www.elsindical.com.ar\/notas\/wp-json\/wp\/v2\/tags?post=105736"}],"curies":[{"name":"wp","href":"https:\/\/api.w.org\/{rel}","templated":true}]}}