{"id":105726,"date":"2021-06-25T00:44:21","date_gmt":"2021-06-25T03:44:21","guid":{"rendered":"https:\/\/www.elsindical.com.ar\/notas\/?p=105726"},"modified":"2021-06-25T00:44:22","modified_gmt":"2021-06-25T03:44:22","slug":"lanus-buscan-a-un-hombre-con-demencia-senil-que-desaparecio-hace-9-dias","status":"publish","type":"post","link":"https:\/\/www.elsindical.com.ar\/notas\/lanus-buscan-a-un-hombre-con-demencia-senil-que-desaparecio-hace-9-dias\/","title":{"rendered":"Lan\u00fas: Buscan a un hombre con demencia senil que desapareci\u00f3 hace 9 d\u00edas"},"content":{"rendered":"\n<div class=\"wp-block-image\"><figure class=\"aligncenter size-large\"><a href=\"https:\/\/www.elsindical.com.ar\/notas\/var\/www\/html\/notas\/wp-content\/uploads\/2021\/06\/Hugo-Mansilla.jpg\"><img loading=\"lazy\" decoding=\"async\" width=\"605\" height=\"721\" src=\"https:\/\/www.elsindical.com.ar\/notas\/var\/www\/html\/notas\/wp-content\/uploads\/2021\/06\/Hugo-Mansilla.jpg\" alt=\"\" class=\"wp-image-105727\" srcset=\"https:\/\/www.elsindical.com.ar\/notas\/var\/www\/html\/notas\/wp-content\/uploads\/2021\/06\/Hugo-Mansilla.jpg 605w, https:\/\/www.elsindical.com.ar\/notas\/var\/www\/html\/notas\/wp-content\/uploads\/2021\/06\/Hugo-Mansilla-252x300.jpg 252w\" sizes=\"auto, (max-width: 605px) 100vw, 605px\" \/><\/a><\/figure><\/div>\n\n\n\n<p><strong>Hugo Mansilla tiene 61 a\u00f1os y fue diagnosticado con demencia senil<\/strong>. Su familia est\u00e1 desesperada, sin noticias suyas desde hace nueve d\u00edas cuando se fue a trabajar a la Capital Federal y no regres\u00f3 a su casa. Piden al que tenga datos que los aporte para encontrarlo.<\/p>\n\n\n\n<p>La \u00faltima vez que la familia de Hugo tuvo novedades de \u00e9l fue el martes 15 de junio cuando el hombre sali\u00f3 de su casa en Lan\u00fas Oeste y desde entonces no volvieron a tener contacto con \u00e9l.<\/p>\n\n\n\n<p>\u201cMi t\u00edo es sereno de un edificio en Capital. Ese martes sali\u00f3 de su casa a las cinco de la ma\u00f1ana y ten\u00eda que trabajar hasta el mi\u00e9rcoles a la ma\u00f1ana. \u00c9l ten\u00eda que viajar en el colectivo de la l\u00ednea 128 para volver a la casa y, seg\u00fan nos dijeron, se tom\u00f3 el 178 que va para Capital\u201d, cont\u00f3 Laura, la sobrina del hombre desaparecido.<\/p>\n\n\n\n<p>Laura explic\u00f3 que por la enfermedad que padece su t\u00edo, nuca tuvo problemas y es la primera vez que desaparece. <strong>\u201cDicen que fue visto en Villa Jard\u00edn. Hicimos el recorrido por la villa para encontrarlo hasta lunes, pero no lo pudimos ubicar\u201d, asegur\u00f3.<\/strong><\/p>\n\n\n\n<p>A su vez, la sobrina de Hugo se\u00f1al\u00f3 que el hombre puede estar en provincia o en Capital Federal. <strong>\u201cA mi t\u00eda (esposa de hombre) tambi\u00e9n le dijeron que lo vieron para el lado de Retiro por eso se pidi\u00f3 la c\u00e1mara. En la c\u00e1mara salta que \u00e9l andaba por Retiro donde una se\u00f1ora lo quiso ayudar y sali\u00f3 corriendo\u201d<\/strong>, relat\u00f3.<\/p>\n\n\n\n<p>El hombre de 61 a\u00f1os mide aproximadamente 1,70, es de contextura delgada, tez trigue\u00f1a, tiene ojos marrones y cabello corto. Al momento de su desaparici\u00f3n, vest\u00eda pantal\u00f3n negro, zapatillas bord\u00f3, una campera negra con capucha y una mochila negra. Si tienen alguna informaci\u00f3n llamar 4309-9700 interno 234153 o al 115-821-4001.<\/p>\n","protected":false},"excerpt":{"rendered":"<p>Hugo Mansilla tiene 61 a\u00f1os y fue diagnosticado con demencia senil. Su familia est\u00e1 desesperada, sin noticias suyas desde hace nueve d\u00edas cuando se fue a trabajar a la Capital Federal y no regres\u00f3 a su casa. Piden al que tenga datos que los aporte para encontrarlo. La \u00faltima vez que la familia de Hugo&hellip;<\/p>\n","protected":false},"author":1,"featured_media":105727,"comment_status":"open","ping_status":"open","sticky":false,"template":"","format":"standard","meta":{"footnotes":""},"categories":[26],"tags":[24414,2385,2450,34986,209],"class_list":["post-105726","post","type-post","status-publish","format-standard","has-post-thumbnail","hentry","category-solidaridad","tag-demencia-senil","tag-desaparecido","tag-diario-el-sindical","tag-hugo-mansilla","tag-lanus"],"_links":{"self":[{"href":"https:\/\/www.elsindical.com.ar\/notas\/wp-json\/wp\/v2\/posts\/105726","targetHints":{"allow":["GET"]}}],"collection":[{"href":"https:\/\/www.elsindical.com.ar\/notas\/wp-json\/wp\/v2\/posts"}],"about":[{"href":"https:\/\/www.elsindical.com.ar\/notas\/wp-json\/wp\/v2\/types\/post"}],"author":[{"embeddable":true,"href":"https:\/\/www.elsindical.com.ar\/notas\/wp-json\/wp\/v2\/users\/1"}],"replies":[{"embeddable":true,"href":"https:\/\/www.elsindical.com.ar\/notas\/wp-json\/wp\/v2\/comments?post=105726"}],"version-history":[{"count":1,"href":"https:\/\/www.elsindical.com.ar\/notas\/wp-json\/wp\/v2\/posts\/105726\/revisions"}],"predecessor-version":[{"id":105728,"href":"https:\/\/www.elsindical.com.ar\/notas\/wp-json\/wp\/v2\/posts\/105726\/revisions\/105728"}],"wp:featuredmedia":[{"embeddable":true,"href":"https:\/\/www.elsindical.com.ar\/notas\/wp-json\/wp\/v2\/media\/105727"}],"wp:attachment":[{"href":"https:\/\/www.elsindical.com.ar\/notas\/wp-json\/wp\/v2\/media?parent=105726"}],"wp:term":[{"taxonomy":"category","embeddable":true,"href":"https:\/\/www.elsindical.com.ar\/notas\/wp-json\/wp\/v2\/categories?post=105726"},{"taxonomy":"post_tag","embeddable":true,"href":"https:\/\/www.elsindical.com.ar\/notas\/wp-json\/wp\/v2\/tags?post=105726"}],"curies":[{"name":"wp","href":"https:\/\/api.w.org\/{rel}","templated":true}]}}