{"id":10564,"date":"2010-11-03T00:57:11","date_gmt":"2010-11-03T03:57:11","guid":{"rendered":"http:\/\/www.elsindical.com.ar\/notas\/?p=10564"},"modified":"2010-11-03T00:57:11","modified_gmt":"2010-11-03T03:57:11","slug":"denuncian-que-el-noticiero-de-telefe-esta-invadido-por-producciones-tercerizadas","status":"publish","type":"post","link":"https:\/\/www.elsindical.com.ar\/notas\/denuncian-que-el-noticiero-de-telefe-esta-invadido-por-producciones-tercerizadas\/","title":{"rendered":"Denuncian que el noticiero de Telef\u00e9 est\u00e1 invadido por producciones tercerizadas"},"content":{"rendered":"<p style=\"text-align: justify;\"><em><a href=\"http:\/\/www.elsindical.com.ar\/notas\/var\/www\/html\/notas\/wp-content\/uploads\/2010\/11\/Telefe-Noticias.jpg\"><img loading=\"lazy\" decoding=\"async\" class=\"alignleft size-medium wp-image-10565\" title=\"Telefe-Noticias\" src=\"http:\/\/www.elsindical.com.ar\/notas\/var\/www\/html\/notas\/wp-content\/uploads\/2010\/11\/Telefe-Noticias-300x138.jpg\" alt=\"\" width=\"300\" height=\"138\" srcset=\"https:\/\/www.elsindical.com.ar\/notas\/var\/www\/html\/notas\/wp-content\/uploads\/2010\/11\/Telefe-Noticias-300x138.jpg 300w, https:\/\/www.elsindical.com.ar\/notas\/var\/www\/html\/notas\/wp-content\/uploads\/2010\/11\/Telefe-Noticias.jpg 325w\" sizes=\"auto, (max-width: 300px) 100vw, 300px\" \/><\/a>La Uni\u00f3n de Trabajadores de prensa de Buenos Aires (UTPBA), junto a la Comisi\u00f3n Interna de los Trabajadores de Prensa de Telef\u00e9, denunci\u00f3 que el canal terceriza la producci\u00f3n period\u00edstica en las ediciones del noticiero.<\/em><\/p>\n<p style=\"text-align: justify;\">Los informes especiales emitidos fuera de la regulaci\u00f3n y protecci\u00f3n del Convenio Colectivo de Trabajo 124\/75 y del Estatuto del Periodista son una modalidad implementada -unilateralmente- por los directivos del canal de aire y se increment\u00f3 de manera alarmante en el transcurso de los \u00faltimos meses, sostuvo la UTPBA a trav\u00e9s de un comunicado.<\/p>\n<p style=\"text-align: justify;\">La situaci\u00f3n se agrava en el marco de las denuncias realizadas desde hace doce meses por la representaci\u00f3n gremial ante el Ministerio de Trabajo, donde se describieron un conjunto de irregularidades e incumplimientos al Convenio de Prensa Televisada vigente.<\/p>\n<p style=\"text-align: justify;\">Cerca de una decena de encuentros tuvieron lugar en el \u00e1mbito ministerial o en la sede patronal, y a pesar de las expresiones vertidas por la empresa en el sentido que dar\u00eda una respuesta al reclamo de los trabajadores, seg\u00fan el gremio el panorama empeora y crecen las irregularidades.<\/p>\n<p style=\"text-align: justify;\">Los trabajadores de prensa del Telef\u00e9, su Comisi\u00f3n Interna y la UTPBA analizan los pasos a seguir si en las pr\u00f3ximas reuniones pautadas la empresa no brinda una soluci\u00f3n definitiva, convencidos que deben respetarse todas y cada una de las leyes que protegen el desarrollo de nuestras tareas laborales y profesionales.<\/p>\n","protected":false},"excerpt":{"rendered":"<p>La Uni\u00f3n de Trabajadores de prensa de Buenos Aires (UTPBA), junto a la Comisi\u00f3n Interna de los Trabajadores de Prensa de Telef\u00e9, denunci\u00f3 que el canal terceriza la producci\u00f3n period\u00edstica en las ediciones del noticiero. Los informes especiales emitidos fuera de la regulaci\u00f3n y protecci\u00f3n del Convenio Colectivo de Trabajo 124\/75 y del Estatuto del&hellip;<\/p>\n","protected":false},"author":1,"featured_media":0,"comment_status":"open","ping_status":"open","sticky":false,"template":"","format":"standard","meta":{"footnotes":""},"categories":[6],"tags":[175,5037,90,3226,125,3508],"class_list":["post-10564","post","type-post","status-publish","format-standard","hentry","category-denuncias","tag-denuncia","tag-noticiero","tag-prensa","tag-telefe","tag-trabajadores","tag-utpba"],"_links":{"self":[{"href":"https:\/\/www.elsindical.com.ar\/notas\/wp-json\/wp\/v2\/posts\/10564","targetHints":{"allow":["GET"]}}],"collection":[{"href":"https:\/\/www.elsindical.com.ar\/notas\/wp-json\/wp\/v2\/posts"}],"about":[{"href":"https:\/\/www.elsindical.com.ar\/notas\/wp-json\/wp\/v2\/types\/post"}],"author":[{"embeddable":true,"href":"https:\/\/www.elsindical.com.ar\/notas\/wp-json\/wp\/v2\/users\/1"}],"replies":[{"embeddable":true,"href":"https:\/\/www.elsindical.com.ar\/notas\/wp-json\/wp\/v2\/comments?post=10564"}],"version-history":[{"count":1,"href":"https:\/\/www.elsindical.com.ar\/notas\/wp-json\/wp\/v2\/posts\/10564\/revisions"}],"predecessor-version":[{"id":10566,"href":"https:\/\/www.elsindical.com.ar\/notas\/wp-json\/wp\/v2\/posts\/10564\/revisions\/10566"}],"wp:attachment":[{"href":"https:\/\/www.elsindical.com.ar\/notas\/wp-json\/wp\/v2\/media?parent=10564"}],"wp:term":[{"taxonomy":"category","embeddable":true,"href":"https:\/\/www.elsindical.com.ar\/notas\/wp-json\/wp\/v2\/categories?post=10564"},{"taxonomy":"post_tag","embeddable":true,"href":"https:\/\/www.elsindical.com.ar\/notas\/wp-json\/wp\/v2\/tags?post=10564"}],"curies":[{"name":"wp","href":"https:\/\/api.w.org\/{rel}","templated":true}]}}