{"id":10562,"date":"2010-11-03T00:52:36","date_gmt":"2010-11-03T03:52:36","guid":{"rendered":"http:\/\/www.elsindical.com.ar\/notas\/?p=10562"},"modified":"2010-11-03T00:52:36","modified_gmt":"2010-11-03T03:52:36","slug":"micheli-considero-que-el-gobierno-intervino-a-la-cta","status":"publish","type":"post","link":"https:\/\/www.elsindical.com.ar\/notas\/micheli-considero-que-el-gobierno-intervino-a-la-cta\/","title":{"rendered":"Micheli consider\u00f3 que el Gobierno intervino a la CTA"},"content":{"rendered":"<p style=\"text-align: justify;\"><em><a href=\"http:\/\/www.elsindical.com.ar\/notas\/var\/www\/html\/notas\/wp-content\/uploads\/2010\/07\/Pablo-Micheli.jpg\"><img loading=\"lazy\" decoding=\"async\" class=\"alignleft size-full wp-image-8202\" title=\"Pablo-Micheli\" src=\"http:\/\/www.elsindical.com.ar\/notas\/var\/www\/html\/notas\/wp-content\/uploads\/2010\/07\/Pablo-Micheli.jpg\" alt=\"\" width=\"251\" height=\"195\" \/><\/a>El candidato a secretario general de la CTA, Pablo Micheli, denunci\u00f3 que el Ministerio de Trabajo prorrog\u00f3 el mandato de Hugo Yasky al frente de la central, que hab\u00eda vencido el pasado 30 de septiembre, y\u00a0 consider\u00f3 al hecho como \u00abuna intervenci\u00f3n\u00bb.<\/em><\/p>\n<p style=\"text-align: justify;\">\u00abCon esta actitud se est\u00e1n violando los acuerdos preexistentes de no recurrir ni al Ministerio de Trabajo de la Naci\u00f3n ni a la Justicia para resolver las elecciones de la Central de Trabajadores de la Argentina que es aut\u00f3noma del Estado, los Gobiernos y los partidos pol\u00edticos\u00bb asegur\u00f3 Pablo Micheli mediante un comunicado.<\/p>\n<p style=\"text-align: justify;\">\u00a0Micheli y los candidatos de su lista brindar\u00e1n a partir de las 17.00 una conferencia de prensa en la sede de ATE nacional, en la Avenida Belgrano al 2.500 para ampliar las denuncias en torno a la presunta intervenci\u00f3n de la cartera laboral sobre la central disidente.<\/p>\n<p style=\"text-align: justify;\">Esto se produce mientras se mantiene la indefinici\u00f3n en torno al ganador de los comicios de la CTA realizados el 23 de septiembre, que en un primer momento arroj\u00f3 ganador a Micheli, pero luego el Comit\u00e9 Arbitral de la central impugn\u00f3 las elecciones en tres provincias y orden\u00f3 volver a votar en esos distritos.<\/p>\n<p style=\"text-align: justify;\">En ese sentido Micheli ratific\u00f3 la intenci\u00f3n de su lista de convocar a elecciones complementarias \u00abpara el pr\u00f3ximo 24 de noviembre en las provincias de Misiones, Mendoza y Tucum\u00e1n como en 50 mesas electorales en el resto del pa\u00eds\u00bb donde tambi\u00e9n los comicios fueron impugnados.<\/p>\n<p style=\"text-align: justify;\">Por su parte, Yasky se mostr\u00f3 en contra de fijar esa fecha para los comicios complementarios y pidi\u00f3 que se realicen \u00aba principios de diciembre, para que haya tiempo para ordenar los padrones y no se produzcan nuevas maniobras fraudulentas\u00bb, seg\u00fan indic\u00f3.<\/p>\n","protected":false},"excerpt":{"rendered":"<p>El candidato a secretario general de la CTA, Pablo Micheli, denunci\u00f3 que el Ministerio de Trabajo prorrog\u00f3 el mandato de Hugo Yasky al frente de la central, que hab\u00eda vencido el pasado 30 de septiembre, y\u00a0 consider\u00f3 al hecho como \u00abuna intervenci\u00f3n\u00bb. \u00abCon esta actitud se est\u00e1n violando los acuerdos preexistentes de no recurrir ni&hellip;<\/p>\n","protected":false},"author":1,"featured_media":0,"comment_status":"open","ping_status":"open","sticky":false,"template":"","format":"standard","meta":{"footnotes":""},"categories":[16],"tags":[184,375,4717,158,4023],"class_list":["post-10562","post","type-post","status-publish","format-standard","hentry","category-gremiales","tag-cta","tag-gobierno","tag-hugo-yasky","tag-intervencion","tag-pablo-micheli"],"_links":{"self":[{"href":"https:\/\/www.elsindical.com.ar\/notas\/wp-json\/wp\/v2\/posts\/10562","targetHints":{"allow":["GET"]}}],"collection":[{"href":"https:\/\/www.elsindical.com.ar\/notas\/wp-json\/wp\/v2\/posts"}],"about":[{"href":"https:\/\/www.elsindical.com.ar\/notas\/wp-json\/wp\/v2\/types\/post"}],"author":[{"embeddable":true,"href":"https:\/\/www.elsindical.com.ar\/notas\/wp-json\/wp\/v2\/users\/1"}],"replies":[{"embeddable":true,"href":"https:\/\/www.elsindical.com.ar\/notas\/wp-json\/wp\/v2\/comments?post=10562"}],"version-history":[{"count":1,"href":"https:\/\/www.elsindical.com.ar\/notas\/wp-json\/wp\/v2\/posts\/10562\/revisions"}],"predecessor-version":[{"id":10563,"href":"https:\/\/www.elsindical.com.ar\/notas\/wp-json\/wp\/v2\/posts\/10562\/revisions\/10563"}],"wp:attachment":[{"href":"https:\/\/www.elsindical.com.ar\/notas\/wp-json\/wp\/v2\/media?parent=10562"}],"wp:term":[{"taxonomy":"category","embeddable":true,"href":"https:\/\/www.elsindical.com.ar\/notas\/wp-json\/wp\/v2\/categories?post=10562"},{"taxonomy":"post_tag","embeddable":true,"href":"https:\/\/www.elsindical.com.ar\/notas\/wp-json\/wp\/v2\/tags?post=10562"}],"curies":[{"name":"wp","href":"https:\/\/api.w.org\/{rel}","templated":true}]}}