{"id":105585,"date":"2021-06-18T11:57:57","date_gmt":"2021-06-18T14:57:57","guid":{"rendered":"https:\/\/www.elsindical.com.ar\/notas\/?p=105585"},"modified":"2021-06-18T11:57:58","modified_gmt":"2021-06-18T14:57:58","slug":"aberrante-el-intendente-de-lincoln-se-llevo-un-respirador-del-municipio-a-la-clinica-privada-donde-esta-internado-por-covid-19","status":"publish","type":"post","link":"https:\/\/www.elsindical.com.ar\/notas\/aberrante-el-intendente-de-lincoln-se-llevo-un-respirador-del-municipio-a-la-clinica-privada-donde-esta-internado-por-covid-19\/","title":{"rendered":"Aberrante: El intendente de Lincoln se llev\u00f3 un respirador del municipio a la cl\u00ednica privada donde est\u00e1 internado por COVID-19"},"content":{"rendered":"\n<figure class=\"wp-block-image size-large\"><a href=\"https:\/\/www.elsindical.com.ar\/notas\/var\/www\/html\/notas\/wp-content\/uploads\/2021\/06\/Salvador-Serenal.jpg\"><img loading=\"lazy\" decoding=\"async\" width=\"1024\" height=\"683\" src=\"https:\/\/www.elsindical.com.ar\/notas\/var\/www\/html\/notas\/wp-content\/uploads\/2021\/06\/Salvador-Serenal-1024x683.jpg\" alt=\"\" class=\"wp-image-105586\" srcset=\"https:\/\/www.elsindical.com.ar\/notas\/var\/www\/html\/notas\/wp-content\/uploads\/2021\/06\/Salvador-Serenal-1024x683.jpg 1024w, https:\/\/www.elsindical.com.ar\/notas\/var\/www\/html\/notas\/wp-content\/uploads\/2021\/06\/Salvador-Serenal-300x200.jpg 300w, https:\/\/www.elsindical.com.ar\/notas\/var\/www\/html\/notas\/wp-content\/uploads\/2021\/06\/Salvador-Serenal-768x512.jpg 768w, https:\/\/www.elsindical.com.ar\/notas\/var\/www\/html\/notas\/wp-content\/uploads\/2021\/06\/Salvador-Serenal-450x300.jpg 450w, https:\/\/www.elsindical.com.ar\/notas\/var\/www\/html\/notas\/wp-content\/uploads\/2021\/06\/Salvador-Serenal.jpg 1170w\" sizes=\"auto, (max-width: 1024px) 100vw, 1024px\" \/><\/a><\/figure>\n\n\n\n<p>El mandatario de Juntos por el Cambio atraviesa un cuadro de coronavirus y su familia decidi\u00f3 que sea tratado en la ciudad vecina de Jun\u00edn. Ante esto, decidi\u00f3 sacar un respirador del lugar que lidera. Ser\u00e1 denunciado por la oposici\u00f3n.<\/p>\n\n\n\n<p>Concejales del <strong>Frente de Todos<\/strong> de la ciudad bonaerense de <strong>Lincoln<\/strong> denunciar\u00e1n penalmente al intendente local, <strong>Salvador Serenal<\/strong> <strong>(Juntos por el Cambio)<\/strong>, quien fue trasladado a <strong>Jun\u00edn<\/strong> por su cuadro de coronavirus con un respirador del hospital municipal debido a que la cl\u00ednica <strong>privada en la que se lo intern\u00f3 no contaba con ese insumo.<\/strong><br><br><strong>El concejal Juan Pezzi<\/strong> calific\u00f3 de <strong>\u00abrepudiable\u00bb<\/strong> la conducta asumida por el jefe comunal y adelant\u00f3 que presentar\u00e1n una denuncia penal para que se investigue si cometi\u00f3 alg\u00fan delito al utilizar un bien p\u00fablico para uso personal.<br><br>Serenal, que estaba internado en el Hospital Municipal de Lincoln, <strong>fue trasladado el martes a una cl\u00ednica privada de Jun\u00edn de mayor complejidad con un respirador del centro asistencial local por si su cuadro m\u00e9dico lo requer\u00eda,<\/strong> seg\u00fan admiti\u00f3 el secretario de Salud de la municipalidad, Sergio Lorenzo.<br><br><strong>\u00abEl intendente cursaba su enfermedad de coronavirus en su domicilio, pero su estado pas\u00f3 de leve a moderado y se resolvi\u00f3 internarlo en el hospital municipal pero por ser diab\u00e9tico e hipertenso la familia decidi\u00f3 trasladarlo a una cl\u00ednica de mayor complejidad en Jun\u00edn<\/strong>\u00ab, explic\u00f3 el funcionario.<br><br>Precis\u00f3 que como la cl\u00ednica \u00ab<strong>La Peque\u00f1a Familia\u00bb de Jun\u00edn<\/strong> \u00abno ten\u00eda respiradores disponibles y su cuadro m\u00e9dico pod\u00eda indicar que lo requiriera, se lo traslad\u00f3 con un respirador del hospital municipal\u00bb.<br><br>Pezzi asegur\u00f3\u00a0que la actitud del intendente \u00ab<strong>es repudiable porque no se pueden utilizar los recursos p\u00fablicos para uso personal\u00bb.<\/strong><\/p>\n\n\n\n<p><strong>\u00abCuando uno presta insumos sanitarios a otras instituciones lo hace bajo un protocolo y para que est\u00e9n a disposici\u00f3n de la comunidad, no de una persona en especial\u00bb<\/strong>, grafic\u00f3.<br><br>Sostuvo que en este caso <strong>\u00abes a\u00fan m\u00e1s grave porque el respirador, que es un bien escaso en la pandemia, se llev\u00f3 por las dudas<\/strong>\u00bb y cuestion\u00f3 que el jefe comunal haya sido trasladado a Jun\u00edn \u00abporque demuestra que no conf\u00eda en su propio sistema sanitario\u00bb.<br><br>Para el secretario de Salud, <strong>\u00abes una pr\u00e1ctica habitual cuando se deriva pacientes a Jun\u00edn que se presten respiradores infantiles o incubadoras\u00bb<\/strong> y asegur\u00f3 que en ese momento \u00abde los nueve respiradores con que cuenta el hospital s\u00f3lo estaban ocupados tres\u00bb.<br><br>\u00abNunca se puso en peligro la disposici\u00f3n de respiradores y quienes trabajamos en el sistema de salud sabemos que es algo habitual. <strong>De hecho el intendente mejor\u00f3 en su estado de salud y el respirador ya est\u00e1 de vuelta en Lincoln\u00bb<\/strong>, sostuvo.<\/p>\n\n\n\n<p>Lorenzo record\u00f3 adem\u00e1s que el padre de Serenal falleci\u00f3 por coronavirus, que sus hermanos tambi\u00e9n est\u00e1n infectados y que<strong> \u00abpese a que \u00e9l quer\u00eda quedarse en el hospital municipal la familia resolvi\u00f3 que se lo traslade a Jun\u00edn a una cl\u00ednica de mayor complejidad\u00bb.<\/strong><br><br>Seg\u00fan el \u00faltimo parte m\u00e9dico, Salvador Serenal permanece estable y sin nuevas complicaciones en su cuadro de Covid-19 y se encuentra cursando el d\u00eda 12 desde que fue diagnosticado con la enfermedad.<\/p>\n","protected":false},"excerpt":{"rendered":"<p>El mandatario de Juntos por el Cambio atraviesa un cuadro de coronavirus y su familia decidi\u00f3 que sea tratado en la ciudad vecina de Jun\u00edn. Ante esto, decidi\u00f3 sacar un respirador del lugar que lidera. Ser\u00e1 denunciado por la oposici\u00f3n. Concejales del Frente de Todos de la ciudad bonaerense de Lincoln denunciar\u00e1n penalmente al intendente&hellip;<\/p>\n","protected":false},"author":1,"featured_media":105586,"comment_status":"open","ping_status":"open","sticky":false,"template":"","format":"standard","meta":{"footnotes":""},"categories":[13],"tags":[1451,32627,2450,7748,31166,9148,446,34960],"class_list":["post-105585","post","type-post","status-publish","format-standard","has-post-thumbnail","hentry","category-politica","tag-corrupcion","tag-covid-19","tag-diario-el-sindical","tag-junin","tag-juntos-por-el-cambio","tag-lincoln","tag-respirador","tag-salvador-serenal"],"_links":{"self":[{"href":"https:\/\/www.elsindical.com.ar\/notas\/wp-json\/wp\/v2\/posts\/105585","targetHints":{"allow":["GET"]}}],"collection":[{"href":"https:\/\/www.elsindical.com.ar\/notas\/wp-json\/wp\/v2\/posts"}],"about":[{"href":"https:\/\/www.elsindical.com.ar\/notas\/wp-json\/wp\/v2\/types\/post"}],"author":[{"embeddable":true,"href":"https:\/\/www.elsindical.com.ar\/notas\/wp-json\/wp\/v2\/users\/1"}],"replies":[{"embeddable":true,"href":"https:\/\/www.elsindical.com.ar\/notas\/wp-json\/wp\/v2\/comments?post=105585"}],"version-history":[{"count":1,"href":"https:\/\/www.elsindical.com.ar\/notas\/wp-json\/wp\/v2\/posts\/105585\/revisions"}],"predecessor-version":[{"id":105587,"href":"https:\/\/www.elsindical.com.ar\/notas\/wp-json\/wp\/v2\/posts\/105585\/revisions\/105587"}],"wp:featuredmedia":[{"embeddable":true,"href":"https:\/\/www.elsindical.com.ar\/notas\/wp-json\/wp\/v2\/media\/105586"}],"wp:attachment":[{"href":"https:\/\/www.elsindical.com.ar\/notas\/wp-json\/wp\/v2\/media?parent=105585"}],"wp:term":[{"taxonomy":"category","embeddable":true,"href":"https:\/\/www.elsindical.com.ar\/notas\/wp-json\/wp\/v2\/categories?post=105585"},{"taxonomy":"post_tag","embeddable":true,"href":"https:\/\/www.elsindical.com.ar\/notas\/wp-json\/wp\/v2\/tags?post=105585"}],"curies":[{"name":"wp","href":"https:\/\/api.w.org\/{rel}","templated":true}]}}