{"id":105533,"date":"2021-06-17T10:46:48","date_gmt":"2021-06-17T13:46:48","guid":{"rendered":"https:\/\/www.elsindical.com.ar\/notas\/?p=105533"},"modified":"2021-06-17T10:46:49","modified_gmt":"2021-06-17T13:46:49","slug":"reabrio-la-salada","status":"publish","type":"post","link":"https:\/\/www.elsindical.com.ar\/notas\/reabrio-la-salada\/","title":{"rendered":"Reabri\u00f3 La Salada"},"content":{"rendered":"\n<figure class=\"wp-block-image size-large\"><a href=\"https:\/\/www.elsindical.com.ar\/notas\/var\/www\/html\/notas\/wp-content\/uploads\/2021\/06\/puestos-de-La-Salada.jpg\"><img loading=\"lazy\" decoding=\"async\" width=\"800\" height=\"420\" src=\"https:\/\/www.elsindical.com.ar\/notas\/var\/www\/html\/notas\/wp-content\/uploads\/2021\/06\/puestos-de-La-Salada.jpg\" alt=\"\" class=\"wp-image-105534\" srcset=\"https:\/\/www.elsindical.com.ar\/notas\/var\/www\/html\/notas\/wp-content\/uploads\/2021\/06\/puestos-de-La-Salada.jpg 800w, https:\/\/www.elsindical.com.ar\/notas\/var\/www\/html\/notas\/wp-content\/uploads\/2021\/06\/puestos-de-La-Salada-300x158.jpg 300w, https:\/\/www.elsindical.com.ar\/notas\/var\/www\/html\/notas\/wp-content\/uploads\/2021\/06\/puestos-de-La-Salada-768x403.jpg 768w, https:\/\/www.elsindical.com.ar\/notas\/var\/www\/html\/notas\/wp-content\/uploads\/2021\/06\/puestos-de-La-Salada-500x263.jpg 500w\" sizes=\"auto, (max-width: 800px) 100vw, 800px\" \/><\/a><\/figure>\n\n\n\n<p>Las ferias Urkupi\u00f1a y Punta Mogotes, los dos principales paseos de compras de La Salada, reabrieron esta semana martes sus puertas luego de las restricciones, con lo que se reactiv\u00f3 la actividad de miles de feriantes que dependen de esa actividad.<\/p>\n\n\n\n<p>La feria Urkupi\u00f1a S.A abri\u00f3 este lunes y lo har\u00e1 tambi\u00e9n los mi\u00e9rcoles y s\u00e1bados de 8 a 14 hs. Se trata de un horario m\u00e1s restringido que el tradicional que se extend\u00eda por m\u00e1s de 8 horas.<\/p>\n\n\n\n<p>Desde la feria anunciaron la obligatoriedad del uso de barbijo, el control de temperatura en el ingreso y el distanciamiento social dentro del predio.<\/p>\n\n\n\n<p>El Paseo de Compras Punta Mogotes abre los mismos d\u00edas pero una hora m\u00e1s: de 8 a 15 hs. En la previa del&nbsp; D\u00eda del Padre, los feriantes esperan poder empezar a recuperar las ventas que no tuvieron durante las restricciones por el coronavirus.<\/p>\n\n\n\n<p>Cabe recordar que hace algunas semanas, los feriantes se manifestaron en reclamo de las reaperturas de los complejos de venta en La Salada. En esa oportunidad intentaron cortar el Puente La Noria pero la Polic\u00edas se los impidi\u00f3.<\/p>\n","protected":false},"excerpt":{"rendered":"<p>Las ferias Urkupi\u00f1a y Punta Mogotes, los dos principales paseos de compras de La Salada, reabrieron esta semana martes sus puertas luego de las restricciones, con lo que se reactiv\u00f3 la actividad de miles de feriantes que dependen de esa actividad. La feria Urkupi\u00f1a S.A abri\u00f3 este lunes y lo har\u00e1 tambi\u00e9n los mi\u00e9rcoles y&hellip;<\/p>\n","protected":false},"author":1,"featured_media":105534,"comment_status":"open","ping_status":"open","sticky":false,"template":"","format":"standard","meta":{"footnotes":""},"categories":[25],"tags":[18139,2841,744,34943,18088,6129,21376],"class_list":["post-105533","post","type-post","status-publish","format-standard","has-post-thumbnail","hentry","category-sociedad","tag-diario-el-sol","tag-la-salada","tag-lomas-de-zamora","tag-paseos-de-compras","tag-puente-la-noria","tag-punta-mogotes","tag-urkupina"],"_links":{"self":[{"href":"https:\/\/www.elsindical.com.ar\/notas\/wp-json\/wp\/v2\/posts\/105533","targetHints":{"allow":["GET"]}}],"collection":[{"href":"https:\/\/www.elsindical.com.ar\/notas\/wp-json\/wp\/v2\/posts"}],"about":[{"href":"https:\/\/www.elsindical.com.ar\/notas\/wp-json\/wp\/v2\/types\/post"}],"author":[{"embeddable":true,"href":"https:\/\/www.elsindical.com.ar\/notas\/wp-json\/wp\/v2\/users\/1"}],"replies":[{"embeddable":true,"href":"https:\/\/www.elsindical.com.ar\/notas\/wp-json\/wp\/v2\/comments?post=105533"}],"version-history":[{"count":1,"href":"https:\/\/www.elsindical.com.ar\/notas\/wp-json\/wp\/v2\/posts\/105533\/revisions"}],"predecessor-version":[{"id":105535,"href":"https:\/\/www.elsindical.com.ar\/notas\/wp-json\/wp\/v2\/posts\/105533\/revisions\/105535"}],"wp:featuredmedia":[{"embeddable":true,"href":"https:\/\/www.elsindical.com.ar\/notas\/wp-json\/wp\/v2\/media\/105534"}],"wp:attachment":[{"href":"https:\/\/www.elsindical.com.ar\/notas\/wp-json\/wp\/v2\/media?parent=105533"}],"wp:term":[{"taxonomy":"category","embeddable":true,"href":"https:\/\/www.elsindical.com.ar\/notas\/wp-json\/wp\/v2\/categories?post=105533"},{"taxonomy":"post_tag","embeddable":true,"href":"https:\/\/www.elsindical.com.ar\/notas\/wp-json\/wp\/v2\/tags?post=105533"}],"curies":[{"name":"wp","href":"https:\/\/api.w.org\/{rel}","templated":true}]}}