{"id":105470,"date":"2021-06-14T14:36:25","date_gmt":"2021-06-14T17:36:25","guid":{"rendered":"https:\/\/www.elsindical.com.ar\/notas\/?p=105470"},"modified":"2021-06-14T14:36:27","modified_gmt":"2021-06-14T17:36:27","slug":"trata-de-personas-en-avellaneda-allanamientos-de-la-pfa","status":"publish","type":"post","link":"https:\/\/www.elsindical.com.ar\/notas\/trata-de-personas-en-avellaneda-allanamientos-de-la-pfa\/","title":{"rendered":"Trata de personas en Avellaneda, allanamientos de la PFA"},"content":{"rendered":"\n<figure class=\"wp-block-image size-large\"><a href=\"https:\/\/www.elsindical.com.ar\/notas\/var\/www\/html\/notas\/wp-content\/uploads\/2021\/06\/Trata-en-Avellaneda-1.jpg\"><img loading=\"lazy\" decoding=\"async\" width=\"1024\" height=\"655\" src=\"https:\/\/www.elsindical.com.ar\/notas\/var\/www\/html\/notas\/wp-content\/uploads\/2021\/06\/Trata-en-Avellaneda-1.jpg\" alt=\"\" class=\"wp-image-105471\" srcset=\"https:\/\/www.elsindical.com.ar\/notas\/var\/www\/html\/notas\/wp-content\/uploads\/2021\/06\/Trata-en-Avellaneda-1.jpg 1024w, https:\/\/www.elsindical.com.ar\/notas\/var\/www\/html\/notas\/wp-content\/uploads\/2021\/06\/Trata-en-Avellaneda-1-300x192.jpg 300w, https:\/\/www.elsindical.com.ar\/notas\/var\/www\/html\/notas\/wp-content\/uploads\/2021\/06\/Trata-en-Avellaneda-1-768x491.jpg 768w, https:\/\/www.elsindical.com.ar\/notas\/var\/www\/html\/notas\/wp-content\/uploads\/2021\/06\/Trata-en-Avellaneda-1-469x300.jpg 469w\" sizes=\"auto, (max-width: 1024px) 100vw, 1024px\" \/><\/a><\/figure>\n\n\n\n<p class=\"wp-block-paragraph\">En el marco de directivas dispuestas por el Ministerio de Seguridad de la Naci\u00f3n para prevenir los delitos complejos, uno de cuyos m\u00e1s graves lo constituye la trata de personas, agentes de la Unidad Operativa Federal Avellaneda de PFA allanaron tres domicilios y rescataron a tres mujeres v\u00edctimas de explotaci\u00f3n sexual en las localidades bonaerenses de Villa Dominico y Wilde.<\/p>\n\n\n\n<p class=\"wp-block-paragraph\">El operativo se dio tras una importante investigaci\u00f3n realizada por las y los efectivos policiales, quienes lograron determinar maniobras vinculadas a la prostituci\u00f3n realizadas en tres viviendas de la localidad de Avellaneda. Dicha investigaci\u00f3n sigui\u00f3 los protocolos de cuidado espec\u00edfico que ata\u00f1en a este tipo de delito. <\/p>\n\n\n\n<p class=\"wp-block-paragraph\">El delito de trata de personas, como ha manifestado la ministra Frederic, constituye un delito complejo que requiere de investigaciones criminales como el llevado a cabo por la PFA y que debe articular varias agencias del Estado para su neutralizaci\u00f3n.<\/p>\n\n\n\n<p class=\"wp-block-paragraph\">De all\u00ed que, con el material probatorio obtenido, el Juzgado de Garant\u00edas N\u00ba 1, a cargo de la Dra. Brenda Madrid, orden\u00f3 el allanamiento en forma simult\u00e1nea de los tres domicilios, dos de ellos ubicados en Villa Dominico y uno en Wilde, donde se logr\u00f3 rescatar a las tres mujeres que se encontraban forzadas a ejercer la prostituci\u00f3n y, adem\u00e1s, estaban en condiciones de una extrema vulnerabilidad debido a que eran sometidas y regenteadas por una pareja que qued\u00f3 detenida.<\/p>\n\n\n\n<p class=\"wp-block-paragraph\">Durante el procedimiento, adem\u00e1s, se secuestraron varios tel\u00e9fonos celulares, dinero en efectivo y documentaci\u00f3n que acreditaba el tipo de delito que se estaba investigando.<\/p>\n\n\n\n<p class=\"wp-block-paragraph\">Cabe destacar que, desde el mismo momento en que fueron rescatadas, las mujeres fueron acompa\u00f1adas por Personal del Programa Nacional de Rescate y Acompa\u00f1amiento a las Personas Damnificadas por el Delito de Trata, dependiente del Ministerio de Seguridad de la provincia de Buenos Aires.<\/p>\n\n\n\n<p class=\"wp-block-paragraph\">La pareja detenida, junto con los elementos secuestrados, quedaron a disposici\u00f3n del magistrado interventor en la causa por infracci\u00f3n a la Ley de \u201cExplotaci\u00f3n Econ\u00f3mica del ejercicio de la Prostituci\u00f3n\u201d.<\/p>\n\n\n\n<figure class=\"wp-block-image size-large\"><a href=\"https:\/\/www.elsindical.com.ar\/notas\/var\/www\/html\/notas\/wp-content\/uploads\/2021\/06\/Trata-en-Avellaneda-2.jpg\"><img loading=\"lazy\" decoding=\"async\" width=\"1024\" height=\"851\" src=\"https:\/\/www.elsindical.com.ar\/notas\/var\/www\/html\/notas\/wp-content\/uploads\/2021\/06\/Trata-en-Avellaneda-2.jpg\" alt=\"\" class=\"wp-image-105472\" srcset=\"https:\/\/www.elsindical.com.ar\/notas\/var\/www\/html\/notas\/wp-content\/uploads\/2021\/06\/Trata-en-Avellaneda-2.jpg 1024w, https:\/\/www.elsindical.com.ar\/notas\/var\/www\/html\/notas\/wp-content\/uploads\/2021\/06\/Trata-en-Avellaneda-2-300x249.jpg 300w, https:\/\/www.elsindical.com.ar\/notas\/var\/www\/html\/notas\/wp-content\/uploads\/2021\/06\/Trata-en-Avellaneda-2-768x638.jpg 768w, https:\/\/www.elsindical.com.ar\/notas\/var\/www\/html\/notas\/wp-content\/uploads\/2021\/06\/Trata-en-Avellaneda-2-361x300.jpg 361w\" sizes=\"auto, (max-width: 1024px) 100vw, 1024px\" \/><\/a><\/figure>\n","protected":false},"excerpt":{"rendered":"<p>En el marco de directivas dispuestas por el Ministerio de Seguridad de la Naci\u00f3n para prevenir los delitos complejos, uno de cuyos m\u00e1s graves lo constituye la trata de personas, agentes de la Unidad Operativa Federal Avellaneda de PFA allanaron tres domicilios y rescataron a tres mujeres v\u00edctimas de explotaci\u00f3n sexual en las localidades bonaerenses&hellip;<\/p>\n","protected":false},"author":1,"featured_media":105471,"comment_status":"open","ping_status":"open","sticky":false,"template":"","format":"standard","meta":{"footnotes":""},"categories":[22],"tags":[461,2450,698,491,315,2372,882],"class_list":["post-105470","post","type-post","status-publish","format-standard","has-post-thumbnail","hentry","category-policiales","tag-avellaneda","tag-diario-el-sindical","tag-pfa","tag-prostitucion","tag-trata-de-personas","tag-villa-dominico","tag-wilde"],"_links":{"self":[{"href":"https:\/\/www.elsindical.com.ar\/notas\/wp-json\/wp\/v2\/posts\/105470","targetHints":{"allow":["GET"]}}],"collection":[{"href":"https:\/\/www.elsindical.com.ar\/notas\/wp-json\/wp\/v2\/posts"}],"about":[{"href":"https:\/\/www.elsindical.com.ar\/notas\/wp-json\/wp\/v2\/types\/post"}],"author":[{"embeddable":true,"href":"https:\/\/www.elsindical.com.ar\/notas\/wp-json\/wp\/v2\/users\/1"}],"replies":[{"embeddable":true,"href":"https:\/\/www.elsindical.com.ar\/notas\/wp-json\/wp\/v2\/comments?post=105470"}],"version-history":[{"count":1,"href":"https:\/\/www.elsindical.com.ar\/notas\/wp-json\/wp\/v2\/posts\/105470\/revisions"}],"predecessor-version":[{"id":105473,"href":"https:\/\/www.elsindical.com.ar\/notas\/wp-json\/wp\/v2\/posts\/105470\/revisions\/105473"}],"wp:featuredmedia":[{"embeddable":true,"href":"https:\/\/www.elsindical.com.ar\/notas\/wp-json\/wp\/v2\/media\/105471"}],"wp:attachment":[{"href":"https:\/\/www.elsindical.com.ar\/notas\/wp-json\/wp\/v2\/media?parent=105470"}],"wp:term":[{"taxonomy":"category","embeddable":true,"href":"https:\/\/www.elsindical.com.ar\/notas\/wp-json\/wp\/v2\/categories?post=105470"},{"taxonomy":"post_tag","embeddable":true,"href":"https:\/\/www.elsindical.com.ar\/notas\/wp-json\/wp\/v2\/tags?post=105470"}],"curies":[{"name":"wp","href":"https:\/\/api.w.org\/{rel}","templated":true}]}}