{"id":105434,"date":"2021-06-13T00:33:49","date_gmt":"2021-06-13T03:33:49","guid":{"rendered":"https:\/\/www.elsindical.com.ar\/notas\/?p=105434"},"modified":"2021-06-13T00:33:50","modified_gmt":"2021-06-13T03:33:50","slug":"asociacion-judicial-bonaerense-violencia-laboral-apartada-de-su-cargo-por-violenta","status":"publish","type":"post","link":"https:\/\/www.elsindical.com.ar\/notas\/asociacion-judicial-bonaerense-violencia-laboral-apartada-de-su-cargo-por-violenta\/","title":{"rendered":"Asociaci\u00f3n Judicial Bonaerense: VIOLENCIA LABORAL &#8211; Apartada de su cargo por violenta"},"content":{"rendered":"\n<div class=\"wp-block-image\"><figure class=\"aligncenter size-large is-resized\"><a href=\"https:\/\/www.elsindical.com.ar\/notas\/var\/www\/html\/notas\/wp-content\/uploads\/2021\/06\/bigliardi-CCH.jpg\"><img loading=\"lazy\" decoding=\"async\" src=\"https:\/\/www.elsindical.com.ar\/notas\/var\/www\/html\/notas\/wp-content\/uploads\/2021\/06\/bigliardi-CCH.jpg\" alt=\"\" class=\"wp-image-105435\" width=\"673\" height=\"320\" srcset=\"https:\/\/www.elsindical.com.ar\/notas\/var\/www\/html\/notas\/wp-content\/uploads\/2021\/06\/bigliardi-CCH.jpg 600w, https:\/\/www.elsindical.com.ar\/notas\/var\/www\/html\/notas\/wp-content\/uploads\/2021\/06\/bigliardi-CCH-300x143.jpg 300w, https:\/\/www.elsindical.com.ar\/notas\/var\/www\/html\/notas\/wp-content\/uploads\/2021\/06\/bigliardi-CCH-500x238.jpg 500w\" sizes=\"auto, (max-width: 673px) 100vw, 673px\" \/><\/a><\/figure><\/div>\n\n\n\n<p><strong>A partir de la intervenci\u00f3n gremial de la AJB La Plata, en el d\u00eda de ayer la Suprema Corte dispuso la licencia compulsiva de la jueza de Familia Karina Bigliardi, por graves hechos de violencia laboral.<\/strong><\/p>\n\n\n\n<p>A trav\u00e9s de la Resoluci\u00f3n SC N\u00ba870\/21, a partir de la facultad que le otorga el art. 29 bis de la ley 13.661, la Suprema Corte dispuso la licencia por 90 d\u00edas de la titular del Juzgado de Familia N\u00ba7 de La Plata, Karina Andrea Bigliardi, mientras se lleva adelante el proceso ante el Jurado de Enjuiciamiento de Magistrados y Funcionarios de la provincia de Buenos Aires.<\/p>\n\n\n\n<p>La medida fue dispuesta atento que la gravedad de los hechos de violencia laboral investigados, como as\u00ed tambi\u00e9n las irregularidades en el desempe\u00f1o de sus funciones, son incompatibles con la continuidad del ejercicio de la magistratura, sobre todo teniendo en consideraci\u00f3n el fuero en el que la jueza se desempe\u00f1a.<\/p>\n\n\n\n<p>Permanentes faltas de respeto, descalificaciones, comentarios denigrantes, entre muchas otras conductas, eran parte del maltrato y el hostigamiento cotidiano al que la jueza somet\u00eda a la totalidad del personal -inclu\u00eddo el Cuerpo T\u00e9cnico Auxiliar-, como as\u00ed tambi\u00e9n a funcionarios de otras dependencias, y a las y los abogados y justiciables que concurr\u00edan al Juzgado.<\/p>\n\n\n\n<p>A ello debe agregarse la extensi\u00f3n ilimitada de la jornada laboral, incluso en d\u00edas inh\u00e1biles, que sumado al maltrato, tuvo un serio impacto sobre la salud psicof\u00edsica de las y los trabajadores, al punto que provoc\u00f3 que varios de ellos est\u00e9n hoy en tratamiento psicol\u00f3gico y otros hayan sido trasladados a otras dependencias.<\/p>\n\n\n\n<p>\u201cA partir de haber tomado conocimiento de la situaci\u00f3n, iniciamos un doble trabajo de denuncia ante la Corte y de contenci\u00f3n de las y los compa\u00f1eros, que hoy podemos decir tuvo un resultado positivo, al haberse logrado la licencia compulsiva de Bigliardi\u201d, se\u00f1al\u00f3 Santiago Fontela, secretario General de la AJB La Plata.<\/p>\n\n\n\n<p>En ese sentido, durante el a\u00f1o 2019 la conducci\u00f3n departamental mantuvo una reuni\u00f3n con Eduardo De L\u00e1zzari, quien en ese momento presid\u00eda el m\u00e1ximo Tribunal, en la que se expuso la conducta de la jueza y las consecuencias sobre la salud de las y los compa\u00f1eros y en la que el Ministro se comprometi\u00f3 a intervenir.<\/p>\n\n\n\n<p>A la violencia laboral, deben agregarse las constantes conductas antisindicales de la jueza Bigliardi, que prohibi\u00f3 a las y los trabajadores la afiliaci\u00f3n al sindicato, y obstaculizaba permanentemente el contacto de las y los dirigentes sindicales con las y los compa\u00f1eros, con el fin de evitar la intervenci\u00f3n gremial ante los graves hechos que se suscitaban en la dependencia.<\/p>\n\n\n\n<p>Al respecto Fontela se\u00f1al\u00f3 que \u201ca partir de la firme decisi\u00f3n del sindicato logramos reunirnos con las y los compa\u00f1eros y empezar a transitar este camino que esperamos culmine con la destituci\u00f3n de la magistrada\u201d.<\/p>\n\n\n\n<p>Finalizando, \u201cConstituye un paso hist\u00f3rico en la departamental La Plata. Un logro digno de considerar y valorar, que pone de relieve una vez m\u00e1s que nadie se salva en soledad, sino que por el contrario la salida siempre es colectiva\u201d.<\/p>\n","protected":false},"excerpt":{"rendered":"<p>A partir de la intervenci\u00f3n gremial de la AJB La Plata, en el d\u00eda de ayer la Suprema Corte dispuso la licencia compulsiva de la jueza de Familia Karina Bigliardi, por graves hechos de violencia laboral. A trav\u00e9s de la Resoluci\u00f3n SC N\u00ba870\/21, a partir de la facultad que le otorga el art. 29 bis&hellip;<\/p>\n","protected":false},"author":1,"featured_media":105435,"comment_status":"open","ping_status":"open","sticky":false,"template":"","format":"standard","meta":{"footnotes":""},"categories":[16,20],"tags":[4626,2450,34924,9539,278,9111],"class_list":["post-105434","post","type-post","status-publish","format-standard","has-post-thumbnail","hentry","category-gremiales","category-judiciales","tag-ajb","tag-diario-el-sindical","tag-jueza-karina-bigliardi","tag-suprema-corte-bonaerense","tag-suspension","tag-violencia-laboral"],"_links":{"self":[{"href":"https:\/\/www.elsindical.com.ar\/notas\/wp-json\/wp\/v2\/posts\/105434","targetHints":{"allow":["GET"]}}],"collection":[{"href":"https:\/\/www.elsindical.com.ar\/notas\/wp-json\/wp\/v2\/posts"}],"about":[{"href":"https:\/\/www.elsindical.com.ar\/notas\/wp-json\/wp\/v2\/types\/post"}],"author":[{"embeddable":true,"href":"https:\/\/www.elsindical.com.ar\/notas\/wp-json\/wp\/v2\/users\/1"}],"replies":[{"embeddable":true,"href":"https:\/\/www.elsindical.com.ar\/notas\/wp-json\/wp\/v2\/comments?post=105434"}],"version-history":[{"count":1,"href":"https:\/\/www.elsindical.com.ar\/notas\/wp-json\/wp\/v2\/posts\/105434\/revisions"}],"predecessor-version":[{"id":105436,"href":"https:\/\/www.elsindical.com.ar\/notas\/wp-json\/wp\/v2\/posts\/105434\/revisions\/105436"}],"wp:featuredmedia":[{"embeddable":true,"href":"https:\/\/www.elsindical.com.ar\/notas\/wp-json\/wp\/v2\/media\/105435"}],"wp:attachment":[{"href":"https:\/\/www.elsindical.com.ar\/notas\/wp-json\/wp\/v2\/media?parent=105434"}],"wp:term":[{"taxonomy":"category","embeddable":true,"href":"https:\/\/www.elsindical.com.ar\/notas\/wp-json\/wp\/v2\/categories?post=105434"},{"taxonomy":"post_tag","embeddable":true,"href":"https:\/\/www.elsindical.com.ar\/notas\/wp-json\/wp\/v2\/tags?post=105434"}],"curies":[{"name":"wp","href":"https:\/\/api.w.org\/{rel}","templated":true}]}}