{"id":105331,"date":"2021-06-10T02:03:34","date_gmt":"2021-06-10T05:03:34","guid":{"rendered":"https:\/\/www.elsindical.com.ar\/notas\/?p=105331"},"modified":"2021-06-10T02:03:35","modified_gmt":"2021-06-10T05:03:35","slug":"lomas-de-zamora-el-concejo-aprobo-la-construccion-de-otra-carcel","status":"publish","type":"post","link":"https:\/\/www.elsindical.com.ar\/notas\/lomas-de-zamora-el-concejo-aprobo-la-construccion-de-otra-carcel\/","title":{"rendered":"Lomas de Zamora: El Concejo aprob\u00f3 la construcci\u00f3n de otra c\u00e1rcel"},"content":{"rendered":"\n<figure class=\"wp-block-image size-large\"><a href=\"https:\/\/www.elsindical.com.ar\/notas\/var\/www\/html\/notas\/wp-content\/uploads\/2021\/06\/nueva-carcel-en-Lomas-de-Zamora.jpeg\"><img loading=\"lazy\" decoding=\"async\" width=\"1024\" height=\"505\" src=\"https:\/\/www.elsindical.com.ar\/notas\/var\/www\/html\/notas\/wp-content\/uploads\/2021\/06\/nueva-carcel-en-Lomas-de-Zamora-1024x505.jpeg\" alt=\"\" class=\"wp-image-105332\" srcset=\"https:\/\/www.elsindical.com.ar\/notas\/var\/www\/html\/notas\/wp-content\/uploads\/2021\/06\/nueva-carcel-en-Lomas-de-Zamora-1024x505.jpeg 1024w, https:\/\/www.elsindical.com.ar\/notas\/var\/www\/html\/notas\/wp-content\/uploads\/2021\/06\/nueva-carcel-en-Lomas-de-Zamora-300x148.jpeg 300w, https:\/\/www.elsindical.com.ar\/notas\/var\/www\/html\/notas\/wp-content\/uploads\/2021\/06\/nueva-carcel-en-Lomas-de-Zamora-768x379.jpeg 768w, https:\/\/www.elsindical.com.ar\/notas\/var\/www\/html\/notas\/wp-content\/uploads\/2021\/06\/nueva-carcel-en-Lomas-de-Zamora-500x247.jpeg 500w, https:\/\/www.elsindical.com.ar\/notas\/var\/www\/html\/notas\/wp-content\/uploads\/2021\/06\/nueva-carcel-en-Lomas-de-Zamora.jpeg 1256w\" sizes=\"auto, (max-width: 1024px) 100vw, 1024px\" \/><\/a><\/figure>\n\n\n\n<p>El Concejo Deliberante aprob\u00f3 por unanimidad la construcci\u00f3n de una alcald\u00eda en la zona de Santa Catalina a trav\u00e9s de un convenio con el Ministerio de Justicia y Derechos Humanos de Buenos Aires.<\/p>\n\n\n\n<p>Sin debate de por medio, el Cuerpo convalid\u00f3 el convenio que tuvo despacho de la Comisi\u00f3n de Legislaci\u00f3n y Reglamento. La construcci\u00f3n de la alcald\u00eda se enmarcar en el Plan de Infraestructura Penitenciaria \u201ccon el objeto de reducir sensiblemente los \u00edndices de sobrepoblaci\u00f3n, acorde a las necesidades de cada regi\u00f3n, con eje en la concreci\u00f3n de oportunidades laborales y programas de capacitaci\u00f3n\u201d.<\/p>\n\n\n\n<p>La c\u00e1rcel ser\u00e1 construida sobre terrenos municipales en la zona de Santa Catalina donde ya se encuentran otras alcald\u00edas emplazadas.<\/p>\n\n\n\n<p><strong><u>\u201c<\/u><\/strong>Apruebase el Proyecto de emplazamiento y obra,&nbsp; que forma parte de la presente Ordenanza,&nbsp; y en consecuencia, apruebase la realizaci\u00f3n de la obra proyectada para la construcci\u00f3n de una Alcaid\u00eda Departamental en el inmueble identificado catastralmente como Circunscripci\u00f3n XVI, Secci\u00f3n E, Fracci\u00f3n 1, Parcela 2, Partida 162365, Matr\u00edcula 45486\u2033, establece el articulado del proyecto.<\/p>\n\n\n\n<p>De esta forma, el Municipio suscribi\u00f3 \u201cel comodato de cesi\u00f3n de uso precario y gratuito, previsto en la Cl\u00e1usula Segunda del Convenio Espec\u00edfico, para la instalaci\u00f3n de la alcaid\u00eda referida\u201d<\/p>\n\n\n\n<p>En la comisi\u00f3n, el proyecto fue acompa\u00f1ado por los concejales Mariela G\u00f3mez, Amado Salinas, Osvaldo Gerez, Ramiro Trezza y Gustavo Ganchegui.<\/p>\n","protected":false},"excerpt":{"rendered":"<p>El Concejo Deliberante aprob\u00f3 por unanimidad la construcci\u00f3n de una alcald\u00eda en la zona de Santa Catalina a trav\u00e9s de un convenio con el Ministerio de Justicia y Derechos Humanos de Buenos Aires. Sin debate de por medio, el Cuerpo convalid\u00f3 el convenio que tuvo despacho de la Comisi\u00f3n de Legislaci\u00f3n y Reglamento. La construcci\u00f3n&hellip;<\/p>\n","protected":false},"author":1,"featured_media":105332,"comment_status":"open","ping_status":"open","sticky":false,"template":"","format":"standard","meta":{"footnotes":""},"categories":[19,13],"tags":[380,2450,16587,744,1544],"class_list":["post-105331","post","type-post","status-publish","format-standard","has-post-thumbnail","hentry","category-intramuros","category-politica","tag-carcel","tag-diario-el-sindical","tag-hcd","tag-lomas-de-zamora","tag-spb"],"_links":{"self":[{"href":"https:\/\/www.elsindical.com.ar\/notas\/wp-json\/wp\/v2\/posts\/105331","targetHints":{"allow":["GET"]}}],"collection":[{"href":"https:\/\/www.elsindical.com.ar\/notas\/wp-json\/wp\/v2\/posts"}],"about":[{"href":"https:\/\/www.elsindical.com.ar\/notas\/wp-json\/wp\/v2\/types\/post"}],"author":[{"embeddable":true,"href":"https:\/\/www.elsindical.com.ar\/notas\/wp-json\/wp\/v2\/users\/1"}],"replies":[{"embeddable":true,"href":"https:\/\/www.elsindical.com.ar\/notas\/wp-json\/wp\/v2\/comments?post=105331"}],"version-history":[{"count":1,"href":"https:\/\/www.elsindical.com.ar\/notas\/wp-json\/wp\/v2\/posts\/105331\/revisions"}],"predecessor-version":[{"id":105333,"href":"https:\/\/www.elsindical.com.ar\/notas\/wp-json\/wp\/v2\/posts\/105331\/revisions\/105333"}],"wp:featuredmedia":[{"embeddable":true,"href":"https:\/\/www.elsindical.com.ar\/notas\/wp-json\/wp\/v2\/media\/105332"}],"wp:attachment":[{"href":"https:\/\/www.elsindical.com.ar\/notas\/wp-json\/wp\/v2\/media?parent=105331"}],"wp:term":[{"taxonomy":"category","embeddable":true,"href":"https:\/\/www.elsindical.com.ar\/notas\/wp-json\/wp\/v2\/categories?post=105331"},{"taxonomy":"post_tag","embeddable":true,"href":"https:\/\/www.elsindical.com.ar\/notas\/wp-json\/wp\/v2\/tags?post=105331"}],"curies":[{"name":"wp","href":"https:\/\/api.w.org\/{rel}","templated":true}]}}