{"id":105319,"date":"2021-06-09T15:00:42","date_gmt":"2021-06-09T18:00:42","guid":{"rendered":"https:\/\/www.elsindical.com.ar\/notas\/?p=105319"},"modified":"2021-06-09T15:00:44","modified_gmt":"2021-06-09T18:00:44","slug":"hugo-quintana-la-ausencia-del-control-publico-facilita-la-corrupcion-y-pone-en-peligro-la-vida","status":"publish","type":"post","link":"https:\/\/www.elsindical.com.ar\/notas\/hugo-quintana-la-ausencia-del-control-publico-facilita-la-corrupcion-y-pone-en-peligro-la-vida\/","title":{"rendered":"Hugo Quintana: \u201cLa ausencia del control p\u00fablico facilita la corrupci\u00f3n y pone en peligro la vida\u201d"},"content":{"rendered":"\n<figure class=\"wp-block-image size-large\"><a href=\"https:\/\/www.elsindical.com.ar\/notas\/var\/www\/html\/notas\/wp-content\/uploads\/2021\/06\/Hugo-Quintana-conferencia.jpg\"><img loading=\"lazy\" decoding=\"async\" width=\"884\" height=\"717\" src=\"https:\/\/www.elsindical.com.ar\/notas\/var\/www\/html\/notas\/wp-content\/uploads\/2021\/06\/Hugo-Quintana-conferencia.jpg\" alt=\"\" class=\"wp-image-105321\" srcset=\"https:\/\/www.elsindical.com.ar\/notas\/var\/www\/html\/notas\/wp-content\/uploads\/2021\/06\/Hugo-Quintana-conferencia.jpg 884w, https:\/\/www.elsindical.com.ar\/notas\/var\/www\/html\/notas\/wp-content\/uploads\/2021\/06\/Hugo-Quintana-conferencia-300x243.jpg 300w, https:\/\/www.elsindical.com.ar\/notas\/var\/www\/html\/notas\/wp-content\/uploads\/2021\/06\/Hugo-Quintana-conferencia-768x623.jpg 768w, https:\/\/www.elsindical.com.ar\/notas\/var\/www\/html\/notas\/wp-content\/uploads\/2021\/06\/Hugo-Quintana-conferencia-370x300.jpg 370w\" sizes=\"auto, (max-width: 884px) 100vw, 884px\" \/><\/a><\/figure>\n\n\n\n<p>El sindicalista argentino disert\u00f3 en nombre de la Uni\u00f3n Latinoamericana de Trabajadores de Organismos de Control.<\/p>\n\n\n\n<p>El dirigente argentino<strong> Hugo Quintana<\/strong> fue uno de los expositores de la segunda jornada de sesi\u00f3n plenaria de la 109\u00b0 Confederaci\u00f3n Internacional del Trabajo.<\/p>\n\n\n\n<p>Lo hizo en su rol de la <strong>Uni\u00f3n Latinoamericana de Trabajadores de Organismos de Control (ULATOC)<\/strong> y miembros de la <strong>Asociaci\u00f3n del Personal de los Organismos de Control (APOC)<\/strong> de Argentina.<\/p>\n\n\n\n<p>El sindicalista, quien fuera reelecto como secretario general en la organizaci\u00f3n internacional, llam\u00f3 al movimiento sindical a generar \u201cmensajes de unidad en la acci\u00f3n y en la comunicaci\u00f3n\u201d por fuera de los intereses partidarios.<\/p>\n\n\n\n<p>\u201cLuchamos por la defensa de los derechos laborales y sindicales, tambi\u00e9n por la valorizaci\u00f3n y visualizaci\u00f3n del control p\u00fablico, como base de un Estado Social de Derecho. La ausencia del control p\u00fablico no solo facilita la corrupci\u00f3n y el desv\u00edo de fondos, sino que, principalmente, <strong>pone en peligro la vida, la salud, la educaci\u00f3n y la integridad del ciudadano<\/strong>, concretamente la falta de control manda\u201d, resalt\u00f3 al inicio de su intervenci\u00f3n.<\/p>\n\n\n\n<p>En la jornada, se\u00f1al\u00f3 que es clave en este contexto que el teletrabajo o trabajo a distancia sea una herramienta \u00fatil para la labor, por ello propuso \u201cbuscar los mecanismos para su mejor implementaci\u00f3n sin soslayar los derechos que nos asignan. Convocamos a todos los sectores a pensar en un doble desaf\u00edo; pensar en la salud de la poblaci\u00f3n, sin olvidar la defensa de los puestos de trabajo y teniendo en cuenta el impacto del coronavirus en el contexto actual\u201d.<\/p>\n\n\n\n<p>Por otro lado, Quintana<strong> llam\u00f3 al movimiento sindical a generar \u201cmensajes de unidad en la acci\u00f3n y en la comunicaci\u00f3n\u201d<\/strong>, por fuera de los intereses partidarios en un contexto de emergencia, teniendo en cuenta que \u201clas decisiones tomadas en consenso son m\u00e1s efectivas que las mezquindades\u201d.<\/p>\n\n\n\n<p>Finalmente, en representaci\u00f3n de ULATOC, festej\u00f3 la decisi\u00f3n del Consejo de la Administraci\u00f3n de la OIT de impulsar la celebraci\u00f3n de una reuni\u00f3n tripartita sobre el tema de la protecci\u00f3n a los trabajadores, que en \u201cel ejercicio de sus responsabilidades laborarles deban efectuar renuncias, que son particularmente susceptibles a conocer diferentes formas de acoso laboral\u201d.<\/p>\n\n\n\n<p>LPor primera vez en sus 102 a\u00f1os de historia, el evento m\u00e1s relevante del mundo del trabajo organizado por la Organizaci\u00f3n Internacional del Trabajo (OIT) se realiza de manera virtual reflejando los cambios impuestos por la crisis de la COVID-19.<\/p>\n\n\n\n<p>Hasta el pr\u00f3ximo 19 de junio, m\u00e1s de 4000 delegados en representaci\u00f3n de gobiernos, trabajadores y empleadores de los 187 Estados Miembros de la OIT se reunir\u00e1n en l\u00ednea para debatir cuestiones relacionadas con el mundo del trabajo, incluida una recuperaci\u00f3n centrada en las personas despu\u00e9s de la pandemia.<\/p>\n","protected":false},"excerpt":{"rendered":"<p>El sindicalista argentino disert\u00f3 en nombre de la Uni\u00f3n Latinoamericana de Trabajadores de Organismos de Control. El dirigente argentino Hugo Quintana fue uno de los expositores de la segunda jornada de sesi\u00f3n plenaria de la 109\u00b0 Confederaci\u00f3n Internacional del Trabajo. Lo hizo en su rol de la Uni\u00f3n Latinoamericana de Trabajadores de Organismos de Control&hellip;<\/p>\n","protected":false},"author":1,"featured_media":105321,"comment_status":"open","ping_status":"open","sticky":false,"template":"","format":"standard","meta":{"footnotes":""},"categories":[16],"tags":[27982,1078,1451,2450,22028,6189,1574,13708,34895],"class_list":["post-105319","post","type-post","status-publish","format-standard","has-post-thumbnail","hentry","category-gremiales","tag-apoc","tag-control","tag-corrupcion","tag-diario-el-sindical","tag-gremiales","tag-hugo-quintana","tag-oit","tag-transparencia","tag-ulatoc"],"_links":{"self":[{"href":"https:\/\/www.elsindical.com.ar\/notas\/wp-json\/wp\/v2\/posts\/105319","targetHints":{"allow":["GET"]}}],"collection":[{"href":"https:\/\/www.elsindical.com.ar\/notas\/wp-json\/wp\/v2\/posts"}],"about":[{"href":"https:\/\/www.elsindical.com.ar\/notas\/wp-json\/wp\/v2\/types\/post"}],"author":[{"embeddable":true,"href":"https:\/\/www.elsindical.com.ar\/notas\/wp-json\/wp\/v2\/users\/1"}],"replies":[{"embeddable":true,"href":"https:\/\/www.elsindical.com.ar\/notas\/wp-json\/wp\/v2\/comments?post=105319"}],"version-history":[{"count":1,"href":"https:\/\/www.elsindical.com.ar\/notas\/wp-json\/wp\/v2\/posts\/105319\/revisions"}],"predecessor-version":[{"id":105322,"href":"https:\/\/www.elsindical.com.ar\/notas\/wp-json\/wp\/v2\/posts\/105319\/revisions\/105322"}],"wp:featuredmedia":[{"embeddable":true,"href":"https:\/\/www.elsindical.com.ar\/notas\/wp-json\/wp\/v2\/media\/105321"}],"wp:attachment":[{"href":"https:\/\/www.elsindical.com.ar\/notas\/wp-json\/wp\/v2\/media?parent=105319"}],"wp:term":[{"taxonomy":"category","embeddable":true,"href":"https:\/\/www.elsindical.com.ar\/notas\/wp-json\/wp\/v2\/categories?post=105319"},{"taxonomy":"post_tag","embeddable":true,"href":"https:\/\/www.elsindical.com.ar\/notas\/wp-json\/wp\/v2\/tags?post=105319"}],"curies":[{"name":"wp","href":"https:\/\/api.w.org\/{rel}","templated":true}]}}