{"id":105271,"date":"2021-06-08T18:58:02","date_gmt":"2021-06-08T21:58:02","guid":{"rendered":"https:\/\/www.elsindical.com.ar\/notas\/?p=105271"},"modified":"2021-06-08T18:58:03","modified_gmt":"2021-06-08T21:58:03","slug":"mega-allanamientos-interjurisdicionales","status":"publish","type":"post","link":"https:\/\/www.elsindical.com.ar\/notas\/mega-allanamientos-interjurisdicionales\/","title":{"rendered":"Mega allanamientos interjurisdicionales"},"content":{"rendered":"\n<figure class=\"wp-block-image size-large\"><a href=\"https:\/\/www.elsindical.com.ar\/notas\/var\/www\/html\/notas\/wp-content\/uploads\/2021\/06\/kkjhkjk41.jpg\"><img loading=\"lazy\" decoding=\"async\" width=\"1024\" height=\"471\" src=\"https:\/\/www.elsindical.com.ar\/notas\/var\/www\/html\/notas\/wp-content\/uploads\/2021\/06\/kkjhkjk41-1024x471.jpg\" alt=\"\" class=\"wp-image-105272\" srcset=\"https:\/\/www.elsindical.com.ar\/notas\/var\/www\/html\/notas\/wp-content\/uploads\/2021\/06\/kkjhkjk41-1024x471.jpg 1024w, https:\/\/www.elsindical.com.ar\/notas\/var\/www\/html\/notas\/wp-content\/uploads\/2021\/06\/kkjhkjk41-300x138.jpg 300w, https:\/\/www.elsindical.com.ar\/notas\/var\/www\/html\/notas\/wp-content\/uploads\/2021\/06\/kkjhkjk41-768x353.jpg 768w, https:\/\/www.elsindical.com.ar\/notas\/var\/www\/html\/notas\/wp-content\/uploads\/2021\/06\/kkjhkjk41-500x230.jpg 500w, https:\/\/www.elsindical.com.ar\/notas\/var\/www\/html\/notas\/wp-content\/uploads\/2021\/06\/kkjhkjk41.jpg 1222w\" sizes=\"auto, (max-width: 1024px) 100vw, 1024px\" \/><\/a><\/figure>\n\n\n\n<p class=\"wp-block-paragraph\">RESULTADO MEGA-ALLANAMIENTOS AMBITO JURIDICCIONAL DE QUILMES\/LA PLATA\/ LAN\u00daS\/ TEMPERLEY.-<\/p>\n\n\n\n<p class=\"wp-block-paragraph\">S.R. AMBA SUR 1- CRIA QUILMES 5\u00ba LA CA\u00d1ADA<br>08JUN21<\/p>\n\n\n\n<p class=\"wp-block-paragraph\">TEXTO: Fecha personal policial lleva a cabo m\u00faltiples allanamientos, en el marco de la IPP 13-00-010459-21\/00 con la intervenci\u00f3n de la UFIYJ N\u00b012 y Jdo de Garant\u00edas n\u00b0 02 ambos del depto. Judicial Quilmes, a ra\u00edz de que en fecha 29\/4\/2021, personal de dependencia toma conocimiento por dte. JULIO F., que dentro de una guarder\u00eda de veh\u00edculos, Ubicada en calle Cno. Gral. Belgrano al 900, se encontraban camiones y semis de su propiedad a los cuales les hab\u00edan sustra\u00eddo piezas y que era de su conocimiento de que en el lugar se desarmaban camiones a los fines de vender sus auto partes. Cumplimentada la manda judicial se obtuvieron los sig. Resultados:<br>objetivo n\u00b0 01 en calle 43 al 500 de la ciudad de La Plata, lugar de donde se lleva a cabo el secuestro de 02 celulares y a la identificaci\u00f3n de los moradores, objetivo n\u00b0 02 en calle 889 y Santa Fe Quilmes, lugar donde se procede al secuestro de 05 tel\u00e9fonos celulares, 02 computadoras port\u00e1tiles, y 01 arma de fuego marca Bersa Thunder 9 mm F39170 sin cargador 15 municiones intactas marca ABC y por disposici\u00f3n del fiscal se procede a la Aprehensi\u00f3n en el lugar de JUAN RAM\u00d3N PIZZILEO (54) dlio. en el lugar, en orden al delito de tenencia de arma de guerra. Objetivo 03, en calle Nazareth al 300 de Temperley lugar donde se secuestra un tel\u00e9fono celular y a la identificaci\u00f3n de los moradores. Objetivo n\u00b0 04 en calle Triunvirato y 388 Quilmes, donde en el lugar se procedi\u00f3 al secuestro 15 cartucho de escopeta, 4 vainas servidas de calibre 7,62 F.A.L, 20 cartuchos intactos de calibre 7,62 para F.A.L, 01 cargador de pistola calibre 22 con 11 cartuchos intactos de calibre 22, 02 vainas servida calibre 22, revolver calibre 22, 01 mira telesc\u00f3pica de escopeta, una escopeta carabina 22, un fusil m\u00e1user, un rev\u00f3lver cal. 22 Pasper, dos escopeta sin marca, modelo ni calibre, 01 camioneta marca Fiat Fiorino dominio DHN770 color blanca (incautado a los fines investigativos), 01 veh\u00edculo marca Chevrolet Corsa CUK121. Procedi\u00e9ndose a la aprehensi\u00f3n de JUAN CARLOS ALFREDO NICO, (53), dlio. en el lugar en orden al delito TENENCIA ILEGAL DE ARMA DE GUERRA Y ENCUBRIMIENTO AGRAVADO, Objetivo 05 sito en calles Amoedo al 3600 de Quilmes. lugar donde se procede al secuestro de autopartes varias, un cami\u00f3n Ford cargo 1722 con pedido secuestro activo de C\u00f3rdoba; una cami\u00f3n Ford 600, dos camiones 1114 sin motor, no se identifican moradores en el lugar. Objetivo 06 sito en calles Cno. Gral. Belgrano, y Pedemonte de Quilmes, lugar donde se procede al secuestro de un rifle de aire comprimido, una escopeta de doble ca\u00f1o, 32 cubiertas, bater\u00edas, chapas patentes, y autoparte varios, en el lugar el fiscal dispone la aprehensi\u00f3n de CHIOFALLO MIGUEL FERNANDO(50), dlio. calle 174 al 1700 de Bernal, en orden al delito de Tenencia Ilegal de arma de guerra, Objetivo 07: sito en calles R. pe\u00f1a y Aldo Emir Jofre de Quilmes, arroja resultado negativo. Objetivo 08: sito en calles Dto. \u00c1lvarez y Santa Fe, Quilmes lugar donde se procede al secuestro de dos tel\u00e9fono celular, un DVR de c\u00e1maras de seguridad, una rueda de cami\u00f3n, una galleta de GNC, dos vidrios de autom\u00f3vil gravados con pedidos de secuestro, se procede a la aprehensi\u00f3n de ALBERTO DANIEL TRONCOSO,(32), dlio. en el lugar, en orden al delito de Inf. Ley 25.761 y Encubrimiento. Objetivo 09; sito en calles 10 al 500 La Plata, el cual arroja resultado negativo. Objetivo 10; sito en calles Pasaje M\u00e9ndez al 1000 Lan\u00fas, lugar donde se procede al secuestro de dos ruedas, un tubo de aut\u00f3gena, un rodado Volkswagen Gol dominio FZF-554 (incautado a los fines investigativos) Actuaciones y aprehendidos a primera audiencia en el d\u00eda de ma\u00f1ana. Fdo. Javier Carlos Villar Comisario Mayor Superintendente Regi\u00f3n AMBA Sur I.<\/p>\n\n\n\n<p class=\"wp-block-paragraph\">OBJETIVOS: 10<br>POSITIVOS: 08<br>NEGATIVOS: 02<br>APREHENDIDOS: 04<br>ARMAMENTO INCAUTADO: 09<br>MUNICION INCAUTADA: 67<br>TELEFONIA INCAUTADA: 11<br>TECNOLOGIA INCAUTADA: 05<br>VEHICULOS INCAUTADOS: 07 y autopartes varias.<\/p>\n\n\n\n<figure class=\"wp-block-embed is-type-video is-provider-youtube wp-block-embed-youtube wp-embed-aspect-16-9 wp-has-aspect-ratio\"><div class=\"wp-block-embed__wrapper\">\n<iframe loading=\"lazy\" title=\"Mega allanamientos interjurisdicionales\" width=\"700\" height=\"394\" src=\"https:\/\/www.youtube.com\/embed\/ks5BTXNWQ3w?feature=oembed\" frameborder=\"0\" allow=\"accelerometer; autoplay; clipboard-write; encrypted-media; gyroscope; picture-in-picture\" allowfullscreen><\/iframe>\n<\/div><\/figure>\n\n\n\n<figure class=\"wp-block-gallery columns-1 is-cropped wp-block-gallery-1 is-layout-flex wp-block-gallery-is-layout-flex\"><ul class=\"blocks-gallery-grid\"><li class=\"blocks-gallery-item\"><figure><a href=\"https:\/\/www.elsindical.com.ar\/notas\/var\/www\/html\/notas\/wp-content\/uploads\/2021\/06\/zxczc4.jpg\"><img loading=\"lazy\" decoding=\"async\" width=\"410\" height=\"621\" src=\"https:\/\/www.elsindical.com.ar\/notas\/var\/www\/html\/notas\/wp-content\/uploads\/2021\/06\/zxczc4.jpg\" alt=\"\" data-id=\"105273\" data-full-url=\"https:\/\/www.elsindical.com.ar\/notas\/var\/www\/html\/notas\/wp-content\/uploads\/2021\/06\/zxczc4.jpg\" data-link=\"https:\/\/www.elsindical.com.ar\/notas\/?attachment_id=105273#main\" class=\"wp-image-105273\" srcset=\"https:\/\/www.elsindical.com.ar\/notas\/var\/www\/html\/notas\/wp-content\/uploads\/2021\/06\/zxczc4.jpg 410w, https:\/\/www.elsindical.com.ar\/notas\/var\/www\/html\/notas\/wp-content\/uploads\/2021\/06\/zxczc4-198x300.jpg 198w\" sizes=\"auto, (max-width: 410px) 100vw, 410px\" \/><\/a><\/figure><\/li><li class=\"blocks-gallery-item\"><figure><a href=\"https:\/\/www.elsindical.com.ar\/notas\/var\/www\/html\/notas\/wp-content\/uploads\/2021\/06\/yiuui1.jpg\"><img loading=\"lazy\" decoding=\"async\" width=\"407\" height=\"635\" src=\"https:\/\/www.elsindical.com.ar\/notas\/var\/www\/html\/notas\/wp-content\/uploads\/2021\/06\/yiuui1.jpg\" alt=\"\" data-id=\"105274\" data-full-url=\"https:\/\/www.elsindical.com.ar\/notas\/var\/www\/html\/notas\/wp-content\/uploads\/2021\/06\/yiuui1.jpg\" data-link=\"https:\/\/www.elsindical.com.ar\/notas\/?attachment_id=105274#main\" class=\"wp-image-105274\" srcset=\"https:\/\/www.elsindical.com.ar\/notas\/var\/www\/html\/notas\/wp-content\/uploads\/2021\/06\/yiuui1.jpg 407w, https:\/\/www.elsindical.com.ar\/notas\/var\/www\/html\/notas\/wp-content\/uploads\/2021\/06\/yiuui1-192x300.jpg 192w\" sizes=\"auto, (max-width: 407px) 100vw, 407px\" \/><\/a><\/figure><\/li><li class=\"blocks-gallery-item\"><figure><a href=\"https:\/\/www.elsindical.com.ar\/notas\/var\/www\/html\/notas\/wp-content\/uploads\/2021\/06\/iuyuu2.jpg\"><img loading=\"lazy\" decoding=\"async\" width=\"407\" height=\"641\" src=\"https:\/\/www.elsindical.com.ar\/notas\/var\/www\/html\/notas\/wp-content\/uploads\/2021\/06\/iuyuu2.jpg\" alt=\"\" data-id=\"105275\" data-full-url=\"https:\/\/www.elsindical.com.ar\/notas\/var\/www\/html\/notas\/wp-content\/uploads\/2021\/06\/iuyuu2.jpg\" data-link=\"https:\/\/www.elsindical.com.ar\/notas\/?attachment_id=105275#main\" class=\"wp-image-105275\" srcset=\"https:\/\/www.elsindical.com.ar\/notas\/var\/www\/html\/notas\/wp-content\/uploads\/2021\/06\/iuyuu2.jpg 407w, https:\/\/www.elsindical.com.ar\/notas\/var\/www\/html\/notas\/wp-content\/uploads\/2021\/06\/iuyuu2-190x300.jpg 190w\" sizes=\"auto, (max-width: 407px) 100vw, 407px\" \/><\/a><\/figure><\/li><li class=\"blocks-gallery-item\"><figure><a href=\"https:\/\/www.elsindical.com.ar\/notas\/var\/www\/html\/notas\/wp-content\/uploads\/2021\/06\/uyiuiyu20.jpg\"><img loading=\"lazy\" decoding=\"async\" width=\"396\" height=\"687\" src=\"https:\/\/www.elsindical.com.ar\/notas\/var\/www\/html\/notas\/wp-content\/uploads\/2021\/06\/uyiuiyu20.jpg\" alt=\"\" data-id=\"105276\" data-full-url=\"https:\/\/www.elsindical.com.ar\/notas\/var\/www\/html\/notas\/wp-content\/uploads\/2021\/06\/uyiuiyu20.jpg\" data-link=\"https:\/\/www.elsindical.com.ar\/notas\/?attachment_id=105276#main\" class=\"wp-image-105276\" srcset=\"https:\/\/www.elsindical.com.ar\/notas\/var\/www\/html\/notas\/wp-content\/uploads\/2021\/06\/uyiuiyu20.jpg 396w, https:\/\/www.elsindical.com.ar\/notas\/var\/www\/html\/notas\/wp-content\/uploads\/2021\/06\/uyiuiyu20-173x300.jpg 173w\" sizes=\"auto, (max-width: 396px) 100vw, 396px\" \/><\/a><\/figure><\/li><li class=\"blocks-gallery-item\"><figure><a href=\"https:\/\/www.elsindical.com.ar\/notas\/var\/www\/html\/notas\/wp-content\/uploads\/2021\/06\/hkjk4.jpg\"><img loading=\"lazy\" decoding=\"async\" width=\"1024\" height=\"467\" src=\"https:\/\/www.elsindical.com.ar\/notas\/var\/www\/html\/notas\/wp-content\/uploads\/2021\/06\/hkjk4-1024x467.jpg\" alt=\"\" data-id=\"105277\" data-full-url=\"https:\/\/www.elsindical.com.ar\/notas\/var\/www\/html\/notas\/wp-content\/uploads\/2021\/06\/hkjk4.jpg\" data-link=\"https:\/\/www.elsindical.com.ar\/notas\/?attachment_id=105277#main\" class=\"wp-image-105277\" srcset=\"https:\/\/www.elsindical.com.ar\/notas\/var\/www\/html\/notas\/wp-content\/uploads\/2021\/06\/hkjk4-1024x467.jpg 1024w, https:\/\/www.elsindical.com.ar\/notas\/var\/www\/html\/notas\/wp-content\/uploads\/2021\/06\/hkjk4-300x137.jpg 300w, https:\/\/www.elsindical.com.ar\/notas\/var\/www\/html\/notas\/wp-content\/uploads\/2021\/06\/hkjk4-768x350.jpg 768w, https:\/\/www.elsindical.com.ar\/notas\/var\/www\/html\/notas\/wp-content\/uploads\/2021\/06\/hkjk4-500x228.jpg 500w, https:\/\/www.elsindical.com.ar\/notas\/var\/www\/html\/notas\/wp-content\/uploads\/2021\/06\/hkjk4.jpg 1239w\" sizes=\"auto, (max-width: 1024px) 100vw, 1024px\" \/><\/a><\/figure><\/li><li class=\"blocks-gallery-item\"><figure><a href=\"https:\/\/www.elsindical.com.ar\/notas\/var\/www\/html\/notas\/wp-content\/uploads\/2021\/06\/hoo4.jpg\"><img loading=\"lazy\" decoding=\"async\" width=\"394\" height=\"599\" src=\"https:\/\/www.elsindical.com.ar\/notas\/var\/www\/html\/notas\/wp-content\/uploads\/2021\/06\/hoo4.jpg\" alt=\"\" data-id=\"105278\" data-full-url=\"https:\/\/www.elsindical.com.ar\/notas\/var\/www\/html\/notas\/wp-content\/uploads\/2021\/06\/hoo4.jpg\" data-link=\"https:\/\/www.elsindical.com.ar\/notas\/?attachment_id=105278#main\" class=\"wp-image-105278\" srcset=\"https:\/\/www.elsindical.com.ar\/notas\/var\/www\/html\/notas\/wp-content\/uploads\/2021\/06\/hoo4.jpg 394w, https:\/\/www.elsindical.com.ar\/notas\/var\/www\/html\/notas\/wp-content\/uploads\/2021\/06\/hoo4-197x300.jpg 197w\" sizes=\"auto, (max-width: 394px) 100vw, 394px\" \/><\/a><\/figure><\/li><li class=\"blocks-gallery-item\"><figure><a href=\"https:\/\/www.elsindical.com.ar\/notas\/var\/www\/html\/notas\/wp-content\/uploads\/2021\/06\/jiuii5.jpg\"><img loading=\"lazy\" decoding=\"async\" width=\"416\" height=\"638\" src=\"https:\/\/www.elsindical.com.ar\/notas\/var\/www\/html\/notas\/wp-content\/uploads\/2021\/06\/jiuii5.jpg\" alt=\"\" data-id=\"105279\" data-full-url=\"https:\/\/www.elsindical.com.ar\/notas\/var\/www\/html\/notas\/wp-content\/uploads\/2021\/06\/jiuii5.jpg\" data-link=\"https:\/\/www.elsindical.com.ar\/notas\/?attachment_id=105279#main\" class=\"wp-image-105279\" srcset=\"https:\/\/www.elsindical.com.ar\/notas\/var\/www\/html\/notas\/wp-content\/uploads\/2021\/06\/jiuii5.jpg 416w, https:\/\/www.elsindical.com.ar\/notas\/var\/www\/html\/notas\/wp-content\/uploads\/2021\/06\/jiuii5-196x300.jpg 196w\" sizes=\"auto, (max-width: 416px) 100vw, 416px\" \/><\/a><\/figure><\/li><li class=\"blocks-gallery-item\"><figure><a href=\"https:\/\/www.elsindical.com.ar\/notas\/var\/www\/html\/notas\/wp-content\/uploads\/2021\/06\/oiuoi4.jpg\"><img loading=\"lazy\" decoding=\"async\" width=\"403\" height=\"647\" src=\"https:\/\/www.elsindical.com.ar\/notas\/var\/www\/html\/notas\/wp-content\/uploads\/2021\/06\/oiuoi4.jpg\" alt=\"\" data-id=\"105280\" data-full-url=\"https:\/\/www.elsindical.com.ar\/notas\/var\/www\/html\/notas\/wp-content\/uploads\/2021\/06\/oiuoi4.jpg\" data-link=\"https:\/\/www.elsindical.com.ar\/notas\/?attachment_id=105280#main\" class=\"wp-image-105280\" srcset=\"https:\/\/www.elsindical.com.ar\/notas\/var\/www\/html\/notas\/wp-content\/uploads\/2021\/06\/oiuoi4.jpg 403w, https:\/\/www.elsindical.com.ar\/notas\/var\/www\/html\/notas\/wp-content\/uploads\/2021\/06\/oiuoi4-187x300.jpg 187w\" sizes=\"auto, (max-width: 403px) 100vw, 403px\" \/><\/a><\/figure><\/li><li class=\"blocks-gallery-item\"><figure><a href=\"https:\/\/www.elsindical.com.ar\/notas\/var\/www\/html\/notas\/wp-content\/uploads\/2021\/06\/ljk52.jpg\"><img loading=\"lazy\" decoding=\"async\" width=\"1024\" height=\"597\" src=\"https:\/\/www.elsindical.com.ar\/notas\/var\/www\/html\/notas\/wp-content\/uploads\/2021\/06\/ljk52-1024x597.jpg\" alt=\"\" data-id=\"105281\" data-full-url=\"https:\/\/www.elsindical.com.ar\/notas\/var\/www\/html\/notas\/wp-content\/uploads\/2021\/06\/ljk52.jpg\" data-link=\"https:\/\/www.elsindical.com.ar\/notas\/?attachment_id=105281#main\" class=\"wp-image-105281\" srcset=\"https:\/\/www.elsindical.com.ar\/notas\/var\/www\/html\/notas\/wp-content\/uploads\/2021\/06\/ljk52-1024x597.jpg 1024w, https:\/\/www.elsindical.com.ar\/notas\/var\/www\/html\/notas\/wp-content\/uploads\/2021\/06\/ljk52-300x175.jpg 300w, https:\/\/www.elsindical.com.ar\/notas\/var\/www\/html\/notas\/wp-content\/uploads\/2021\/06\/ljk52-768x448.jpg 768w, https:\/\/www.elsindical.com.ar\/notas\/var\/www\/html\/notas\/wp-content\/uploads\/2021\/06\/ljk52-500x292.jpg 500w, https:\/\/www.elsindical.com.ar\/notas\/var\/www\/html\/notas\/wp-content\/uploads\/2021\/06\/ljk52.jpg 1183w\" sizes=\"auto, (max-width: 1024px) 100vw, 1024px\" \/><\/a><\/figure><\/li><li class=\"blocks-gallery-item\"><figure><a href=\"https:\/\/www.elsindical.com.ar\/notas\/var\/www\/html\/notas\/wp-content\/uploads\/2021\/06\/ioiui41.jpg\"><img loading=\"lazy\" decoding=\"async\" width=\"405\" height=\"638\" src=\"https:\/\/www.elsindical.com.ar\/notas\/var\/www\/html\/notas\/wp-content\/uploads\/2021\/06\/ioiui41.jpg\" alt=\"\" data-id=\"105282\" data-full-url=\"https:\/\/www.elsindical.com.ar\/notas\/var\/www\/html\/notas\/wp-content\/uploads\/2021\/06\/ioiui41.jpg\" data-link=\"https:\/\/www.elsindical.com.ar\/notas\/?attachment_id=105282#main\" class=\"wp-image-105282\" srcset=\"https:\/\/www.elsindical.com.ar\/notas\/var\/www\/html\/notas\/wp-content\/uploads\/2021\/06\/ioiui41.jpg 405w, https:\/\/www.elsindical.com.ar\/notas\/var\/www\/html\/notas\/wp-content\/uploads\/2021\/06\/ioiui41-190x300.jpg 190w\" sizes=\"auto, (max-width: 405px) 100vw, 405px\" \/><\/a><\/figure><\/li><li class=\"blocks-gallery-item\"><figure><a href=\"https:\/\/www.elsindical.com.ar\/notas\/var\/www\/html\/notas\/wp-content\/uploads\/2021\/06\/yyty4.jpg\"><img loading=\"lazy\" decoding=\"async\" width=\"401\" height=\"647\" src=\"https:\/\/www.elsindical.com.ar\/notas\/var\/www\/html\/notas\/wp-content\/uploads\/2021\/06\/yyty4.jpg\" alt=\"\" data-id=\"105283\" data-full-url=\"https:\/\/www.elsindical.com.ar\/notas\/var\/www\/html\/notas\/wp-content\/uploads\/2021\/06\/yyty4.jpg\" data-link=\"https:\/\/www.elsindical.com.ar\/notas\/?attachment_id=105283#main\" class=\"wp-image-105283\" srcset=\"https:\/\/www.elsindical.com.ar\/notas\/var\/www\/html\/notas\/wp-content\/uploads\/2021\/06\/yyty4.jpg 401w, https:\/\/www.elsindical.com.ar\/notas\/var\/www\/html\/notas\/wp-content\/uploads\/2021\/06\/yyty4-186x300.jpg 186w\" sizes=\"auto, (max-width: 401px) 100vw, 401px\" \/><\/a><\/figure><\/li><li class=\"blocks-gallery-item\"><figure><a href=\"https:\/\/www.elsindical.com.ar\/notas\/var\/www\/html\/notas\/wp-content\/uploads\/2021\/06\/iiyiyuiu4.jpg\"><img loading=\"lazy\" decoding=\"async\" width=\"392\" height=\"553\" src=\"https:\/\/www.elsindical.com.ar\/notas\/var\/www\/html\/notas\/wp-content\/uploads\/2021\/06\/iiyiyuiu4.jpg\" alt=\"\" data-id=\"105284\" data-full-url=\"https:\/\/www.elsindical.com.ar\/notas\/var\/www\/html\/notas\/wp-content\/uploads\/2021\/06\/iiyiyuiu4.jpg\" data-link=\"https:\/\/www.elsindical.com.ar\/notas\/?attachment_id=105284#main\" class=\"wp-image-105284\" srcset=\"https:\/\/www.elsindical.com.ar\/notas\/var\/www\/html\/notas\/wp-content\/uploads\/2021\/06\/iiyiyuiu4.jpg 392w, https:\/\/www.elsindical.com.ar\/notas\/var\/www\/html\/notas\/wp-content\/uploads\/2021\/06\/iiyiyuiu4-213x300.jpg 213w\" sizes=\"auto, (max-width: 392px) 100vw, 392px\" \/><\/a><\/figure><\/li><li class=\"blocks-gallery-item\"><figure><a href=\"https:\/\/www.elsindical.com.ar\/notas\/var\/www\/html\/notas\/wp-content\/uploads\/2021\/06\/khhk54.jpg\"><img loading=\"lazy\" decoding=\"async\" width=\"404\" height=\"591\" src=\"https:\/\/www.elsindical.com.ar\/notas\/var\/www\/html\/notas\/wp-content\/uploads\/2021\/06\/khhk54.jpg\" alt=\"\" data-id=\"105285\" data-full-url=\"https:\/\/www.elsindical.com.ar\/notas\/var\/www\/html\/notas\/wp-content\/uploads\/2021\/06\/khhk54.jpg\" data-link=\"https:\/\/www.elsindical.com.ar\/notas\/?attachment_id=105285#main\" class=\"wp-image-105285\" srcset=\"https:\/\/www.elsindical.com.ar\/notas\/var\/www\/html\/notas\/wp-content\/uploads\/2021\/06\/khhk54.jpg 404w, https:\/\/www.elsindical.com.ar\/notas\/var\/www\/html\/notas\/wp-content\/uploads\/2021\/06\/khhk54-205x300.jpg 205w\" sizes=\"auto, (max-width: 404px) 100vw, 404px\" \/><\/a><\/figure><\/li><li class=\"blocks-gallery-item\"><figure><a href=\"https:\/\/www.elsindical.com.ar\/notas\/var\/www\/html\/notas\/wp-content\/uploads\/2021\/06\/ppip5.jpg\"><img loading=\"lazy\" decoding=\"async\" width=\"401\" height=\"609\" src=\"https:\/\/www.elsindical.com.ar\/notas\/var\/www\/html\/notas\/wp-content\/uploads\/2021\/06\/ppip5.jpg\" alt=\"\" data-id=\"105286\" data-full-url=\"https:\/\/www.elsindical.com.ar\/notas\/var\/www\/html\/notas\/wp-content\/uploads\/2021\/06\/ppip5.jpg\" data-link=\"https:\/\/www.elsindical.com.ar\/notas\/?attachment_id=105286#main\" class=\"wp-image-105286\" srcset=\"https:\/\/www.elsindical.com.ar\/notas\/var\/www\/html\/notas\/wp-content\/uploads\/2021\/06\/ppip5.jpg 401w, https:\/\/www.elsindical.com.ar\/notas\/var\/www\/html\/notas\/wp-content\/uploads\/2021\/06\/ppip5-198x300.jpg 198w\" sizes=\"auto, (max-width: 401px) 100vw, 401px\" \/><\/a><\/figure><\/li><li class=\"blocks-gallery-item\"><figure><a href=\"https:\/\/www.elsindical.com.ar\/notas\/var\/www\/html\/notas\/wp-content\/uploads\/2021\/06\/ouui74.jpg\"><img loading=\"lazy\" decoding=\"async\" width=\"406\" height=\"573\" src=\"https:\/\/www.elsindical.com.ar\/notas\/var\/www\/html\/notas\/wp-content\/uploads\/2021\/06\/ouui74.jpg\" alt=\"\" data-id=\"105287\" data-full-url=\"https:\/\/www.elsindical.com.ar\/notas\/var\/www\/html\/notas\/wp-content\/uploads\/2021\/06\/ouui74.jpg\" data-link=\"https:\/\/www.elsindical.com.ar\/notas\/?attachment_id=105287#main\" class=\"wp-image-105287\" srcset=\"https:\/\/www.elsindical.com.ar\/notas\/var\/www\/html\/notas\/wp-content\/uploads\/2021\/06\/ouui74.jpg 406w, https:\/\/www.elsindical.com.ar\/notas\/var\/www\/html\/notas\/wp-content\/uploads\/2021\/06\/ouui74-213x300.jpg 213w\" sizes=\"auto, (max-width: 406px) 100vw, 406px\" \/><\/a><\/figure><\/li><li class=\"blocks-gallery-item\"><figure><a href=\"https:\/\/www.elsindical.com.ar\/notas\/var\/www\/html\/notas\/wp-content\/uploads\/2021\/06\/oiuio41.jpg\"><img loading=\"lazy\" decoding=\"async\" width=\"389\" height=\"692\" src=\"https:\/\/www.elsindical.com.ar\/notas\/var\/www\/html\/notas\/wp-content\/uploads\/2021\/06\/oiuio41.jpg\" alt=\"\" data-id=\"105288\" data-full-url=\"https:\/\/www.elsindical.com.ar\/notas\/var\/www\/html\/notas\/wp-content\/uploads\/2021\/06\/oiuio41.jpg\" data-link=\"https:\/\/www.elsindical.com.ar\/notas\/?attachment_id=105288#main\" class=\"wp-image-105288\" srcset=\"https:\/\/www.elsindical.com.ar\/notas\/var\/www\/html\/notas\/wp-content\/uploads\/2021\/06\/oiuio41.jpg 389w, https:\/\/www.elsindical.com.ar\/notas\/var\/www\/html\/notas\/wp-content\/uploads\/2021\/06\/oiuio41-169x300.jpg 169w\" sizes=\"auto, (max-width: 389px) 100vw, 389px\" \/><\/a><\/figure><\/li><li class=\"blocks-gallery-item\"><figure><a href=\"https:\/\/www.elsindical.com.ar\/notas\/var\/www\/html\/notas\/wp-content\/uploads\/2021\/06\/oioui45.jpg\"><img loading=\"lazy\" decoding=\"async\" width=\"1024\" height=\"584\" src=\"https:\/\/www.elsindical.com.ar\/notas\/var\/www\/html\/notas\/wp-content\/uploads\/2021\/06\/oioui45-1024x584.jpg\" alt=\"\" data-id=\"105289\" data-full-url=\"https:\/\/www.elsindical.com.ar\/notas\/var\/www\/html\/notas\/wp-content\/uploads\/2021\/06\/oioui45.jpg\" data-link=\"https:\/\/www.elsindical.com.ar\/notas\/?attachment_id=105289#main\" class=\"wp-image-105289\" srcset=\"https:\/\/www.elsindical.com.ar\/notas\/var\/www\/html\/notas\/wp-content\/uploads\/2021\/06\/oioui45-1024x584.jpg 1024w, https:\/\/www.elsindical.com.ar\/notas\/var\/www\/html\/notas\/wp-content\/uploads\/2021\/06\/oioui45-300x171.jpg 300w, https:\/\/www.elsindical.com.ar\/notas\/var\/www\/html\/notas\/wp-content\/uploads\/2021\/06\/oioui45-768x438.jpg 768w, https:\/\/www.elsindical.com.ar\/notas\/var\/www\/html\/notas\/wp-content\/uploads\/2021\/06\/oioui45-500x285.jpg 500w, https:\/\/www.elsindical.com.ar\/notas\/var\/www\/html\/notas\/wp-content\/uploads\/2021\/06\/oioui45-220x126.jpg 220w, https:\/\/www.elsindical.com.ar\/notas\/var\/www\/html\/notas\/wp-content\/uploads\/2021\/06\/oioui45.jpg 1223w\" sizes=\"auto, (max-width: 1024px) 100vw, 1024px\" \/><\/a><\/figure><\/li><li class=\"blocks-gallery-item\"><figure><a href=\"https:\/\/www.elsindical.com.ar\/notas\/var\/www\/html\/notas\/wp-content\/uploads\/2021\/06\/poio41.jpg\"><img loading=\"lazy\" decoding=\"async\" width=\"395\" height=\"645\" src=\"https:\/\/www.elsindical.com.ar\/notas\/var\/www\/html\/notas\/wp-content\/uploads\/2021\/06\/poio41.jpg\" alt=\"\" data-id=\"105290\" data-full-url=\"https:\/\/www.elsindical.com.ar\/notas\/var\/www\/html\/notas\/wp-content\/uploads\/2021\/06\/poio41.jpg\" data-link=\"https:\/\/www.elsindical.com.ar\/notas\/?attachment_id=105290#main\" class=\"wp-image-105290\" srcset=\"https:\/\/www.elsindical.com.ar\/notas\/var\/www\/html\/notas\/wp-content\/uploads\/2021\/06\/poio41.jpg 395w, https:\/\/www.elsindical.com.ar\/notas\/var\/www\/html\/notas\/wp-content\/uploads\/2021\/06\/poio41-184x300.jpg 184w\" sizes=\"auto, (max-width: 395px) 100vw, 395px\" \/><\/a><\/figure><\/li><\/ul><\/figure>\n","protected":false},"excerpt":{"rendered":"<p>RESULTADO MEGA-ALLANAMIENTOS AMBITO JURIDICCIONAL DE QUILMES\/LA PLATA\/ LAN\u00daS\/ TEMPERLEY.- S.R. AMBA SUR 1- CRIA QUILMES 5\u00ba LA CA\u00d1ADA08JUN21 TEXTO: Fecha personal policial lleva a cabo m\u00faltiples allanamientos, en el marco de la IPP 13-00-010459-21\/00 con la intervenci\u00f3n de la UFIYJ N\u00b012 y Jdo de Garant\u00edas n\u00b0 02 ambos del depto. Judicial Quilmes, a ra\u00edz de&hellip;<\/p>\n","protected":false},"author":1,"featured_media":105272,"comment_status":"open","ping_status":"open","sticky":false,"template":"","format":"standard","meta":{"footnotes":""},"categories":[22],"tags":[493,2450,34354,239,209,684,32890,32891,1430,10024],"class_list":["post-105271","post","type-post","status-publish","format-standard","has-post-thumbnail","hentry","category-policiales","tag-allanamientos","tag-diario-el-sindical","tag-encubrimiento-agravado","tag-la-plata","tag-lanus","tag-quilmes","tag-superintendencia-region-amba-sur-i","tag-superintendente-javier-carlos-villar","tag-temperley","tag-tenencia-ilegal-de-arma-de-guerra"],"_links":{"self":[{"href":"https:\/\/www.elsindical.com.ar\/notas\/wp-json\/wp\/v2\/posts\/105271","targetHints":{"allow":["GET"]}}],"collection":[{"href":"https:\/\/www.elsindical.com.ar\/notas\/wp-json\/wp\/v2\/posts"}],"about":[{"href":"https:\/\/www.elsindical.com.ar\/notas\/wp-json\/wp\/v2\/types\/post"}],"author":[{"embeddable":true,"href":"https:\/\/www.elsindical.com.ar\/notas\/wp-json\/wp\/v2\/users\/1"}],"replies":[{"embeddable":true,"href":"https:\/\/www.elsindical.com.ar\/notas\/wp-json\/wp\/v2\/comments?post=105271"}],"version-history":[{"count":1,"href":"https:\/\/www.elsindical.com.ar\/notas\/wp-json\/wp\/v2\/posts\/105271\/revisions"}],"predecessor-version":[{"id":105291,"href":"https:\/\/www.elsindical.com.ar\/notas\/wp-json\/wp\/v2\/posts\/105271\/revisions\/105291"}],"wp:featuredmedia":[{"embeddable":true,"href":"https:\/\/www.elsindical.com.ar\/notas\/wp-json\/wp\/v2\/media\/105272"}],"wp:attachment":[{"href":"https:\/\/www.elsindical.com.ar\/notas\/wp-json\/wp\/v2\/media?parent=105271"}],"wp:term":[{"taxonomy":"category","embeddable":true,"href":"https:\/\/www.elsindical.com.ar\/notas\/wp-json\/wp\/v2\/categories?post=105271"},{"taxonomy":"post_tag","embeddable":true,"href":"https:\/\/www.elsindical.com.ar\/notas\/wp-json\/wp\/v2\/tags?post=105271"}],"curies":[{"name":"wp","href":"https:\/\/api.w.org\/{rel}","templated":true}]}}