{"id":105172,"date":"2021-06-03T10:26:58","date_gmt":"2021-06-03T13:26:58","guid":{"rendered":"https:\/\/www.elsindical.com.ar\/notas\/?p=105172"},"modified":"2021-06-03T10:26:59","modified_gmt":"2021-06-03T13:26:59","slug":"uatre-voytenco-relanzo-su-conduccion-con-respaldo-federal-y-confirmo-la-suspension-del-diputado-ansaloni","status":"publish","type":"post","link":"https:\/\/www.elsindical.com.ar\/notas\/uatre-voytenco-relanzo-su-conduccion-con-respaldo-federal-y-confirmo-la-suspension-del-diputado-ansaloni\/","title":{"rendered":"UATRE: Voytenco relanz\u00f3 su conducci\u00f3n con respaldo federal y confirm\u00f3 la suspensi\u00f3n del diputado Ansaloni"},"content":{"rendered":"\n<div class=\"wp-block-image\"><figure class=\"aligncenter size-large is-resized\"><a href=\"https:\/\/www.elsindical.com.ar\/notas\/var\/www\/html\/notas\/wp-content\/uploads\/2021\/06\/Jose-Voytenco.jpg\"><img loading=\"lazy\" decoding=\"async\" src=\"https:\/\/www.elsindical.com.ar\/notas\/var\/www\/html\/notas\/wp-content\/uploads\/2021\/06\/Jose-Voytenco.jpg\" alt=\"\" class=\"wp-image-105173\" width=\"598\" height=\"336\" srcset=\"https:\/\/www.elsindical.com.ar\/notas\/var\/www\/html\/notas\/wp-content\/uploads\/2021\/06\/Jose-Voytenco.jpg 512w, https:\/\/www.elsindical.com.ar\/notas\/var\/www\/html\/notas\/wp-content\/uploads\/2021\/06\/Jose-Voytenco-300x169.jpg 300w, https:\/\/www.elsindical.com.ar\/notas\/var\/www\/html\/notas\/wp-content\/uploads\/2021\/06\/Jose-Voytenco-500x281.jpg 500w\" sizes=\"auto, (max-width: 598px) 100vw, 598px\" \/><\/a><\/figure><\/div>\n\n\n\n<p>El titular de la Uni\u00f3n Argentina de Trabajadores Rurales y Estibadores (UATRE), Jos\u00e9 Voytenco, consigui\u00f3 el respaldo del m\u00e1ximo organismo del sindicato y confirm\u00f3 la decisi\u00f3n de suspender al diputado nacional, Pablo Ansaloni. Adem\u00e1s impulsar\u00e1n la causa que investiga al legislador por defraudaci\u00f3n a la Obra Social.<\/p>\n\n\n\n<p>Una reuni\u00f3n extraordinaria del Consejo Asesor Central de la UATRE, \u00f3rgano directivo superior al Secretariado Nacional compuesto por representantes electos por cada provincia del pa\u00eds, respald\u00f3 hoy la gesti\u00f3n del chaque\u00f1o Jos\u00e9 Voytenco.<\/p>\n\n\n\n<p>\u201cAll\u00ed los dirigentes ratificaron la decisi\u00f3n de suspender de sus funciones gremiales a Pablo Ansaloni y de impulsar la causa que lo investiga por las supuestas defraudaciones, a trav\u00e9s del sistema de reintegros, a la obra social sindical OSPRERA\u201d, indic\u00f3 Voytenco.<\/p>\n\n\n\n<p>Adem\u00e1s, se ratificaron los nombres de las nuevas autoridades de la OSPRERA, lo que confirm\u00f3 la asunci\u00f3n de Voytenco al frente de la instituci\u00f3n.<\/p>\n\n\n\n<p>La resoluci\u00f3n gremial est\u00e1 en sinton\u00eda con la definici\u00f3n judicial de la interna que enfrent\u00f3 a Voytenco con Ansaloni. Vale recordar que el pasado 18 de mayo, el Juzgado Federal de Caleta Olivia le orden\u00f3 a la Superintendencia de Servicios de Salud el reconocimiento de las autoridades designadas por el Secretariado Nacional, que ahora fueron refrendadas.<\/p>\n\n\n\n<p>Fuentes legales de la UATRE destacan que el fallo de la Justicia Federal de Caleta Olivia, \u00abse bas\u00f3 en una convalidaci\u00f3n del principio de autonom\u00eda sindical, regulado por el Convenio 87 de la OIT sobre libertad sindical, con jerarqu\u00eda supralegal, y que hab\u00eda sido vulnerado gravemente por la Superintendencia de Servicios de Salud al pretender desconocer una decisi\u00f3n aut\u00f3noma de una asociaci\u00f3n sindical\u00bb.<\/p>\n\n\n\n<p>Con este respaldo del Consejo Asesor Central de la UATRE, Voytenco consigue el consenso interno suficiente para lo que ser\u00e1 un relanzamiento de su gesti\u00f3n con un perfil m\u00e1s federal. \u00abEs un claro gesto de Voytenco hacia los dirigentes y seccionales de las provincias, implementando una pol\u00edtica gremial que se diferencia del tradicional centralismo que supo tener la uni\u00f3n, con base en la Provincia de Buenos Aires\u00bb, explicaron voceros gremiales.<\/p>\n\n\n\n<p>Tambi\u00e9n se efectuaron mociones de apoyo al Secretariado General, que fueron aprobadas por amplia mayor\u00eda en el seno del \u00f3rgano directivo.<\/p>\n\n\n\n<p>El Consejo Asesor Central fue presidido por Jos\u00e9 Liguen, Consejero en representaci\u00f3n de la Provincia de Rio Negro, quien destaco la participaci\u00f3n de los representantes del interior. Adem\u00e1s efectu\u00f3 un llamado a la unidad para fortalecer a la UATRE en defensa de los derechos de sus representados.<\/p>\n\n\n\n<figure class=\"wp-block-image size-large\"><a href=\"https:\/\/www.elsindical.com.ar\/notas\/var\/www\/html\/notas\/wp-content\/uploads\/2021\/06\/Consejo-de-UATRE.jpg\"><img loading=\"lazy\" decoding=\"async\" width=\"1024\" height=\"768\" src=\"https:\/\/www.elsindical.com.ar\/notas\/var\/www\/html\/notas\/wp-content\/uploads\/2021\/06\/Consejo-de-UATRE.jpg\" alt=\"\" class=\"wp-image-105174\" srcset=\"https:\/\/www.elsindical.com.ar\/notas\/var\/www\/html\/notas\/wp-content\/uploads\/2021\/06\/Consejo-de-UATRE.jpg 1024w, https:\/\/www.elsindical.com.ar\/notas\/var\/www\/html\/notas\/wp-content\/uploads\/2021\/06\/Consejo-de-UATRE-300x225.jpg 300w, https:\/\/www.elsindical.com.ar\/notas\/var\/www\/html\/notas\/wp-content\/uploads\/2021\/06\/Consejo-de-UATRE-768x576.jpg 768w, https:\/\/www.elsindical.com.ar\/notas\/var\/www\/html\/notas\/wp-content\/uploads\/2021\/06\/Consejo-de-UATRE-400x300.jpg 400w\" sizes=\"auto, (max-width: 1024px) 100vw, 1024px\" \/><\/a><\/figure>\n","protected":false},"excerpt":{"rendered":"<p>El titular de la Uni\u00f3n Argentina de Trabajadores Rurales y Estibadores (UATRE), Jos\u00e9 Voytenco, consigui\u00f3 el respaldo del m\u00e1ximo organismo del sindicato y confirm\u00f3 la decisi\u00f3n de suspender al diputado nacional, Pablo Ansaloni. Adem\u00e1s impulsar\u00e1n la causa que investiga al legislador por defraudaci\u00f3n a la Obra Social. Una reuni\u00f3n extraordinaria del Consejo Asesor Central de&hellip;<\/p>\n","protected":false},"author":1,"featured_media":105173,"comment_status":"open","ping_status":"open","sticky":false,"template":"","format":"standard","meta":{"footnotes":""},"categories":[16],"tags":[7268,2450,34849,269,1574,34850,5642],"class_list":["post-105172","post","type-post","status-publish","format-standard","has-post-thumbnail","hentry","category-gremiales","tag-denuncia-penal","tag-diario-el-sindical","tag-jose-voytenco","tag-obra-social","tag-oit","tag-pablo-ansaloni","tag-uatre"],"_links":{"self":[{"href":"https:\/\/www.elsindical.com.ar\/notas\/wp-json\/wp\/v2\/posts\/105172","targetHints":{"allow":["GET"]}}],"collection":[{"href":"https:\/\/www.elsindical.com.ar\/notas\/wp-json\/wp\/v2\/posts"}],"about":[{"href":"https:\/\/www.elsindical.com.ar\/notas\/wp-json\/wp\/v2\/types\/post"}],"author":[{"embeddable":true,"href":"https:\/\/www.elsindical.com.ar\/notas\/wp-json\/wp\/v2\/users\/1"}],"replies":[{"embeddable":true,"href":"https:\/\/www.elsindical.com.ar\/notas\/wp-json\/wp\/v2\/comments?post=105172"}],"version-history":[{"count":1,"href":"https:\/\/www.elsindical.com.ar\/notas\/wp-json\/wp\/v2\/posts\/105172\/revisions"}],"predecessor-version":[{"id":105175,"href":"https:\/\/www.elsindical.com.ar\/notas\/wp-json\/wp\/v2\/posts\/105172\/revisions\/105175"}],"wp:featuredmedia":[{"embeddable":true,"href":"https:\/\/www.elsindical.com.ar\/notas\/wp-json\/wp\/v2\/media\/105173"}],"wp:attachment":[{"href":"https:\/\/www.elsindical.com.ar\/notas\/wp-json\/wp\/v2\/media?parent=105172"}],"wp:term":[{"taxonomy":"category","embeddable":true,"href":"https:\/\/www.elsindical.com.ar\/notas\/wp-json\/wp\/v2\/categories?post=105172"},{"taxonomy":"post_tag","embeddable":true,"href":"https:\/\/www.elsindical.com.ar\/notas\/wp-json\/wp\/v2\/tags?post=105172"}],"curies":[{"name":"wp","href":"https:\/\/api.w.org\/{rel}","templated":true}]}}