{"id":105130,"date":"2021-06-02T00:08:48","date_gmt":"2021-06-02T03:08:48","guid":{"rendered":"https:\/\/www.elsindical.com.ar\/notas\/?p=105130"},"modified":"2021-06-02T00:08:49","modified_gmt":"2021-06-02T03:08:49","slug":"miguel-de-lezica-un-funcionario-que-no-funciona","status":"publish","type":"post","link":"https:\/\/www.elsindical.com.ar\/notas\/miguel-de-lezica-un-funcionario-que-no-funciona\/","title":{"rendered":"Miguel De Lezica, un funcionario que no funciona"},"content":{"rendered":"\n<figure class=\"wp-block-image size-large\"><a href=\"https:\/\/www.elsindical.com.ar\/notas\/var\/www\/html\/notas\/wp-content\/uploads\/2021\/06\/Miguel-De-Lezica-sec-control-disciplinario.jpg\"><img loading=\"lazy\" decoding=\"async\" width=\"720\" height=\"456\" src=\"https:\/\/www.elsindical.com.ar\/notas\/var\/www\/html\/notas\/wp-content\/uploads\/2021\/06\/Miguel-De-Lezica-sec-control-disciplinario.jpg\" alt=\"\" class=\"wp-image-105131\" srcset=\"https:\/\/www.elsindical.com.ar\/notas\/var\/www\/html\/notas\/wp-content\/uploads\/2021\/06\/Miguel-De-Lezica-sec-control-disciplinario.jpg 720w, https:\/\/www.elsindical.com.ar\/notas\/var\/www\/html\/notas\/wp-content\/uploads\/2021\/06\/Miguel-De-Lezica-sec-control-disciplinario-300x190.jpg 300w, https:\/\/www.elsindical.com.ar\/notas\/var\/www\/html\/notas\/wp-content\/uploads\/2021\/06\/Miguel-De-Lezica-sec-control-disciplinario-474x300.jpg 474w\" sizes=\"auto, (max-width: 720px) 100vw, 720px\" \/><\/a><\/figure>\n\n\n\n<p class=\"wp-block-paragraph\">Miguel De Lezica, ocupa actualmente el cargo de Coordinador de la Secretar\u00eda de Control Disciplinario y Enjuiciamiento de la Procuraci\u00f3n General de la provincia de Buenos Aires cuyo titular es Julio Conte Grand, es decir que este funcionario tiene una de las tareas m\u00e1s importantes para que el Ministerio P\u00fablico Fiscal funcione y es el de ejercer el control de la forma en que los fiscales desarrollan sus tareas, ergo, sobran denuncias en los medios incluso de pol\u00edticos cuando reclaman que los fiscales trabajen cada vez que un crimen conmueve a la sociedad y se conoce que se pod\u00eda haber evitado, pero un fiscal alegremente minimizo la criminalidad del delincuente y le otorg\u00f3 la libertad.<\/p>\n\n\n\n<p class=\"wp-block-paragraph\">Existe un abuso de parte de los fiscales de la provincia de Buenos Aires respecto al uso del Art. 161 C.P.P de la provincia que hace referencia a la libertad y facultades del Fiscal, este art\u00edculo faculta al Fiscal a ser quien ordene la libertad de un aprehendido por la polic\u00eda antes de que el Juez ordene la detenci\u00f3n o posteriormente cuando considere que no va a solicitar la prisi\u00f3n preventiva.<\/p>\n\n\n\n<p class=\"wp-block-paragraph\">Con este se da el absurdo de que un mismo Fiscal otorgue la libertad a un mismo delincuente varias veces en un plazo de 24 hs. aprehendido por la polic\u00eda en causas por robo cuando la v\u00edctima no puede identificarlo fehacientemente, para que se comprenda voy a dar un ejemplo cotidiano y sencillo, X es un delincuente que roba en la modalidad \u201cmotochorro\u201d, no posee medio de vida alguno, tiene antecedentes por robos y otro delitos como el encubrimiento ya que las veces que fue aprehendido se movilizaba en motos robadas, pero aunque es su forma de actuar, que la moto sea robada poco importa, se le imputa un nuevo encubrimiento y as\u00ed suma procesos menores donde va a continuar excarcelado, es decir, comprar o robar motos para la justicia es algo menor. X usa casco para robar y eso implica que no va a ser identificado o reconocido en una rueda en caso de ser detenido por la polic\u00eda ya que no fue visto por la v\u00edctima su rostro, poco importa que a X le encuentren los partenencias robadas, si no es reconocido, no pasa nada. Hay un caso donde X fue allanado, se le encontr\u00f3 una moto robada, pertenencias varias, DNI, pero fue puesto en libertad a las 20:00 hs. de un lunes, el martes a las 09:00, es decir pocas horas despu\u00e9s X con el mismo fiscal de turno es aprehendido por la polic\u00eda por robo, la v\u00edctima reconoce la moto, a X y se le encuentra en la mochila varios celulares que no puede justificar y 60 mil pesos, pero no el celular de la denunciante, con lo cual X solo fue notificado de una causa por AVERIGUACI\u00d3N IL\u00cdCITO y encubrimiento porque la moto tambi\u00e9n era robada.<\/p>\n\n\n\n<p class=\"wp-block-paragraph\">Esto pasa a diario en la provincia de Buenos Aires, est\u00e1 documentado en causas penales no se trata de algo de o\u00eddas, sino de hechos concretos, m\u00e1s a\u00fan, los fiscales en la provincia de Buenos Aires son m\u00e1s parte del problema de la inseguridad que de la soluci\u00f3n con esta conducta tan displicente donde si no hay heridos graves, un homicidio o se conoce el caso en los medios que todo siga igual.<\/p>\n\n\n\n<p class=\"wp-block-paragraph\">Personalmente he sido v\u00edctima de un robo donde a pesar de que el equipo indicaba la ubicaci\u00f3n, en un domicilio ya allanado por una causa donde se investigaban robos, no se tomaron medidas inmediatas, seg\u00fan la polic\u00eda por culpa de la fiscal\u00eda que no orden\u00f3 un allanamiento en urgencia como suele hacerse en uso del Art. 222 C.P.P, la demora en los allanamientos obvio permiti\u00f3 que no se recupere el celular, pero s\u00ed, se encuentren m\u00e1s de 590 celulares, 70 tablets y cientos de repuestos sin justificar el origen en un comercio clandestino de compra y venta de celulares, tampoco esto gener\u00f3 que se profundice la investigaci\u00f3n, se supone que los fiscales investigan para perseguir el delito, que semejante cantidad de equipos muchos denunciados como robados deber\u00edan ser la punta para desarticular una banda criminal, pero no, la fiscal que ten\u00eda que investigar, seg\u00fan la polic\u00eda, no orden\u00f3 m\u00e1s medidas y as\u00ed, el comerciente vinculado al delito de moda como es la compra y venta de celulares robados, muchos manchados de sangre qued\u00f3 impune y sus otros locales nunca fueron controlados, mucho menos allanados.<\/p>\n\n\n\n<p class=\"wp-block-paragraph\">Cuesta mucho creer que los fiscales son ingenuos y hasta que me demuestren lo contrario, mis sospechas van por el lado de la corrupci\u00f3n, corrupci\u00f3n que la propia Procuraci\u00f3n General en esta oportunidad comandada por Julio Conte Grand no pretende desterrar.<\/p>\n\n\n\n<p class=\"wp-block-paragraph\">Ejercicio sencillo antes que alguien se ofenda, si X, no tiene medios de vida que pueda acreditar, en 72 hs. es aprehendido en distintos hechos criminales, siempre en motos robadas, con pertenencias que no puede justificar, su presunci\u00f3n de inocencia por lo menos deber\u00eda ser investigada para determinar si posee una condici\u00f3n \u00fanica para ser inocente pero siempre estar en motos robadas y vivir sin trabajar, adem\u00e1s de encontrarse celulares, dinero, documentos y pertenencias que no le pertenecen y no aprender nunca a no usar lo que no es de \u00e9l.<\/p>\n\n\n\n<p class=\"wp-block-paragraph\">Los ciudadanos ante esto suelen en general desalentarse, quejarse por las redes sociales o putear a la justicia, algunos, denunciamos, pedimos explicaciones y seguiremos reclamando a los funcionarios que hagan su trabajo como corresponde, porque si uno denuncia con fundamento, invocando faltas tipificadas dentro del ordenamiento que regula el Ministerio P\u00fablico Fiscal por respeto y porque se supone que tiene la formaci\u00f3n acad\u00e9mica para ello resulta inaceptable que abogados que se dicen doctores como es el caso del se\u00f1or Miguel De Lezica haga una Resoluci\u00f3n de carilla y media, sin fundamentos, con una opini\u00f3n parcial y hasta rid\u00edcula en los considerandos.<\/p>\n\n\n\n<p class=\"wp-block-paragraph\">Miguel De Lezica deber\u00eda si tiene honor renunciar a su cargo y dejar que alguien con ganas de trabajar lo haga, cuando usted no controla que los fiscales cumplan con sus obligaciones se transforma en responsable de que los ciudadanos no tengan justicia, es usted se\u00f1or De Lezica parte de la inseguridad, considerar que una investigaci\u00f3n no puede prosperar porque la v\u00edctima no puede identificar al delincuente es justificar lo injustificable, es como culpar a la v\u00edctima de ser v\u00edctima, con su razonamiento el delincuente que roba con un casco es m\u00e1s inteligente que los fiscales y los abogados, porque quedar\u00e1 impune. Digo, en derecho penal, existen pruebas que se denominan indubitables y que ubican a un delincuente mejor en un delito que un testimonio o reconocimiento, digo esto porque con su liviano an\u00e1lisis entonces no tiene sentido que el Ministerio P\u00fablico siquiera inicie un proceso de investigaci\u00f3n.<\/p>\n\n\n\n<p class=\"wp-block-paragraph\">Su posici\u00f3n es adem\u00e1s c\u00f3moda y despreocupada porque las investigaciones de la Secretar\u00eda de Control Disciplinario son inapelables, con lo cual tiene la tranquilidad de que puede firmar relajado cualquier cosa a sabiendas que NO PASA NADA.<\/p>\n\n\n\n<p class=\"wp-block-paragraph\">En defensa de los ciudadanos de bien, los que trabajamos, los que tenemos que cumplir la Ley, los que a pesar de todo hacemos lo correcto, que vamos por los canales institucionales a pesar de que las instituciones tienen personajes que cobran sueldos millonarios anualmente como usted y que lo justifican con una carilla y porque s\u00ed, porque puede, sepa que muchos repudiamos esta clase de formas de cumplir con su rol de funcionario p\u00fablico.<\/p>\n\n\n\n<p class=\"wp-block-paragraph\">Es una verg\u00fcenza que alguien que forma parte de la denominada Corporaci\u00f3n de Abogados Cat\u00f3licos no busque la verdad, que sea c\u00f3mplice de mentiras, que poco le importe controlar a quienes con su inconducta y falta de trabajo dejan en libertad a delincuentes que tienen manchadas de sangre sus manos, una resoluci\u00f3n infundada tiene mucho de mentira y mentir es un pecado.<\/p>\n\n\n\n<p class=\"wp-block-paragraph\">Por Marcelo Ricardo Hawrylciw<\/p>\n","protected":false},"excerpt":{"rendered":"<p>Miguel De Lezica, ocupa actualmente el cargo de Coordinador de la Secretar\u00eda de Control Disciplinario y Enjuiciamiento de la Procuraci\u00f3n General de la provincia de Buenos Aires cuyo titular es Julio Conte Grand, es decir que este funcionario tiene una de las tareas m\u00e1s importantes para que el Ministerio P\u00fablico Fiscal funcione y es el&hellip;<\/p>\n","protected":false},"author":1,"featured_media":105131,"comment_status":"open","ping_status":"open","sticky":false,"template":"","format":"standard","meta":{"footnotes":""},"categories":[10],"tags":[1451,2450,34830,1465,18524,32003,12865],"class_list":["post-105130","post","type-post","status-publish","format-standard","has-post-thumbnail","hentry","category-editorial","tag-corrupcion","tag-diario-el-sindical","tag-miguel-de-lezica","tag-ministerio-publico-fiscal","tag-procuracion-general-de-la-corte-bonaerense","tag-procurador-general-julio-conte-grand","tag-subsecretaria-de-control-disciplinario"],"_links":{"self":[{"href":"https:\/\/www.elsindical.com.ar\/notas\/wp-json\/wp\/v2\/posts\/105130","targetHints":{"allow":["GET"]}}],"collection":[{"href":"https:\/\/www.elsindical.com.ar\/notas\/wp-json\/wp\/v2\/posts"}],"about":[{"href":"https:\/\/www.elsindical.com.ar\/notas\/wp-json\/wp\/v2\/types\/post"}],"author":[{"embeddable":true,"href":"https:\/\/www.elsindical.com.ar\/notas\/wp-json\/wp\/v2\/users\/1"}],"replies":[{"embeddable":true,"href":"https:\/\/www.elsindical.com.ar\/notas\/wp-json\/wp\/v2\/comments?post=105130"}],"version-history":[{"count":1,"href":"https:\/\/www.elsindical.com.ar\/notas\/wp-json\/wp\/v2\/posts\/105130\/revisions"}],"predecessor-version":[{"id":105132,"href":"https:\/\/www.elsindical.com.ar\/notas\/wp-json\/wp\/v2\/posts\/105130\/revisions\/105132"}],"wp:featuredmedia":[{"embeddable":true,"href":"https:\/\/www.elsindical.com.ar\/notas\/wp-json\/wp\/v2\/media\/105131"}],"wp:attachment":[{"href":"https:\/\/www.elsindical.com.ar\/notas\/wp-json\/wp\/v2\/media?parent=105130"}],"wp:term":[{"taxonomy":"category","embeddable":true,"href":"https:\/\/www.elsindical.com.ar\/notas\/wp-json\/wp\/v2\/categories?post=105130"},{"taxonomy":"post_tag","embeddable":true,"href":"https:\/\/www.elsindical.com.ar\/notas\/wp-json\/wp\/v2\/tags?post=105130"}],"curies":[{"name":"wp","href":"https:\/\/api.w.org\/{rel}","templated":true}]}}