{"id":105127,"date":"2021-06-02T00:04:02","date_gmt":"2021-06-02T03:04:02","guid":{"rendered":"https:\/\/www.elsindical.com.ar\/notas\/?p=105127"},"modified":"2021-06-02T00:04:03","modified_gmt":"2021-06-02T03:04:03","slug":"covid-19-se-reportaron-641-muertes-y-35-355-casos-en-las-ultimas-24-horas","status":"publish","type":"post","link":"https:\/\/www.elsindical.com.ar\/notas\/covid-19-se-reportaron-641-muertes-y-35-355-casos-en-las-ultimas-24-horas\/","title":{"rendered":"Covid-19: Se reportaron 641 muertes y 35.355 casos en las \u00faltimas 24 horas"},"content":{"rendered":"\n<figure class=\"wp-block-image size-large\"><a href=\"https:\/\/www.elsindical.com.ar\/notas\/var\/www\/html\/notas\/wp-content\/uploads\/2021\/06\/Covid-Argentina-1-jun-21.jpg\"><img loading=\"lazy\" decoding=\"async\" width=\"850\" height=\"461\" src=\"https:\/\/www.elsindical.com.ar\/notas\/var\/www\/html\/notas\/wp-content\/uploads\/2021\/06\/Covid-Argentina-1-jun-21.jpg\" alt=\"\" class=\"wp-image-105128\" srcset=\"https:\/\/www.elsindical.com.ar\/notas\/var\/www\/html\/notas\/wp-content\/uploads\/2021\/06\/Covid-Argentina-1-jun-21.jpg 850w, https:\/\/www.elsindical.com.ar\/notas\/var\/www\/html\/notas\/wp-content\/uploads\/2021\/06\/Covid-Argentina-1-jun-21-300x163.jpg 300w, https:\/\/www.elsindical.com.ar\/notas\/var\/www\/html\/notas\/wp-content\/uploads\/2021\/06\/Covid-Argentina-1-jun-21-768x417.jpg 768w, https:\/\/www.elsindical.com.ar\/notas\/var\/www\/html\/notas\/wp-content\/uploads\/2021\/06\/Covid-Argentina-1-jun-21-500x271.jpg 500w\" sizes=\"auto, (max-width: 850px) 100vw, 850px\" \/><\/a><\/figure>\n\n\n\n<p class=\"wp-block-paragraph\">Lo inform\u00f3 el Ministerio de Salud. La ocupaci\u00f3n de camas de terapia intensiva en el AMBA es del 77,3%.<\/p>\n\n\n\n<p class=\"wp-block-paragraph\">El Ministerio de Salud confirm\u00f3 que 641 personas murieron y 35.355 fueron reportadas con coronavirus en las \u00faltimas 24 horas en la Argentina, con lo que suman 78.733 los fallecidos registrados oficialmente a nivel nacional y 3.817.139 los contagiados desde el inicio de la pandemia.<\/p>\n\n\n\n<p class=\"wp-block-paragraph\">La cartera sanitaria tambi\u00e9n precis\u00f3 que son 7.417 los internados en unidades de terapia intensiva, con un porcentaje de ocupaci\u00f3n de camas de adultos del 78,1 por ciento por ciento en el pa\u00eds y\u00a0del\u00a077,3 por ciento en el \u00c1rea Metropolitana Buenos Aires (AMBA).<\/p>\n\n\n\n<p class=\"wp-block-paragraph\">Un 44,44 por ciento (15.713 personas) de los infectados de este martes corresponden a la Ciudad y a la provincia de Buenos Aires.<\/p>\n\n\n\n<h5 class=\"wp-block-heading\">Fallecidos<\/h5>\n\n\n\n<p class=\"wp-block-paragraph\">El reporte consign\u00f3 que fallecieron 367 hombres y 264 mujeres, mientras que seis personas de la provincia de Buenos Aires, una de la Ciudad de Buenos Aires, una de Entre R\u00edos, una de Mendoza y una de Misiones fueron reportadas sin dato de sexo.<\/p>\n\n\n\n<p class=\"wp-block-paragraph\">El parte precis\u00f3 que murieron 150 hombres en la provincia de Buenos Aires, 28 en la Ciudad de Buenos Aires, 6 en Catamarca, 7 en Chaco, 15 en Corrientes, 25 en C\u00f3rdoba, 12 en Entre R\u00edos, 7 en Formosa, 5 en La Pampa, 19 en Mendoza, 21 en Neuqu\u00e9n, 9 en R\u00edo Negro, 7 en Salta, 1 en San Juan, 4 en San Luis, 1 en Santa Cruz, 32 en Santa Fe, 4 en Santiago del Estero, 1 en Tierra del Fuego y 13 en Tucum\u00e1n.<\/p>\n\n\n\n<p class=\"wp-block-paragraph\">Tambi\u00e9n fallecieron 111 mujeres en la provincia de Buenos Aires, 13 en la Ciudad de Buenos Aires, 2 en Catamarca, 6 en Chaco, 8 en Corrientes, 18 en C\u00f3rdoba, 9 en Entre R\u00edos, 5 en Formosa, 5 en La Pampa, 21 en Mendoza, 2 en Misiones, 14 en Neuqu\u00e9n, 6 en R\u00edo Negro, 5 en Salta, 5 en San Juan, 2 en San Luis, 23 en Santa Fe, 1 en Santiago del Estero, 1 en Tierra del Fuego y 7 en Tucum\u00e1n.<\/p>\n\n\n\n<h5 class=\"wp-block-heading\">Nuevos casos<\/h5>\n\n\n\n<p class=\"wp-block-paragraph\">Este martes se registraron en la provincia de Buenos Aires 13.283 casos, en la Ciudad de Buenos Aires 2.430, en Catamarca 455, en Chaco 791, en Chubut 506, en Corrientes 167, en C\u00f3rdoba 5.132, en Entre R\u00edos 1.271, en Formosa 1.057, en Jujuy 278, en La Pampa 528, en La Rioja 100, en Mendoza 1.033, en Misiones 153, en Neuqu\u00e9n 845, en R\u00edo Negro 607, en Salta 679, en San Juan 616, en San Luis 436, en Santa Cruz 230, en Santa Fe 3.328, en Santiago del Estero 383, Tierra del Fuego 49 y en Tucum\u00e1n 998.<\/p>\n\n\n\n<p class=\"wp-block-paragraph\">De esta forma la provincia de Buenos Aires suma 1.623.569 casos, la Ciudad de Buenos Aires 420.680, Catamarca 24.197, Chaco 58.998, Chubut 63.252, Corrientes 51.621, C\u00f3rdoba 317.030, Entre R\u00edos 87.052, Formosa 31.564, Jujuy 28.647, La Pampa 43.356, La Rioja 17.501, Mendoza 121.699, Misiones 20.608, Neuqu\u00e9n 91.253, R\u00edo Negro 74.819, Salta 46.058, San Juan 37.634, San Luis 53.499, Santa Cruz 51.772, Santa Fe 348.399, Santiago del Estero 44.300, Tierra del Fuego 28.529 y Tucum\u00e1n 131.102.<\/p>\n\n\n\n<p class=\"wp-block-paragraph\">El Ministerio indic\u00f3 adem\u00e1s que se realizaron en las \u00faltimas 24 horas 107.697 testeos y desde el inicio del brote ascienden a 14.067.367 pruebas diagn\u00f3sticas para esta enfermedad.<\/p>\n","protected":false},"excerpt":{"rendered":"<p>Lo inform\u00f3 el Ministerio de Salud. La ocupaci\u00f3n de camas de terapia intensiva en el AMBA es del 77,3%. El Ministerio de Salud confirm\u00f3 que 641 personas murieron y 35.355 fueron reportadas con coronavirus en las \u00faltimas 24 horas en la Argentina, con lo que suman 78.733 los fallecidos registrados oficialmente a nivel nacional y&hellip;<\/p>\n","protected":false},"author":1,"featured_media":105128,"comment_status":"open","ping_status":"open","sticky":false,"template":"","format":"standard","meta":{"footnotes":""},"categories":[23],"tags":[127,19938,32627,2450,134,22031],"class_list":["post-105127","post","type-post","status-publish","format-standard","has-post-thumbnail","hentry","category-salud","tag-argentina","tag-contagios","tag-covid-19","tag-diario-el-sindical","tag-muertes","tag-salud"],"_links":{"self":[{"href":"https:\/\/www.elsindical.com.ar\/notas\/wp-json\/wp\/v2\/posts\/105127","targetHints":{"allow":["GET"]}}],"collection":[{"href":"https:\/\/www.elsindical.com.ar\/notas\/wp-json\/wp\/v2\/posts"}],"about":[{"href":"https:\/\/www.elsindical.com.ar\/notas\/wp-json\/wp\/v2\/types\/post"}],"author":[{"embeddable":true,"href":"https:\/\/www.elsindical.com.ar\/notas\/wp-json\/wp\/v2\/users\/1"}],"replies":[{"embeddable":true,"href":"https:\/\/www.elsindical.com.ar\/notas\/wp-json\/wp\/v2\/comments?post=105127"}],"version-history":[{"count":1,"href":"https:\/\/www.elsindical.com.ar\/notas\/wp-json\/wp\/v2\/posts\/105127\/revisions"}],"predecessor-version":[{"id":105129,"href":"https:\/\/www.elsindical.com.ar\/notas\/wp-json\/wp\/v2\/posts\/105127\/revisions\/105129"}],"wp:featuredmedia":[{"embeddable":true,"href":"https:\/\/www.elsindical.com.ar\/notas\/wp-json\/wp\/v2\/media\/105128"}],"wp:attachment":[{"href":"https:\/\/www.elsindical.com.ar\/notas\/wp-json\/wp\/v2\/media?parent=105127"}],"wp:term":[{"taxonomy":"category","embeddable":true,"href":"https:\/\/www.elsindical.com.ar\/notas\/wp-json\/wp\/v2\/categories?post=105127"},{"taxonomy":"post_tag","embeddable":true,"href":"https:\/\/www.elsindical.com.ar\/notas\/wp-json\/wp\/v2\/tags?post=105127"}],"curies":[{"name":"wp","href":"https:\/\/api.w.org\/{rel}","templated":true}]}}