{"id":105122,"date":"2021-06-01T23:58:35","date_gmt":"2021-06-02T02:58:35","guid":{"rendered":"https:\/\/www.elsindical.com.ar\/notas\/?p=105122"},"modified":"2021-06-01T23:58:37","modified_gmt":"2021-06-02T02:58:37","slug":"lanus-detienen-en-remedios-de-escalada-a-una-banda-roba-cables-la-integraban-3-policias-bonaerenses","status":"publish","type":"post","link":"https:\/\/www.elsindical.com.ar\/notas\/lanus-detienen-en-remedios-de-escalada-a-una-banda-roba-cables-la-integraban-3-policias-bonaerenses\/","title":{"rendered":"Lan\u00fas: Detienen en Remedios de Escalada a una banda roba cables, la integraban 3 polic\u00edas bonaerenses"},"content":{"rendered":"\n<div class=\"wp-block-image\"><figure class=\"aligncenter size-large\"><a href=\"https:\/\/www.elsindical.com.ar\/notas\/var\/www\/html\/notas\/wp-content\/uploads\/2021\/06\/robo-cables-Lanus-1.jpg\"><img loading=\"lazy\" decoding=\"async\" width=\"639\" height=\"437\" src=\"https:\/\/www.elsindical.com.ar\/notas\/var\/www\/html\/notas\/wp-content\/uploads\/2021\/06\/robo-cables-Lanus-1.jpg\" alt=\"\" class=\"wp-image-105123\" srcset=\"https:\/\/www.elsindical.com.ar\/notas\/var\/www\/html\/notas\/wp-content\/uploads\/2021\/06\/robo-cables-Lanus-1.jpg 639w, https:\/\/www.elsindical.com.ar\/notas\/var\/www\/html\/notas\/wp-content\/uploads\/2021\/06\/robo-cables-Lanus-1-300x205.jpg 300w, https:\/\/www.elsindical.com.ar\/notas\/var\/www\/html\/notas\/wp-content\/uploads\/2021\/06\/robo-cables-Lanus-1-439x300.jpg 439w\" sizes=\"auto, (max-width: 639px) 100vw, 639px\" \/><\/a><\/figure><\/div>\n\n\n\n<p class=\"wp-block-paragraph\">Siete detenidos por el robo de cables en Lan\u00fas. Tres de ellos son polic\u00edas que se desempe\u00f1an en el Grupo Apoyo Departamental (GAD) de Lan\u00fas, quienes custodiaban a los sujetos, mientras robaban el cableado de fibra \u00f3ptica. Todos quedaron imputados por el delito de \u201crobo en poblado y en banda\u201d.<\/p>\n\n\n\n<p class=\"wp-block-paragraph\">El hecho ocurri\u00f3 este martes cuando cuatro sujetos fueron sorprendidos por personal del Comando Patrulla de Lan\u00fas en momentos en que estaban robando cables en las calles Lituania y Ugarte, de Remedios de Escalada, partido de Lan\u00fas.<\/p>\n\n\n\n<p class=\"wp-block-paragraph\">En el lugar se encontraba estacionada una camioneta Mercedes Benz, de color blanca, con cuatro sujetos de entre 23 y 43 a\u00f1os, con ropa de trabajo, uno de ellos sobre una escalera cortando cableado de fibra \u00f3ptica.<\/p>\n\n\n\n<p class=\"wp-block-paragraph\">Seg\u00fan informaron, al ser consultados sobre su labor, los ladrones intentan esquivar las preguntas. En ese momento, se presentan tres hombres vestidos de civil que resultan ser efectivos del Grupo Apoyo Departamental (GAD) de Lan\u00fas, franco de servicio, quienes explicaron que estaban realizando una custodia a personal de Telef\u00f3nica.<\/p>\n\n\n\n<p class=\"wp-block-paragraph\">Posteriormente, se presenta en el lugar un hombre de 63 a\u00f1os, quien se identifica como Jefe de Operaciones de Seguridad de Telef\u00f3nica de Argentina. Este hombre certifica que los sujetos no trabajaban para la empresa y reconoce a uno de los ladrones, como un ex empleado de la firma, quien fuera despedido meses atr\u00e1s.<\/p>\n\n\n\n<p class=\"wp-block-paragraph\">Minutos despu\u00e9s, se dispuso la detenci\u00f3n de los tres efectivos policiales y los cuatro sujetos que estaban robando el cable de fibra \u00f3ptica en el lugar, quienes quedaron imputados por el delito de \u201crobo en poblado y en banda\u201d.<\/p>\n\n\n\n<figure class=\"wp-block-gallery columns-1 is-cropped wp-block-gallery-1 is-layout-flex wp-block-gallery-is-layout-flex\"><ul class=\"blocks-gallery-grid\"><li class=\"blocks-gallery-item\"><figure><a href=\"https:\/\/www.elsindical.com.ar\/notas\/var\/www\/html\/notas\/wp-content\/uploads\/2021\/06\/robo-cables-Lanus-2.jpg\"><img loading=\"lazy\" decoding=\"async\" width=\"639\" height=\"427\" src=\"https:\/\/www.elsindical.com.ar\/notas\/var\/www\/html\/notas\/wp-content\/uploads\/2021\/06\/robo-cables-Lanus-2.jpg\" alt=\"\" data-id=\"105124\" data-full-url=\"https:\/\/www.elsindical.com.ar\/notas\/var\/www\/html\/notas\/wp-content\/uploads\/2021\/06\/robo-cables-Lanus-2.jpg\" data-link=\"https:\/\/www.elsindical.com.ar\/notas\/?attachment_id=105124#main\" class=\"wp-image-105124\" srcset=\"https:\/\/www.elsindical.com.ar\/notas\/var\/www\/html\/notas\/wp-content\/uploads\/2021\/06\/robo-cables-Lanus-2.jpg 639w, https:\/\/www.elsindical.com.ar\/notas\/var\/www\/html\/notas\/wp-content\/uploads\/2021\/06\/robo-cables-Lanus-2-300x200.jpg 300w, https:\/\/www.elsindical.com.ar\/notas\/var\/www\/html\/notas\/wp-content\/uploads\/2021\/06\/robo-cables-Lanus-2-449x300.jpg 449w\" sizes=\"auto, (max-width: 639px) 100vw, 639px\" \/><\/a><\/figure><\/li><li class=\"blocks-gallery-item\"><figure><a href=\"https:\/\/www.elsindical.com.ar\/notas\/var\/www\/html\/notas\/wp-content\/uploads\/2021\/06\/robo-cables-Lanus-3.jpg\"><img loading=\"lazy\" decoding=\"async\" width=\"639\" height=\"437\" src=\"https:\/\/www.elsindical.com.ar\/notas\/var\/www\/html\/notas\/wp-content\/uploads\/2021\/06\/robo-cables-Lanus-3.jpg\" alt=\"\" data-id=\"105125\" data-full-url=\"https:\/\/www.elsindical.com.ar\/notas\/var\/www\/html\/notas\/wp-content\/uploads\/2021\/06\/robo-cables-Lanus-3.jpg\" data-link=\"https:\/\/www.elsindical.com.ar\/notas\/?attachment_id=105125#main\" class=\"wp-image-105125\" srcset=\"https:\/\/www.elsindical.com.ar\/notas\/var\/www\/html\/notas\/wp-content\/uploads\/2021\/06\/robo-cables-Lanus-3.jpg 639w, https:\/\/www.elsindical.com.ar\/notas\/var\/www\/html\/notas\/wp-content\/uploads\/2021\/06\/robo-cables-Lanus-3-300x205.jpg 300w, https:\/\/www.elsindical.com.ar\/notas\/var\/www\/html\/notas\/wp-content\/uploads\/2021\/06\/robo-cables-Lanus-3-439x300.jpg 439w\" sizes=\"auto, (max-width: 639px) 100vw, 639px\" \/><\/a><\/figure><\/li><\/ul><\/figure>\n","protected":false},"excerpt":{"rendered":"<p>Siete detenidos por el robo de cables en Lan\u00fas. Tres de ellos son polic\u00edas que se desempe\u00f1an en el Grupo Apoyo Departamental (GAD) de Lan\u00fas, quienes custodiaban a los sujetos, mientras robaban el cableado de fibra \u00f3ptica. Todos quedaron imputados por el delito de \u201crobo en poblado y en banda\u201d. El hecho ocurri\u00f3 este martes&hellip;<\/p>\n","protected":false},"author":1,"featured_media":105123,"comment_status":"open","ping_status":"open","sticky":false,"template":"","format":"standard","meta":{"footnotes":""},"categories":[22],"tags":[8040,2450,209,2234,6272,23922,32890,32891],"class_list":["post-105122","post","type-post","status-publish","format-standard","has-post-thumbnail","hentry","category-policiales","tag-cables","tag-diario-el-sindical","tag-lanus","tag-policias-bonaerenses","tag-remedios-de-escalada","tag-robo-en-banda-y-en-poblado","tag-superintendencia-region-amba-sur-i","tag-superintendente-javier-carlos-villar"],"_links":{"self":[{"href":"https:\/\/www.elsindical.com.ar\/notas\/wp-json\/wp\/v2\/posts\/105122","targetHints":{"allow":["GET"]}}],"collection":[{"href":"https:\/\/www.elsindical.com.ar\/notas\/wp-json\/wp\/v2\/posts"}],"about":[{"href":"https:\/\/www.elsindical.com.ar\/notas\/wp-json\/wp\/v2\/types\/post"}],"author":[{"embeddable":true,"href":"https:\/\/www.elsindical.com.ar\/notas\/wp-json\/wp\/v2\/users\/1"}],"replies":[{"embeddable":true,"href":"https:\/\/www.elsindical.com.ar\/notas\/wp-json\/wp\/v2\/comments?post=105122"}],"version-history":[{"count":1,"href":"https:\/\/www.elsindical.com.ar\/notas\/wp-json\/wp\/v2\/posts\/105122\/revisions"}],"predecessor-version":[{"id":105126,"href":"https:\/\/www.elsindical.com.ar\/notas\/wp-json\/wp\/v2\/posts\/105122\/revisions\/105126"}],"wp:featuredmedia":[{"embeddable":true,"href":"https:\/\/www.elsindical.com.ar\/notas\/wp-json\/wp\/v2\/media\/105123"}],"wp:attachment":[{"href":"https:\/\/www.elsindical.com.ar\/notas\/wp-json\/wp\/v2\/media?parent=105122"}],"wp:term":[{"taxonomy":"category","embeddable":true,"href":"https:\/\/www.elsindical.com.ar\/notas\/wp-json\/wp\/v2\/categories?post=105122"},{"taxonomy":"post_tag","embeddable":true,"href":"https:\/\/www.elsindical.com.ar\/notas\/wp-json\/wp\/v2\/tags?post=105122"}],"curies":[{"name":"wp","href":"https:\/\/api.w.org\/{rel}","templated":true}]}}