{"id":105119,"date":"2021-06-01T23:50:38","date_gmt":"2021-06-02T02:50:38","guid":{"rendered":"https:\/\/www.elsindical.com.ar\/notas\/?p=105119"},"modified":"2021-06-01T23:50:39","modified_gmt":"2021-06-02T02:50:39","slug":"cordoba-el-gobierno-municipal-gestiono-un-nuevo-vehiculo-para-san-jose-de-la-dormida","status":"publish","type":"post","link":"https:\/\/www.elsindical.com.ar\/notas\/cordoba-el-gobierno-municipal-gestiono-un-nuevo-vehiculo-para-san-jose-de-la-dormida\/","title":{"rendered":"C\u00f3rdoba:  El gobierno municipal gestion\u00f3 un nuevo veh\u00edculo para San Jos\u00e9 de la Dormida"},"content":{"rendered":"\n<figure class=\"wp-block-image size-large\"><a href=\"https:\/\/www.elsindical.com.ar\/notas\/var\/www\/html\/notas\/wp-content\/uploads\/2021\/06\/camioneta-depasitario-judicial-municipio-La-Dormida.jpeg\"><img loading=\"lazy\" decoding=\"async\" width=\"1024\" height=\"1013\" src=\"https:\/\/www.elsindical.com.ar\/notas\/var\/www\/html\/notas\/wp-content\/uploads\/2021\/06\/camioneta-depasitario-judicial-municipio-La-Dormida-1024x1013.jpeg\" alt=\"\" class=\"wp-image-105120\" srcset=\"https:\/\/www.elsindical.com.ar\/notas\/var\/www\/html\/notas\/wp-content\/uploads\/2021\/06\/camioneta-depasitario-judicial-municipio-La-Dormida-1024x1013.jpeg 1024w, https:\/\/www.elsindical.com.ar\/notas\/var\/www\/html\/notas\/wp-content\/uploads\/2021\/06\/camioneta-depasitario-judicial-municipio-La-Dormida-300x297.jpeg 300w, https:\/\/www.elsindical.com.ar\/notas\/var\/www\/html\/notas\/wp-content\/uploads\/2021\/06\/camioneta-depasitario-judicial-municipio-La-Dormida-768x760.jpeg 768w, https:\/\/www.elsindical.com.ar\/notas\/var\/www\/html\/notas\/wp-content\/uploads\/2021\/06\/camioneta-depasitario-judicial-municipio-La-Dormida-303x300.jpeg 303w, https:\/\/www.elsindical.com.ar\/notas\/var\/www\/html\/notas\/wp-content\/uploads\/2021\/06\/camioneta-depasitario-judicial-municipio-La-Dormida-50x50.jpeg 50w, https:\/\/www.elsindical.com.ar\/notas\/var\/www\/html\/notas\/wp-content\/uploads\/2021\/06\/camioneta-depasitario-judicial-municipio-La-Dormida.jpeg 1242w\" sizes=\"auto, (max-width: 1024px) 100vw, 1024px\" \/><\/a><\/figure>\n\n\n\n<p class=\"wp-block-paragraph\"><strong>El gobierno municipal gestion\u00f3 un nuevo veh\u00edculo para San Jos\u00e9 de la Dormida<\/strong><\/p>\n\n\n\n<p class=\"wp-block-paragraph\">El gobierno de San Jos\u00e9 de la Dormida ampl\u00eda la flota vehicular municipal, luego de recibir del Poder Judicial un veh\u00edculo que ser\u00e1 afectado a diversas tareas.<\/p>\n\n\n\n<p class=\"wp-block-paragraph\">Cabe destacar que en estos casos el municipio se convierte en Depositario Judicial de este m\u00f3vil que, luego de ser ploteado y asegurarlo, ser\u00e1 puesto a disposici\u00f3n de las tareas que se requieran de acuerdo a los trabajos inherentes a la gesti\u00f3n.<\/p>\n","protected":false},"excerpt":{"rendered":"<p>El gobierno municipal gestion\u00f3 un nuevo veh\u00edculo para San Jos\u00e9 de la Dormida El gobierno de San Jos\u00e9 de la Dormida ampl\u00eda la flota vehicular municipal, luego de recibir del Poder Judicial un veh\u00edculo que ser\u00e1 afectado a diversas tareas. Cabe destacar que en estos casos el municipio se convierte en Depositario Judicial de este&hellip;<\/p>\n","protected":false},"author":1,"featured_media":105120,"comment_status":"open","ping_status":"open","sticky":false,"template":"","format":"standard","meta":{"footnotes":""},"categories":[13],"tags":[389,153,34829,2450,34828,2281],"class_list":["post-105119","post","type-post","status-publish","format-standard","has-post-thumbnail","hentry","category-politica","tag-camioneta","tag-cordoba","tag-depositario-judicial","tag-diario-el-sindical","tag-municipio-la-dormida","tag-poder-judicial"],"_links":{"self":[{"href":"https:\/\/www.elsindical.com.ar\/notas\/wp-json\/wp\/v2\/posts\/105119","targetHints":{"allow":["GET"]}}],"collection":[{"href":"https:\/\/www.elsindical.com.ar\/notas\/wp-json\/wp\/v2\/posts"}],"about":[{"href":"https:\/\/www.elsindical.com.ar\/notas\/wp-json\/wp\/v2\/types\/post"}],"author":[{"embeddable":true,"href":"https:\/\/www.elsindical.com.ar\/notas\/wp-json\/wp\/v2\/users\/1"}],"replies":[{"embeddable":true,"href":"https:\/\/www.elsindical.com.ar\/notas\/wp-json\/wp\/v2\/comments?post=105119"}],"version-history":[{"count":1,"href":"https:\/\/www.elsindical.com.ar\/notas\/wp-json\/wp\/v2\/posts\/105119\/revisions"}],"predecessor-version":[{"id":105121,"href":"https:\/\/www.elsindical.com.ar\/notas\/wp-json\/wp\/v2\/posts\/105119\/revisions\/105121"}],"wp:featuredmedia":[{"embeddable":true,"href":"https:\/\/www.elsindical.com.ar\/notas\/wp-json\/wp\/v2\/media\/105120"}],"wp:attachment":[{"href":"https:\/\/www.elsindical.com.ar\/notas\/wp-json\/wp\/v2\/media?parent=105119"}],"wp:term":[{"taxonomy":"category","embeddable":true,"href":"https:\/\/www.elsindical.com.ar\/notas\/wp-json\/wp\/v2\/categories?post=105119"},{"taxonomy":"post_tag","embeddable":true,"href":"https:\/\/www.elsindical.com.ar\/notas\/wp-json\/wp\/v2\/tags?post=105119"}],"curies":[{"name":"wp","href":"https:\/\/api.w.org\/{rel}","templated":true}]}}