{"id":105098,"date":"2021-06-01T09:21:29","date_gmt":"2021-06-01T12:21:29","guid":{"rendered":"https:\/\/www.elsindical.com.ar\/notas\/?p=105098"},"modified":"2021-06-01T09:21:30","modified_gmt":"2021-06-01T12:21:30","slug":"junio-llega-con-aumentos-en-gas-celulares-y-monotributo","status":"publish","type":"post","link":"https:\/\/www.elsindical.com.ar\/notas\/junio-llega-con-aumentos-en-gas-celulares-y-monotributo\/","title":{"rendered":"Junio llega con aumentos en gas, celulares y monotributo"},"content":{"rendered":"\n<div class=\"wp-block-image\"><figure class=\"aligncenter size-large\"><a href=\"https:\/\/www.elsindical.com.ar\/notas\/var\/www\/html\/notas\/wp-content\/uploads\/2016\/02\/gas-natural.jpg\"><img loading=\"lazy\" decoding=\"async\" width=\"620\" height=\"388\" src=\"https:\/\/www.elsindical.com.ar\/notas\/var\/www\/html\/notas\/wp-content\/uploads\/2016\/02\/gas-natural.jpg\" alt=\"\" class=\"wp-image-56926\" srcset=\"https:\/\/www.elsindical.com.ar\/notas\/var\/www\/html\/notas\/wp-content\/uploads\/2016\/02\/gas-natural.jpg 620w, https:\/\/www.elsindical.com.ar\/notas\/var\/www\/html\/notas\/wp-content\/uploads\/2016\/02\/gas-natural-300x188.jpg 300w, https:\/\/www.elsindical.com.ar\/notas\/var\/www\/html\/notas\/wp-content\/uploads\/2016\/02\/gas-natural-479x300.jpg 479w\" sizes=\"auto, (max-width: 620px) 100vw, 620px\" \/><\/a><\/figure><\/div>\n\n\n\n<p>En el caso del gas el aumento ser\u00e1 del 6%, la telefon\u00eda m\u00f3vil subir\u00e1 entre 7 y 10% y el monotributo un 35% promedio.<\/p>\n\n\n\n<p>Junio llega con nuevos incrementeos ue afectar\u00e1n las econom\u00edas dom\u00e9sticas en el marco de una segunda ola del coronavirus que condiciona culaquier atisbo de recuperaci\u00f3n.<\/p>\n\n\n\n<p>Tras su publicaci\u00f3n en el Bolet\u00edn Oficial, el Gobierno nacional oficializ\u00f3 a partir de hoy la suba del 6 por ciento promedio de las tarifas de gas para el \u00e1rea metropolitana de Buenos Aires (AMBA) tras dos a\u00f1os de tarifas congeladas.<\/p>\n\n\n\n<p>En ese sentido, hoy el ENARGAS, el ente que regula ese servicio en el AMBA, difundir\u00e1 los cuadros tarifarios para este incremento que fue acordado y aceptado por todas las compa\u00f1\u00edas del sector y que ser\u00e1 del del 6 por ciento para los usuarios residenciales y del 4 por ciento para las Pymes, en tanto que para los grandes usuarios podr\u00eda llegar al 20 por ciento.<\/p>\n\n\n\n<p>Seg\u00fan Metrogas, un cliente de un departamento porte\u00f1o donde vive una familia tipo que paga hoy $1.698 promedio mensual, unos $2.500 durante los meses de invierno y $1.150 durante el resto del a\u00f1o, pasar\u00e1 a pagar $1.786 promedio anual, $2.622 durante los meses de invierno y unos 1.188 pesos el resto del a\u00f1o.<\/p>\n\n\n\n<p>De este modo, la distribuidora concluye que el incremento equivale en ese caso, a un promedio mensual de 90 pesos mensuales para \u00e9sa vivienda a la que presentan con cuatro ocupantes, con dos estufas, un calef\u00f3n y una cocina con horno, cuyo consumo promedio es de 762 m3\/a\u00f1o a $11,92 el m3 y un cargo fijo por factura de $151,50.<\/p>\n\n\n\n<h4 class=\"wp-block-heading\">La telefon\u00eda m\u00f3vil costar\u00e1 entre un 7 y un 10% m\u00e1s<\/h4>\n\n\n\n<p>Por su parte, las principales operadoras de telefon\u00eda celular completar\u00e1n su segundo tramo del aumento iniciado en mayo que consiste en un incremento de entre 7 y 10 por ciento, seg\u00fan la compa\u00f1\u00eda.<\/p>\n\n\n\n<p>Este aumento llega tras que la Justicia dictara una cautelar contra el decreto de necesidad y urgencia que las declar\u00f3 servicio p\u00fablico, una medida que el ente regulador, el Enacom, anunci\u00f3 que apelar\u00e1 ante la Corte Suprema para intentar frenar las subas.<\/p>\n\n\n\n<h4 class=\"wp-block-heading\">AFIP: el monotributo sube m\u00e1s de un 35,3%<\/h4>\n\n\n\n<p>El ajuste alcanzar\u00e1 las cuotas y para las escalas, y llega tras la aprobaci\u00f3n de la ley que fue promulgada a finales de de mayo por lo cual este incremento no lleg\u00f3 a modificar el pago final del quinto mes del a\u00f1o.<\/p>\n\n\n\n<p>Adem\u00e1s, la Administraci\u00f3n Federal de Ingresos P\u00fablicos anunci\u00f3 que recategorizar\u00e1 de oficio a quienes les corresponden una categor\u00eda distinta a la actualizaci\u00f3n. Este a\u00f1o, quien pas\u00f3 al r\u00e9gimen de aut\u00f3nomos voluntariamente y factur\u00f3 hasta un 25 por ciento m\u00e1s que el tope de r\u00e9gimen, podr\u00e1 volver a la categor\u00eda monotributista.<\/p>\n\n\n\n<p>En tanto que aquellos que lo superaron por un valor mayor pasar\u00e1n al r\u00e9gimen general donde adelantaron se establecer\u00e1n beneficios para reducir la carga tributaria.<\/p>\n","protected":false},"excerpt":{"rendered":"<p>En el caso del gas el aumento ser\u00e1 del 6%, la telefon\u00eda m\u00f3vil subir\u00e1 entre 7 y 10% y el monotributo un 35% promedio. Junio llega con nuevos incrementeos ue afectar\u00e1n las econom\u00edas dom\u00e9sticas en el marco de una segunda ola del coronavirus que condiciona culaquier atisbo de recuperaci\u00f3n. Tras su publicaci\u00f3n en el Bolet\u00edn&hellip;<\/p>\n","protected":false},"author":1,"featured_media":56926,"comment_status":"open","ping_status":"open","sticky":false,"template":"","format":"standard","meta":{"footnotes":""},"categories":[9],"tags":[3468,1754,2450,22023,3551,5784,33435],"class_list":["post-105098","post","type-post","status-publish","format-standard","has-post-thumbnail","hentry","category-economia","tag-amba","tag-aumentos","tag-diario-el-sindical","tag-economia","tag-gas","tag-monotributo","tag-telefonia-celular-2"],"_links":{"self":[{"href":"https:\/\/www.elsindical.com.ar\/notas\/wp-json\/wp\/v2\/posts\/105098","targetHints":{"allow":["GET"]}}],"collection":[{"href":"https:\/\/www.elsindical.com.ar\/notas\/wp-json\/wp\/v2\/posts"}],"about":[{"href":"https:\/\/www.elsindical.com.ar\/notas\/wp-json\/wp\/v2\/types\/post"}],"author":[{"embeddable":true,"href":"https:\/\/www.elsindical.com.ar\/notas\/wp-json\/wp\/v2\/users\/1"}],"replies":[{"embeddable":true,"href":"https:\/\/www.elsindical.com.ar\/notas\/wp-json\/wp\/v2\/comments?post=105098"}],"version-history":[{"count":1,"href":"https:\/\/www.elsindical.com.ar\/notas\/wp-json\/wp\/v2\/posts\/105098\/revisions"}],"predecessor-version":[{"id":105099,"href":"https:\/\/www.elsindical.com.ar\/notas\/wp-json\/wp\/v2\/posts\/105098\/revisions\/105099"}],"wp:featuredmedia":[{"embeddable":true,"href":"https:\/\/www.elsindical.com.ar\/notas\/wp-json\/wp\/v2\/media\/56926"}],"wp:attachment":[{"href":"https:\/\/www.elsindical.com.ar\/notas\/wp-json\/wp\/v2\/media?parent=105098"}],"wp:term":[{"taxonomy":"category","embeddable":true,"href":"https:\/\/www.elsindical.com.ar\/notas\/wp-json\/wp\/v2\/categories?post=105098"},{"taxonomy":"post_tag","embeddable":true,"href":"https:\/\/www.elsindical.com.ar\/notas\/wp-json\/wp\/v2\/tags?post=105098"}],"curies":[{"name":"wp","href":"https:\/\/api.w.org\/{rel}","templated":true}]}}