{"id":105087,"date":"2021-05-31T09:30:33","date_gmt":"2021-05-31T12:30:33","guid":{"rendered":"https:\/\/www.elsindical.com.ar\/notas\/?p=105087"},"modified":"2021-05-31T09:30:35","modified_gmt":"2021-05-31T12:30:35","slug":"buscan-a-acusado-de-femicidio","status":"publish","type":"post","link":"https:\/\/www.elsindical.com.ar\/notas\/buscan-a-acusado-de-femicidio\/","title":{"rendered":"Buscan a acusado de femicidio"},"content":{"rendered":"\n<figure class=\"wp-block-image size-large\"><a href=\"https:\/\/www.elsindical.com.ar\/notas\/var\/www\/html\/notas\/wp-content\/uploads\/2021\/05\/buscado-Hugo-Ayala.jpg\"><img loading=\"lazy\" decoding=\"async\" width=\"724\" height=\"1024\" src=\"https:\/\/www.elsindical.com.ar\/notas\/var\/www\/html\/notas\/wp-content\/uploads\/2021\/05\/buscado-Hugo-Ayala-724x1024.jpg\" alt=\"\" class=\"wp-image-105088\" srcset=\"https:\/\/www.elsindical.com.ar\/notas\/var\/www\/html\/notas\/wp-content\/uploads\/2021\/05\/buscado-Hugo-Ayala-724x1024.jpg 724w, https:\/\/www.elsindical.com.ar\/notas\/var\/www\/html\/notas\/wp-content\/uploads\/2021\/05\/buscado-Hugo-Ayala-212x300.jpg 212w, https:\/\/www.elsindical.com.ar\/notas\/var\/www\/html\/notas\/wp-content\/uploads\/2021\/05\/buscado-Hugo-Ayala-768x1086.jpg 768w, https:\/\/www.elsindical.com.ar\/notas\/var\/www\/html\/notas\/wp-content\/uploads\/2021\/05\/buscado-Hugo-Ayala.jpg 794w\" sizes=\"auto, (max-width: 724px) 100vw, 724px\" \/><\/a><\/figure>\n\n\n\n<p>Ni Una Menos, Ayel\u00e9n fue asesinada. Hab\u00eda sido parte de la recuperaci\u00f3n de tierras en Guernica, en reclamo de una vivienda digna para ella y para su beb\u00e9. Fue v\u00edctima de un femicidio en San Cayetano, barrio de Quilmes, donde viv\u00eda en un lugar prestado frente a la falta de soluciones por parte del gobierno, que desaloj\u00f3 violentamente a las familias el 29 de octubre del a\u00f1o pasado.<\/p>\n","protected":false},"excerpt":{"rendered":"<p>Ni Una Menos, Ayel\u00e9n fue asesinada. Hab\u00eda sido parte de la recuperaci\u00f3n de tierras en Guernica, en reclamo de una vivienda digna para ella y para su beb\u00e9. Fue v\u00edctima de un femicidio en San Cayetano, barrio de Quilmes, donde viv\u00eda en un lugar prestado frente a la falta de soluciones por parte del gobierno,&hellip;<\/p>\n","protected":false},"author":1,"featured_media":105088,"comment_status":"open","ping_status":"open","sticky":false,"template":"","format":"standard","meta":{"footnotes":""},"categories":[25],"tags":[34814,2450,9890,34813,658,684],"class_list":["post-105087","post","type-post","status-publish","format-standard","has-post-thumbnail","hentry","category-sociedad","tag-ayelen-jara-gutierrez","tag-diario-el-sindical","tag-femicidio","tag-hugo-ayala","tag-profugo","tag-quilmes"],"_links":{"self":[{"href":"https:\/\/www.elsindical.com.ar\/notas\/wp-json\/wp\/v2\/posts\/105087","targetHints":{"allow":["GET"]}}],"collection":[{"href":"https:\/\/www.elsindical.com.ar\/notas\/wp-json\/wp\/v2\/posts"}],"about":[{"href":"https:\/\/www.elsindical.com.ar\/notas\/wp-json\/wp\/v2\/types\/post"}],"author":[{"embeddable":true,"href":"https:\/\/www.elsindical.com.ar\/notas\/wp-json\/wp\/v2\/users\/1"}],"replies":[{"embeddable":true,"href":"https:\/\/www.elsindical.com.ar\/notas\/wp-json\/wp\/v2\/comments?post=105087"}],"version-history":[{"count":1,"href":"https:\/\/www.elsindical.com.ar\/notas\/wp-json\/wp\/v2\/posts\/105087\/revisions"}],"predecessor-version":[{"id":105089,"href":"https:\/\/www.elsindical.com.ar\/notas\/wp-json\/wp\/v2\/posts\/105087\/revisions\/105089"}],"wp:featuredmedia":[{"embeddable":true,"href":"https:\/\/www.elsindical.com.ar\/notas\/wp-json\/wp\/v2\/media\/105088"}],"wp:attachment":[{"href":"https:\/\/www.elsindical.com.ar\/notas\/wp-json\/wp\/v2\/media?parent=105087"}],"wp:term":[{"taxonomy":"category","embeddable":true,"href":"https:\/\/www.elsindical.com.ar\/notas\/wp-json\/wp\/v2\/categories?post=105087"},{"taxonomy":"post_tag","embeddable":true,"href":"https:\/\/www.elsindical.com.ar\/notas\/wp-json\/wp\/v2\/tags?post=105087"}],"curies":[{"name":"wp","href":"https:\/\/api.w.org\/{rel}","templated":true}]}}