{"id":104974,"date":"2021-05-27T00:38:57","date_gmt":"2021-05-27T03:38:57","guid":{"rendered":"https:\/\/www.elsindical.com.ar\/notas\/?p=104974"},"modified":"2021-05-27T00:38:58","modified_gmt":"2021-05-27T03:38:58","slug":"neuquen-inminente-desalojo-comunicado-de-coordinadora-bfs","status":"publish","type":"post","link":"https:\/\/www.elsindical.com.ar\/notas\/neuquen-inminente-desalojo-comunicado-de-coordinadora-bfs\/","title":{"rendered":"Neuqu\u00e9n: Inminente desalojo, comunicado de Coordinadora BFS"},"content":{"rendered":"\n<div class=\"wp-block-image\"><figure class=\"aligncenter size-large is-resized\"><a href=\"https:\/\/www.elsindical.com.ar\/notas\/var\/www\/html\/notas\/wp-content\/uploads\/2021\/05\/Coordinadora-BFS.png\"><img loading=\"lazy\" decoding=\"async\" src=\"https:\/\/www.elsindical.com.ar\/notas\/var\/www\/html\/notas\/wp-content\/uploads\/2021\/05\/Coordinadora-BFS.png\" alt=\"\" class=\"wp-image-104975\" width=\"288\" height=\"288\" srcset=\"https:\/\/www.elsindical.com.ar\/notas\/var\/www\/html\/notas\/wp-content\/uploads\/2021\/05\/Coordinadora-BFS.png 225w, https:\/\/www.elsindical.com.ar\/notas\/var\/www\/html\/notas\/wp-content\/uploads\/2021\/05\/Coordinadora-BFS-150x150.png 150w, https:\/\/www.elsindical.com.ar\/notas\/var\/www\/html\/notas\/wp-content\/uploads\/2021\/05\/Coordinadora-BFS-50x50.png 50w\" sizes=\"auto, (max-width: 288px) 100vw, 288px\" \/><\/a><\/figure><\/div>\n\n\n\n<p>Desde la *Coordinadora Basta de Falsas Soluciones* apoyamos la denuncia de los compa\u00f1eros de las *Asambleas por Agua del norte Neuquino* que nos hacen llegar esta problem\u00e1tica:<br>Bajo el delicado contexto pand\u00e9mico en el que nos encontramos las diversas poblaciones\u00a0\u00bfQu\u00e9 hace la comisi\u00f3n de fomento de Villa Nahueve en complicidad con la pol\u00edtica provincial y local?\u00a0Lo que vienen haciendo hace m\u00e1s de un a\u00f1o, desplazar a las familias que habitan los suelos d\u00f3nde est\u00e1n planeados sus proyectos multiprop\u00f3sitos,\u00a0 hostigarlas, infundir miedo, prometer progreso y si no aceptas por las buenas entonces vienen las malas, y\u00a0 en esa estamos. Hoy nueva intimaci\u00f3n por restricciones sanitarias de COVID para la familia Sep\u00falveda, familia que habita hace m\u00e1s de cuatro generaciones en el lugar. <\/p>\n\n\n\n<p>Y, \u00bfCU\u00c1L ES LA EMERGENCIA?\u00a0 \u00bfQu\u00e9 es\u00a0 lo que realmente importa en este contexto? \u00bfQue estemos en casa? Mientras afuera el extractivismo avanza? \u00bfPara qu\u00e9 cuidar\u00a0 tanto la vida?, si de todos modos vamos a morir envenenados por agua, tierra y aire c\u00f3mo viene pasando en cada territorio donde aterriza una multinacional y su progreso.<\/p>\n\n\n\n<p>D\u00f3nde quedan los derechos de la familias de Villa Nahueve ? \u00bfLos derechos de las SIETE infancias que quieren despojar de su territorio? Entre elles un beb\u00e9 de dos meses de edad y un adolescente con discapacidad.No Olvidamos que antes de la REPRESION del 14 de octubre del 2020 en el puente de Villa Nahueve y en propiedad privada; Carlos Burgos volvi\u00f3 a fase uno a Los Carrizos y al d\u00eda siguiente mand\u00f3 a reprimir a quienes se encontraban en defensa del R\u00edo.Entonces se vuelve una estrategia pol\u00edtica y saqueadora la salud y la vida. Porque este contexto en vez de acercarnos nos a\u00edsla y\u00a0 sigue beneficiando a los mismos que se quedan con todo.<br>?ASAMBLEAS POR AGUA DEL NORTE NEUQUINO?<\/p>\n\n\n\n<p>Contactos<\/p>\n\n\n\n<p>H\u00e9ctor Sep\u00falveda\u00a0 2942400361<\/p>\n\n\n\n<p>Daniel Betas\u00a0 2942 40-9419<\/p>\n","protected":false},"excerpt":{"rendered":"<p>Desde la *Coordinadora Basta de Falsas Soluciones* apoyamos la denuncia de los compa\u00f1eros de las *Asambleas por Agua del norte Neuquino* que nos hacen llegar esta problem\u00e1tica:Bajo el delicado contexto pand\u00e9mico en el que nos encontramos las diversas poblaciones\u00a0\u00bfQu\u00e9 hace la comisi\u00f3n de fomento de Villa Nahueve en complicidad con la pol\u00edtica provincial y local?\u00a0Lo&hellip;<\/p>\n","protected":false},"author":1,"featured_media":104975,"comment_status":"open","ping_status":"open","sticky":false,"template":"","format":"standard","meta":{"footnotes":""},"categories":[6],"tags":[34777,175,199,2450,1326],"class_list":["post-104974","post","type-post","status-publish","format-standard","has-post-thumbnail","hentry","category-denuncias","tag-coordinadora-dfs","tag-denuncia","tag-desalojo","tag-diario-el-sindical","tag-neuquen"],"_links":{"self":[{"href":"https:\/\/www.elsindical.com.ar\/notas\/wp-json\/wp\/v2\/posts\/104974","targetHints":{"allow":["GET"]}}],"collection":[{"href":"https:\/\/www.elsindical.com.ar\/notas\/wp-json\/wp\/v2\/posts"}],"about":[{"href":"https:\/\/www.elsindical.com.ar\/notas\/wp-json\/wp\/v2\/types\/post"}],"author":[{"embeddable":true,"href":"https:\/\/www.elsindical.com.ar\/notas\/wp-json\/wp\/v2\/users\/1"}],"replies":[{"embeddable":true,"href":"https:\/\/www.elsindical.com.ar\/notas\/wp-json\/wp\/v2\/comments?post=104974"}],"version-history":[{"count":1,"href":"https:\/\/www.elsindical.com.ar\/notas\/wp-json\/wp\/v2\/posts\/104974\/revisions"}],"predecessor-version":[{"id":104976,"href":"https:\/\/www.elsindical.com.ar\/notas\/wp-json\/wp\/v2\/posts\/104974\/revisions\/104976"}],"wp:featuredmedia":[{"embeddable":true,"href":"https:\/\/www.elsindical.com.ar\/notas\/wp-json\/wp\/v2\/media\/104975"}],"wp:attachment":[{"href":"https:\/\/www.elsindical.com.ar\/notas\/wp-json\/wp\/v2\/media?parent=104974"}],"wp:term":[{"taxonomy":"category","embeddable":true,"href":"https:\/\/www.elsindical.com.ar\/notas\/wp-json\/wp\/v2\/categories?post=104974"},{"taxonomy":"post_tag","embeddable":true,"href":"https:\/\/www.elsindical.com.ar\/notas\/wp-json\/wp\/v2\/tags?post=104974"}],"curies":[{"name":"wp","href":"https:\/\/api.w.org\/{rel}","templated":true}]}}