{"id":104921,"date":"2021-05-25T10:27:44","date_gmt":"2021-05-25T13:27:44","guid":{"rendered":"https:\/\/www.elsindical.com.ar\/notas\/?p=104921"},"modified":"2021-05-25T10:27:46","modified_gmt":"2021-05-25T13:27:46","slug":"hernan-doval-sin-autocritica","status":"publish","type":"post","link":"https:\/\/www.elsindical.com.ar\/notas\/hernan-doval-sin-autocritica\/","title":{"rendered":"Hern\u00e1n Doval sin autocritica"},"content":{"rendered":"\n<figure class=\"wp-block-image size-large\"><a href=\"https:\/\/www.elsindical.com.ar\/notas\/var\/www\/html\/notas\/wp-content\/uploads\/2021\/05\/Hernan-Doval-autocritica.jpg\"><img loading=\"lazy\" decoding=\"async\" width=\"880\" height=\"493\" src=\"https:\/\/www.elsindical.com.ar\/notas\/var\/www\/html\/notas\/wp-content\/uploads\/2021\/05\/Hernan-Doval-autocritica.jpg\" alt=\"\" class=\"wp-image-104922\" srcset=\"https:\/\/www.elsindical.com.ar\/notas\/var\/www\/html\/notas\/wp-content\/uploads\/2021\/05\/Hernan-Doval-autocritica.jpg 880w, https:\/\/www.elsindical.com.ar\/notas\/var\/www\/html\/notas\/wp-content\/uploads\/2021\/05\/Hernan-Doval-autocritica-300x168.jpg 300w, https:\/\/www.elsindical.com.ar\/notas\/var\/www\/html\/notas\/wp-content\/uploads\/2021\/05\/Hernan-Doval-autocritica-768x430.jpg 768w, https:\/\/www.elsindical.com.ar\/notas\/var\/www\/html\/notas\/wp-content\/uploads\/2021\/05\/Hernan-Doval-autocritica-500x280.jpg 500w\" sizes=\"auto, (max-width: 880px) 100vw, 880px\" \/><\/a><\/figure>\n\n\n\n<p>      Una vez m\u00e1s, el secretario general del STMA, Hern\u00e1n Doval, vuelve a hacer declaraciones que dicen mucho, para no decir nada, la necesidad de verse en los medios aunque sea pagando, ya que es incapaz de generar inter\u00e9s medi\u00e1tico,  lo lleva a caer en el rid\u00edculo y el oportunismo.<\/p>\n\n\n\n<p>Con la conducta del \u00abnene caprichoso\u00bb al que pap\u00e1 \u00abCholo\u00bb Garc\u00eda le dej\u00f3 conducir un ratito el sindicato, todo es evidente en las declaraciones de Hern\u00e1n Doval,<strong><em> \u201cDesde la Obra Social venimos con el sistema al l\u00edmite hace semanas\u201d, se\u00f1al\u00f3 el titular del Sindicato de Trabajadores Municipales de Avellaneda (STMA), a la vez que insisti\u00f3 con el reclamo salarial. \u201cLos esenciales son los peores pagos y los municipales los recontra peores pagos\u201d<\/em><\/strong>, cuestion\u00f3.<\/p>\n\n\n\n<p>Ante esta afirmaci\u00f3n \u00bfcu\u00e1l ser\u00eda su aporte?, hace meses que advierten desde las Obras Sociales que el sistema est\u00e1 tenso, m\u00e1s en una Obra Social como la del STMA, que ha sido muy maltratada por Garc\u00eda y luego por Doval, por la poca inversi\u00f3n y las deudas con los distintos prestadores, eso es peor que cualquier pandemia.<\/p>\n\n\n\n<p>Hablar de sueldos bajos, cuando crece el desempleo, con una econom\u00eda d\u00e9bil es la mejor evidencia que Doval vive en una realidad distinta al resto de los trabajadores, porque se queja pero no hace m\u00e1s que repetir sin un contenido, cree que ser sindicalista es decir que los trabajadores ganan poco o que deben mejorar las condiciones laborales, es decir, es secretario general y solo aprendi\u00f3 de memoria dos ideas que repite como un mantra.<\/p>\n\n\n\n<p>No se escucha o lee a Doval criticar el despilfarro de millones de pesos en subsidios para clubes o entidades militantes, sin mejorar las condiciones de trabajo de los municipales, se trata de hacer pedidos coherentes, de reclamar una administraci\u00f3n de los recursos tendiente a mejorar el sueldo y las condiciones de trabajo de los municipales y no solo a sentir satisfacci\u00f3n por lo que le publican gozando como un onanista por su fantas\u00eda.<\/p>\n\n\n\n<p>Por Marcelo Ricardo Hawrylciw<\/p>\n","protected":false},"excerpt":{"rendered":"<p>Una vez m\u00e1s, el secretario general del STMA, Hern\u00e1n Doval, vuelve a hacer declaraciones que dicen mucho, para no decir nada, la necesidad de verse en los medios aunque sea pagando, ya que es incapaz de generar inter\u00e9s medi\u00e1tico, lo lleva a caer en el rid\u00edculo y el oportunismo. Con la conducta del \u00abnene caprichoso\u00bb&hellip;<\/p>\n","protected":false},"author":1,"featured_media":104922,"comment_status":"open","ping_status":"open","sticky":false,"template":"","format":"standard","meta":{"footnotes":""},"categories":[10,16],"tags":[461,2450,22028,17286,269,32620,3141,6274],"class_list":["post-104921","post","type-post","status-publish","format-standard","has-post-thumbnail","hentry","category-editorial","category-gremiales","tag-avellaneda","tag-diario-el-sindical","tag-gremiales","tag-hernan-doval","tag-obra-social","tag-pandemia","tag-stma","tag-trabajadores-municipales"],"_links":{"self":[{"href":"https:\/\/www.elsindical.com.ar\/notas\/wp-json\/wp\/v2\/posts\/104921","targetHints":{"allow":["GET"]}}],"collection":[{"href":"https:\/\/www.elsindical.com.ar\/notas\/wp-json\/wp\/v2\/posts"}],"about":[{"href":"https:\/\/www.elsindical.com.ar\/notas\/wp-json\/wp\/v2\/types\/post"}],"author":[{"embeddable":true,"href":"https:\/\/www.elsindical.com.ar\/notas\/wp-json\/wp\/v2\/users\/1"}],"replies":[{"embeddable":true,"href":"https:\/\/www.elsindical.com.ar\/notas\/wp-json\/wp\/v2\/comments?post=104921"}],"version-history":[{"count":1,"href":"https:\/\/www.elsindical.com.ar\/notas\/wp-json\/wp\/v2\/posts\/104921\/revisions"}],"predecessor-version":[{"id":104923,"href":"https:\/\/www.elsindical.com.ar\/notas\/wp-json\/wp\/v2\/posts\/104921\/revisions\/104923"}],"wp:featuredmedia":[{"embeddable":true,"href":"https:\/\/www.elsindical.com.ar\/notas\/wp-json\/wp\/v2\/media\/104922"}],"wp:attachment":[{"href":"https:\/\/www.elsindical.com.ar\/notas\/wp-json\/wp\/v2\/media?parent=104921"}],"wp:term":[{"taxonomy":"category","embeddable":true,"href":"https:\/\/www.elsindical.com.ar\/notas\/wp-json\/wp\/v2\/categories?post=104921"},{"taxonomy":"post_tag","embeddable":true,"href":"https:\/\/www.elsindical.com.ar\/notas\/wp-json\/wp\/v2\/tags?post=104921"}],"curies":[{"name":"wp","href":"https:\/\/api.w.org\/{rel}","templated":true}]}}