{"id":104860,"date":"2021-05-23T00:24:08","date_gmt":"2021-05-23T03:24:08","guid":{"rendered":"https:\/\/www.elsindical.com.ar\/notas\/?p=104860"},"modified":"2021-05-23T00:26:29","modified_gmt":"2021-05-23T03:26:29","slug":"avellaneda-duras-criticas-al-intendente-alejo-chornobroff-y-magdalena-sierra-por-permitir-la-traccion-a-sangre","status":"publish","type":"post","link":"https:\/\/www.elsindical.com.ar\/notas\/avellaneda-duras-criticas-al-intendente-alejo-chornobroff-y-magdalena-sierra-por-permitir-la-traccion-a-sangre\/","title":{"rendered":"Avellaneda: Duras criticas al intendente Alejo Chornobroff y Magdalena Sierra por permitir la tracci\u00f3n a sangre"},"content":{"rendered":"\n<div class=\"wp-block-image\"><figure class=\"aligncenter size-large\"><a href=\"https:\/\/www.elsindical.com.ar\/notas\/var\/www\/html\/notas\/wp-content\/uploads\/2021\/05\/Gerli-carro-01.jpg\"><img loading=\"lazy\" decoding=\"async\" width=\"553\" height=\"799\" src=\"https:\/\/www.elsindical.com.ar\/notas\/var\/www\/html\/notas\/wp-content\/uploads\/2021\/05\/Gerli-carro-01.jpg\" alt=\"\" class=\"wp-image-104861\" srcset=\"https:\/\/www.elsindical.com.ar\/notas\/var\/www\/html\/notas\/wp-content\/uploads\/2021\/05\/Gerli-carro-01.jpg 553w, https:\/\/www.elsindical.com.ar\/notas\/var\/www\/html\/notas\/wp-content\/uploads\/2021\/05\/Gerli-carro-01-208x300.jpg 208w\" sizes=\"auto, (max-width: 553px) 100vw, 553px\" \/><\/a><\/figure><\/div>\n\n\n\n<p>Ayer le preguntaba al intendente si los carros tambi\u00e9n iban a respetar las restricciones en este momento hoy s\u00e1bado 22\/5 con un carro en la comisar\u00eda 6ta de Gerli Avellaneda. Donde est\u00e1n los controles para esta gente? El permiso laboral te exige poner CUIT raz\u00f3n social del empleador, y domicilio de la empresa.<\/p>\n\n\n\n<p>Como es esto<a href=\"https:\/\/www.facebook.com\/AleChornobroff\/?__cft__[0]=AZWEV6-w_4pGc8El7FJBLJHqfEnbX3WHmLMD7xgQ0kigm4a204-Nu9eVMjixtsrCHqnYuwhJgsvmShuvZe6FArE4JGcNi_-FBCe7n6QD3GMUidzdjHPcjsiRTqSpLUk1sVoeVSDR5x-RTHvRPelO2Ayt-x4wh_7kMeLvYym17J-bS3BmXjVNcpiGvCTd7DJ9VcM&amp;__tn__=kK-y-y-R\"> Alejo Chornobroff<\/a>, <a href=\"https:\/\/www.facebook.com\/monica.ghirelli.31?__cft__[0]=AZWEV6-w_4pGc8El7FJBLJHqfEnbX3WHmLMD7xgQ0kigm4a204-Nu9eVMjixtsrCHqnYuwhJgsvmShuvZe6FArE4JGcNi_-FBCe7n6QD3GMUidzdjHPcjsiRTqSpLUk1sVoeVSDR5x-RTHvRPelO2Ayt-x4wh_7kMeLvYym17J-bS3BmXjVNcpiGvCTd7DJ9VcM&amp;__tn__=-]K-y-y-R\">M\u00f3nica Ghirelli <\/a>??.No damos a basto se va necesitar ayuda para pagar el bat\u00e1n $3500, porque obvio en esto tampoco ayuda el Municipio.El que pueda colaborar se agredece.<\/p>\n\n\n\n<p>Gracias infinitas por hacerlo posible <a href=\"https:\/\/www.facebook.com\/natalia.rama1?__cft__[0]=AZWEV6-w_4pGc8El7FJBLJHqfEnbX3WHmLMD7xgQ0kigm4a204-Nu9eVMjixtsrCHqnYuwhJgsvmShuvZe6FArE4JGcNi_-FBCe7n6QD3GMUidzdjHPcjsiRTqSpLUk1sVoeVSDR5x-RTHvRPelO2Ayt-x4wh_7kMeLvYym17J-bS3BmXjVNcpiGvCTd7DJ9VcM&amp;__tn__=-]K-y-y-R\">Natalia Rama<\/a> y una vez m\u00e1s <a href=\"https:\/\/www.facebook.com\/laura.fredes.16?__cft__[0]=AZWEV6-w_4pGc8El7FJBLJHqfEnbX3WHmLMD7xgQ0kigm4a204-Nu9eVMjixtsrCHqnYuwhJgsvmShuvZe6FArE4JGcNi_-FBCe7n6QD3GMUidzdjHPcjsiRTqSpLUk1sVoeVSDR5x-RTHvRPelO2Ayt-x4wh_7kMeLvYym17J-bS3BmXjVNcpiGvCTd7DJ9VcM&amp;__tn__=-]K-y-y-R\">Laura Fredes<\/a> !Uno mas libre!!<\/p>\n\n\n\n<figure class=\"wp-block-gallery columns-1 is-cropped wp-block-gallery-1 is-layout-flex wp-block-gallery-is-layout-flex\"><ul class=\"blocks-gallery-grid\"><li class=\"blocks-gallery-item\"><figure><a href=\"https:\/\/www.elsindical.com.ar\/notas\/var\/www\/html\/notas\/wp-content\/uploads\/2021\/05\/Gerli-carro-02.jpg\"><img loading=\"lazy\" decoding=\"async\" width=\"720\" height=\"616\" src=\"https:\/\/www.elsindical.com.ar\/notas\/var\/www\/html\/notas\/wp-content\/uploads\/2021\/05\/Gerli-carro-02.jpg\" alt=\"\" data-id=\"104862\" data-full-url=\"https:\/\/www.elsindical.com.ar\/notas\/var\/www\/html\/notas\/wp-content\/uploads\/2021\/05\/Gerli-carro-02.jpg\" data-link=\"https:\/\/www.elsindical.com.ar\/notas\/?attachment_id=104862#main\" class=\"wp-image-104862\" srcset=\"https:\/\/www.elsindical.com.ar\/notas\/var\/www\/html\/notas\/wp-content\/uploads\/2021\/05\/Gerli-carro-02.jpg 720w, https:\/\/www.elsindical.com.ar\/notas\/var\/www\/html\/notas\/wp-content\/uploads\/2021\/05\/Gerli-carro-02-300x257.jpg 300w, https:\/\/www.elsindical.com.ar\/notas\/var\/www\/html\/notas\/wp-content\/uploads\/2021\/05\/Gerli-carro-02-351x300.jpg 351w\" sizes=\"auto, (max-width: 720px) 100vw, 720px\" \/><\/a><\/figure><\/li><li class=\"blocks-gallery-item\"><figure><a href=\"https:\/\/www.elsindical.com.ar\/notas\/var\/www\/html\/notas\/wp-content\/uploads\/2021\/05\/Gerli-carro-03.jpg\"><img loading=\"lazy\" decoding=\"async\" width=\"1024\" height=\"576\" src=\"https:\/\/www.elsindical.com.ar\/notas\/var\/www\/html\/notas\/wp-content\/uploads\/2021\/05\/Gerli-carro-03-1024x576.jpg\" alt=\"\" data-id=\"104863\" data-full-url=\"https:\/\/www.elsindical.com.ar\/notas\/var\/www\/html\/notas\/wp-content\/uploads\/2021\/05\/Gerli-carro-03.jpg\" data-link=\"https:\/\/www.elsindical.com.ar\/notas\/?attachment_id=104863#main\" class=\"wp-image-104863\" srcset=\"https:\/\/www.elsindical.com.ar\/notas\/var\/www\/html\/notas\/wp-content\/uploads\/2021\/05\/Gerli-carro-03-1024x576.jpg 1024w, https:\/\/www.elsindical.com.ar\/notas\/var\/www\/html\/notas\/wp-content\/uploads\/2021\/05\/Gerli-carro-03-300x169.jpg 300w, https:\/\/www.elsindical.com.ar\/notas\/var\/www\/html\/notas\/wp-content\/uploads\/2021\/05\/Gerli-carro-03-768x432.jpg 768w, https:\/\/www.elsindical.com.ar\/notas\/var\/www\/html\/notas\/wp-content\/uploads\/2021\/05\/Gerli-carro-03-500x281.jpg 500w, https:\/\/www.elsindical.com.ar\/notas\/var\/www\/html\/notas\/wp-content\/uploads\/2021\/05\/Gerli-carro-03-460x260.jpg 460w, https:\/\/www.elsindical.com.ar\/notas\/var\/www\/html\/notas\/wp-content\/uploads\/2021\/05\/Gerli-carro-03.jpg 1280w\" sizes=\"auto, (max-width: 1024px) 100vw, 1024px\" \/><\/a><\/figure><\/li><li class=\"blocks-gallery-item\"><figure><a href=\"https:\/\/www.elsindical.com.ar\/notas\/var\/www\/html\/notas\/wp-content\/uploads\/2021\/05\/Gerli-carro-04.jpg\"><img loading=\"lazy\" decoding=\"async\" width=\"576\" height=\"1024\" src=\"https:\/\/www.elsindical.com.ar\/notas\/var\/www\/html\/notas\/wp-content\/uploads\/2021\/05\/Gerli-carro-04-576x1024.jpg\" alt=\"\" data-id=\"104864\" data-full-url=\"https:\/\/www.elsindical.com.ar\/notas\/var\/www\/html\/notas\/wp-content\/uploads\/2021\/05\/Gerli-carro-04.jpg\" data-link=\"https:\/\/www.elsindical.com.ar\/notas\/?attachment_id=104864#main\" class=\"wp-image-104864\" srcset=\"https:\/\/www.elsindical.com.ar\/notas\/var\/www\/html\/notas\/wp-content\/uploads\/2021\/05\/Gerli-carro-04-576x1024.jpg 576w, https:\/\/www.elsindical.com.ar\/notas\/var\/www\/html\/notas\/wp-content\/uploads\/2021\/05\/Gerli-carro-04-169x300.jpg 169w, https:\/\/www.elsindical.com.ar\/notas\/var\/www\/html\/notas\/wp-content\/uploads\/2021\/05\/Gerli-carro-04.jpg 720w\" sizes=\"auto, (max-width: 576px) 100vw, 576px\" \/><\/a><\/figure><\/li><\/ul><\/figure>\n","protected":false},"excerpt":{"rendered":"<p>Ayer le preguntaba al intendente si los carros tambi\u00e9n iban a respetar las restricciones en este momento hoy s\u00e1bado 22\/5 con un carro en la comisar\u00eda 6ta de Gerli Avellaneda. Donde est\u00e1n los controles para esta gente? El permiso laboral te exige poner CUIT raz\u00f3n social del empleador, y domicilio de la empresa. Como es&hellip;<\/p>\n","protected":false},"author":1,"featured_media":104861,"comment_status":"open","ping_status":"open","sticky":false,"template":"","format":"standard","meta":{"footnotes":""},"categories":[6],"tags":[30014,461,175,2450,16519,467,6771],"class_list":["post-104860","post","type-post","status-publish","format-standard","has-post-thumbnail","hentry","category-denuncias","tag-alejo-chornobroff","tag-avellaneda","tag-denuncia","tag-diario-el-sindical","tag-magdalena-sierra","tag-maltrato-animal","tag-traccion-a-sangre"],"_links":{"self":[{"href":"https:\/\/www.elsindical.com.ar\/notas\/wp-json\/wp\/v2\/posts\/104860","targetHints":{"allow":["GET"]}}],"collection":[{"href":"https:\/\/www.elsindical.com.ar\/notas\/wp-json\/wp\/v2\/posts"}],"about":[{"href":"https:\/\/www.elsindical.com.ar\/notas\/wp-json\/wp\/v2\/types\/post"}],"author":[{"embeddable":true,"href":"https:\/\/www.elsindical.com.ar\/notas\/wp-json\/wp\/v2\/users\/1"}],"replies":[{"embeddable":true,"href":"https:\/\/www.elsindical.com.ar\/notas\/wp-json\/wp\/v2\/comments?post=104860"}],"version-history":[{"count":1,"href":"https:\/\/www.elsindical.com.ar\/notas\/wp-json\/wp\/v2\/posts\/104860\/revisions"}],"predecessor-version":[{"id":104865,"href":"https:\/\/www.elsindical.com.ar\/notas\/wp-json\/wp\/v2\/posts\/104860\/revisions\/104865"}],"wp:featuredmedia":[{"embeddable":true,"href":"https:\/\/www.elsindical.com.ar\/notas\/wp-json\/wp\/v2\/media\/104861"}],"wp:attachment":[{"href":"https:\/\/www.elsindical.com.ar\/notas\/wp-json\/wp\/v2\/media?parent=104860"}],"wp:term":[{"taxonomy":"category","embeddable":true,"href":"https:\/\/www.elsindical.com.ar\/notas\/wp-json\/wp\/v2\/categories?post=104860"},{"taxonomy":"post_tag","embeddable":true,"href":"https:\/\/www.elsindical.com.ar\/notas\/wp-json\/wp\/v2\/tags?post=104860"}],"curies":[{"name":"wp","href":"https:\/\/api.w.org\/{rel}","templated":true}]}}