{"id":104698,"date":"2021-05-16T18:58:55","date_gmt":"2021-05-16T21:58:55","guid":{"rendered":"https:\/\/www.elsindical.com.ar\/notas\/?p=104698"},"modified":"2021-05-16T18:58:55","modified_gmt":"2021-05-16T21:58:55","slug":"lomas-de-zamora-denuncian-que-no-atendieron-a-un-policia-detenido-que-murio-por-covid-en-san-jose","status":"publish","type":"post","link":"https:\/\/www.elsindical.com.ar\/notas\/lomas-de-zamora-denuncian-que-no-atendieron-a-un-policia-detenido-que-murio-por-covid-en-san-jose\/","title":{"rendered":"Lomas de Zamora: Denuncian que no atendieron a un polic\u00eda detenido que muri\u00f3 por Covid en San Jos\u00e9"},"content":{"rendered":"\n<figure class=\"wp-block-image size-large\"><a href=\"https:\/\/www.elsindical.com.ar\/notas\/var\/www\/html\/notas\/wp-content\/uploads\/2021\/05\/protesta-comisaria-de-San-Jose.png\"><img loading=\"lazy\" decoding=\"async\" width=\"1024\" height=\"624\" src=\"https:\/\/www.elsindical.com.ar\/notas\/var\/www\/html\/notas\/wp-content\/uploads\/2021\/05\/protesta-comisaria-de-San-Jose-1024x624.png\" alt=\"\" class=\"wp-image-104699\" srcset=\"https:\/\/www.elsindical.com.ar\/notas\/var\/www\/html\/notas\/wp-content\/uploads\/2021\/05\/protesta-comisaria-de-San-Jose-1024x624.png 1024w, https:\/\/www.elsindical.com.ar\/notas\/var\/www\/html\/notas\/wp-content\/uploads\/2021\/05\/protesta-comisaria-de-San-Jose-300x183.png 300w, https:\/\/www.elsindical.com.ar\/notas\/var\/www\/html\/notas\/wp-content\/uploads\/2021\/05\/protesta-comisaria-de-San-Jose-768x468.png 768w, https:\/\/www.elsindical.com.ar\/notas\/var\/www\/html\/notas\/wp-content\/uploads\/2021\/05\/protesta-comisaria-de-San-Jose-493x300.png 493w, https:\/\/www.elsindical.com.ar\/notas\/var\/www\/html\/notas\/wp-content\/uploads\/2021\/05\/protesta-comisaria-de-San-Jose.png 1174w\" sizes=\"auto, (max-width: 1024px) 100vw, 1024px\" \/><\/a><\/figure>\n\n\n\n<p>Familiares de un polic\u00eda detenido que falleci\u00f3 por Covid denunciaron que en la Comisar\u00eda de San Jos\u00e9 no le prestaron asistieron a pesar de tener s\u00edntomas de ese virus. \u201cNos dec\u00edan que no nos preocupemos, que era ataque de p\u00e1nico\u201d, sostuvieron los allegados.<\/p>\n\n\n\n<p>Los familiares de Leandro Emilia Dickinson, polic\u00edas de 36 a\u00f1os detenido por extorsi\u00f3n, se movilizaron este s\u00e1bado al frente de la Comisar\u00eda de San Jos\u00e9, en Temperley.<\/p>\n\n\n\n<p>\u201cMi hermano el 21 de abril empez\u00f3 con s\u00edntomas de Covid, el 23 lo hisoparon y el 24 de abril dio positivo. El martes 27 empieza con un pico de fiebre mientras permanec\u00eda detenida\u201d, cont\u00f3 D\u00e9bora.<\/p>\n\n\n\n<p>El 30 de abril Dickinson fue trasladado de urgencia, con graves problemas respiratorios al Hospital Gandulfo. \u201cLe pedimos asistencial al comisario y me dijo: para qu\u00e9 quer\u00e9s una ambulancia?. Tu hermano est\u00e1 con p\u00e1nico\u201d, denunci\u00f3 la familiar. Y agreg\u00f3: \u201cCuando lleg\u00f3 al Gandulfo ya ten\u00eda los dos pulmones tomados\u201d.<\/p>\n\n\n\n<p>Dickinson falleci\u00f3 el 2 de Mayo \u00faltimo como consecuencia del Covid que le hab\u00edan diagnosticado una semana antes cuando estaba detenido en la Comisar\u00eda de San Jos\u00e9.<\/p>\n\n\n\n<p>\u201cHay polic\u00edas a los que no se les brindan medios para evitar contagios y hay detenidos a los que nunca hisoparon en esa comisar\u00eda\u201d, agreg\u00f3 la hermana de Dickinson.<\/p>\n\n\n\n<p>Los familiares que se movilizaron hasta el frente de la Comisar\u00eda de San Jos\u00e9 exigieron explicaciones del comisario. \u201cSali\u00f3 con una itaka en la mano y no quiso hablar\u201d, asegur\u00f3 la familiar del polic\u00eda fallecido.<\/p>\n\n\n\n<p>La familia adelant\u00f3 que pedir\u00e1 a la justicia que investigue la muerte de Dickinson porque sostienen que no recibi\u00f3 la atenci\u00f3n que correspond\u00eda en la Comisar\u00eda de San Jos\u00e9.<\/p>\n","protected":false},"excerpt":{"rendered":"<p>Familiares de un polic\u00eda detenido que falleci\u00f3 por Covid denunciaron que en la Comisar\u00eda de San Jos\u00e9 no le prestaron asistieron a pesar de tener s\u00edntomas de ese virus. \u201cNos dec\u00edan que no nos preocupemos, que era ataque de p\u00e1nico\u201d, sostuvieron los allegados. Los familiares de Leandro Emilia Dickinson, polic\u00edas de 36 a\u00f1os detenido por&hellip;<\/p>\n","protected":false},"author":1,"featured_media":104699,"comment_status":"open","ping_status":"open","sticky":false,"template":"","format":"standard","meta":{"footnotes":""},"categories":[25],"tags":[34707,2450,157,34708,292,1904],"class_list":["post-104698","post","type-post","status-publish","format-standard","has-post-thumbnail","hentry","category-sociedad","tag-comisaria-de-temperley","tag-diario-el-sindical","tag-familiares","tag-leandro-dockinson","tag-protesta","tag-san-jose"],"_links":{"self":[{"href":"https:\/\/www.elsindical.com.ar\/notas\/wp-json\/wp\/v2\/posts\/104698","targetHints":{"allow":["GET"]}}],"collection":[{"href":"https:\/\/www.elsindical.com.ar\/notas\/wp-json\/wp\/v2\/posts"}],"about":[{"href":"https:\/\/www.elsindical.com.ar\/notas\/wp-json\/wp\/v2\/types\/post"}],"author":[{"embeddable":true,"href":"https:\/\/www.elsindical.com.ar\/notas\/wp-json\/wp\/v2\/users\/1"}],"replies":[{"embeddable":true,"href":"https:\/\/www.elsindical.com.ar\/notas\/wp-json\/wp\/v2\/comments?post=104698"}],"version-history":[{"count":1,"href":"https:\/\/www.elsindical.com.ar\/notas\/wp-json\/wp\/v2\/posts\/104698\/revisions"}],"predecessor-version":[{"id":104700,"href":"https:\/\/www.elsindical.com.ar\/notas\/wp-json\/wp\/v2\/posts\/104698\/revisions\/104700"}],"wp:featuredmedia":[{"embeddable":true,"href":"https:\/\/www.elsindical.com.ar\/notas\/wp-json\/wp\/v2\/media\/104699"}],"wp:attachment":[{"href":"https:\/\/www.elsindical.com.ar\/notas\/wp-json\/wp\/v2\/media?parent=104698"}],"wp:term":[{"taxonomy":"category","embeddable":true,"href":"https:\/\/www.elsindical.com.ar\/notas\/wp-json\/wp\/v2\/categories?post=104698"},{"taxonomy":"post_tag","embeddable":true,"href":"https:\/\/www.elsindical.com.ar\/notas\/wp-json\/wp\/v2\/tags?post=104698"}],"curies":[{"name":"wp","href":"https:\/\/api.w.org\/{rel}","templated":true}]}}