{"id":104673,"date":"2021-05-14T09:25:52","date_gmt":"2021-05-14T12:25:52","guid":{"rendered":"https:\/\/www.elsindical.com.ar\/notas\/?p=104673"},"modified":"2021-05-14T09:25:53","modified_gmt":"2021-05-14T12:25:53","slug":"ante-la-falta-de-respuesta-de-salud-por-las-vacunas-se-analiza-parar-la-flota-pesquera","status":"publish","type":"post","link":"https:\/\/www.elsindical.com.ar\/notas\/ante-la-falta-de-respuesta-de-salud-por-las-vacunas-se-analiza-parar-la-flota-pesquera\/","title":{"rendered":"Ante la falta de respuesta de Salud por las vacunas se analiza parar la flota pesquera"},"content":{"rendered":"\n<figure class=\"wp-block-image size-large\"><a href=\"https:\/\/www.elsindical.com.ar\/notas\/var\/www\/html\/notas\/wp-content\/uploads\/2021\/05\/fresimona-20210513-1.jpg\"><img loading=\"lazy\" decoding=\"async\" width=\"1024\" height=\"468\" src=\"https:\/\/www.elsindical.com.ar\/notas\/var\/www\/html\/notas\/wp-content\/uploads\/2021\/05\/fresimona-20210513-1.jpg\" alt=\"\" class=\"wp-image-104674\" srcset=\"https:\/\/www.elsindical.com.ar\/notas\/var\/www\/html\/notas\/wp-content\/uploads\/2021\/05\/fresimona-20210513-1.jpg 1024w, https:\/\/www.elsindical.com.ar\/notas\/var\/www\/html\/notas\/wp-content\/uploads\/2021\/05\/fresimona-20210513-1-300x137.jpg 300w, https:\/\/www.elsindical.com.ar\/notas\/var\/www\/html\/notas\/wp-content\/uploads\/2021\/05\/fresimona-20210513-1-768x351.jpg 768w, https:\/\/www.elsindical.com.ar\/notas\/var\/www\/html\/notas\/wp-content\/uploads\/2021\/05\/fresimona-20210513-1-500x229.jpg 500w\" sizes=\"auto, (max-width: 1024px) 100vw, 1024px\" \/><\/a><\/figure>\n\n\n\n<p class=\"wp-block-paragraph\"><strong>Este mediod\u00eda, tuvo lugar un encuentro del Frente Sindical que lidera el Cro. Pablo Moyano, en el Sindicato de Peones de Taxis representado por el Cro. Jorge Garc\u00eda; donde los representantes de gremios del transporte plantearon las dificultades que enfrenta cada actividad derivadas de la pandemia y el pedido por vacunas para el sector. El Secretario General de la Asociaci\u00f3n de Capitanes de Pesca Jorge Fr\u00edas expuso la riesgosa situaci\u00f3n a la que se exponen los trabajadores de la flota mar\u00edtima pesquera de pabell\u00f3n argentino ante los contagios de Covid-19, y el reclamo efectuado al Ministerio de Salud de la Naci\u00f3n por el pedido de vacunas realizado por este sindicato, a\u00fan no respondido.<\/strong><\/p>\n\n\n\n<p class=\"wp-block-paragraph\">Jorge Fr\u00edas manifest\u00f3 su coincidencia con la metodolog\u00eda implementada por el Gobierno Nacional para la vacunaci\u00f3n de la poblaci\u00f3n, comenzando por el personal de salud y entre los habitantes a partir de los de mayor edad. Asimismo record\u00f3 que el a\u00f1o pasado, el sector de atenci\u00f3n a la salud y de otras actividades, entre ellas la industria pesquera, fueron declaradas actividades esenciales mediante el DNU 297\/20.<br><br>Es que la industria pesquera no s\u00f3lo es generadora de alimentos sino tambi\u00e9n de divisas para el pa\u00eds, puesto que el producido se comercializa al mundo en un porcentaje que supera los 90 puntos y esos ingresos revisten mayor relevancia para el Gobierno en estos momentos de pandemia.<br><br>Fue por ello que el a\u00f1o pasado trabajamos concienzudamente sobre protocolos para la prevenci\u00f3n de contagios a bordo y aun as\u00ed debieron paralizarse tripulaciones completas ante la presencia de infectados. Por entonces, en conversaci\u00f3n con el Subsecretario de Pesca de la Naci\u00f3n Carlos Liberman, el Secretario General de la AACPyPP lo inst\u00f3 a que adelantara un pedido de vacunas al hoy ex ministro Gonz\u00e1lez Garc\u00eda, desde donde no recibi\u00f3 la respuesta esperada.<br><br>Ya con la existencia de vacunas y siendo \u00e9sta una actividad esencial, el sector ha sido dejado afuera de la distribuci\u00f3n, y desde este gremio se solicit\u00f3 y m\u00e1s tarde reiter\u00f3 el reclamo a la propia Ministra Carla Vizzotti para que los pescadores puedan ser inoculados en lo inmediato contra el Covid; vacunas que debieran ser aplicadas tambi\u00e9n siguiendo un orden por franjas etarias, de mayor a menor edad, considerando que los trabajadores de a bordo tienen entre 17 y 68 a\u00f1os. Sobre esto \u00faltimo, deber\u00eda ser tambi\u00e9n revisada la necesidad de compa\u00f1eros mayores de 60 a\u00f1os que contin\u00faan en la actividad, donde la edad de retiro ronda los 55 a\u00f1os.<br><br>Paralelamente, mientras los trabajadores comienzan a enfrentarse por la presencia de casos a bordo, y desde los gremios alzamos voces en reclamo por la inmunidad contra el virus SARS-Cov-2 para preservar la continuidad de la actividad, los empresarios miran de costado y se vacunan en Miami, y algunos menores de 50 a\u00f1os reciben su vacuna con fundamentos banales, desde la cartera nacional de Salud se contin\u00faa desoyendo nuestro pedido; por ello, frente a los compa\u00f1eros representantes de sindicatos de todas las ramas del transporte, Jorge Fr\u00edas adelant\u00f3 que \u201canalizamos proponer la medida de fuerza paralizando todos los buques pesqueros, atento a que la actividad nunca dej\u00f3 de producir por su esencialidad y este silencio a nuestro reclamo, que es un reclamo para la totalidad de los trabajadores de la pesca argentina, generar\u00e1 situaciones indeseadas\u201d.<\/p>\n\n\n\n<figure class=\"wp-block-image size-large\"><a href=\"https:\/\/www.elsindical.com.ar\/notas\/var\/www\/html\/notas\/wp-content\/uploads\/2021\/05\/fresimona-20210513-2.jpg\"><img loading=\"lazy\" decoding=\"async\" width=\"1024\" height=\"683\" src=\"https:\/\/www.elsindical.com.ar\/notas\/var\/www\/html\/notas\/wp-content\/uploads\/2021\/05\/fresimona-20210513-2-1024x683.jpg\" alt=\"\" class=\"wp-image-104675\" srcset=\"https:\/\/www.elsindical.com.ar\/notas\/var\/www\/html\/notas\/wp-content\/uploads\/2021\/05\/fresimona-20210513-2-1024x683.jpg 1024w, https:\/\/www.elsindical.com.ar\/notas\/var\/www\/html\/notas\/wp-content\/uploads\/2021\/05\/fresimona-20210513-2-300x200.jpg 300w, https:\/\/www.elsindical.com.ar\/notas\/var\/www\/html\/notas\/wp-content\/uploads\/2021\/05\/fresimona-20210513-2-768x512.jpg 768w, https:\/\/www.elsindical.com.ar\/notas\/var\/www\/html\/notas\/wp-content\/uploads\/2021\/05\/fresimona-20210513-2-450x300.jpg 450w, https:\/\/www.elsindical.com.ar\/notas\/var\/www\/html\/notas\/wp-content\/uploads\/2021\/05\/fresimona-20210513-2.jpg 1200w\" sizes=\"auto, (max-width: 1024px) 100vw, 1024px\" \/><\/a><\/figure>\n","protected":false},"excerpt":{"rendered":"<p>Este mediod\u00eda, tuvo lugar un encuentro del Frente Sindical que lidera el Cro. Pablo Moyano, en el Sindicato de Peones de Taxis representado por el Cro. Jorge Garc\u00eda; donde los representantes de gremios del transporte plantearon las dificultades que enfrenta cada actividad derivadas de la pandemia y el pedido por vacunas para el sector. El&hellip;<\/p>\n","protected":false},"author":1,"featured_media":104674,"comment_status":"open","ping_status":"open","sticky":false,"template":"","format":"standard","meta":{"footnotes":""},"categories":[16],"tags":[2450,34704,34705,22028,28915,34703,632,17720],"class_list":["post-104673","post","type-post","status-publish","format-standard","has-post-thumbnail","hentry","category-gremiales","tag-diario-el-sindical","tag-dnu-297-20","tag-flota-pesquera","tag-gremiales","tag-jorge-frias","tag-jorge-garcia","tag-pablo-moyano","tag-vacunas"],"_links":{"self":[{"href":"https:\/\/www.elsindical.com.ar\/notas\/wp-json\/wp\/v2\/posts\/104673","targetHints":{"allow":["GET"]}}],"collection":[{"href":"https:\/\/www.elsindical.com.ar\/notas\/wp-json\/wp\/v2\/posts"}],"about":[{"href":"https:\/\/www.elsindical.com.ar\/notas\/wp-json\/wp\/v2\/types\/post"}],"author":[{"embeddable":true,"href":"https:\/\/www.elsindical.com.ar\/notas\/wp-json\/wp\/v2\/users\/1"}],"replies":[{"embeddable":true,"href":"https:\/\/www.elsindical.com.ar\/notas\/wp-json\/wp\/v2\/comments?post=104673"}],"version-history":[{"count":1,"href":"https:\/\/www.elsindical.com.ar\/notas\/wp-json\/wp\/v2\/posts\/104673\/revisions"}],"predecessor-version":[{"id":104676,"href":"https:\/\/www.elsindical.com.ar\/notas\/wp-json\/wp\/v2\/posts\/104673\/revisions\/104676"}],"wp:featuredmedia":[{"embeddable":true,"href":"https:\/\/www.elsindical.com.ar\/notas\/wp-json\/wp\/v2\/media\/104674"}],"wp:attachment":[{"href":"https:\/\/www.elsindical.com.ar\/notas\/wp-json\/wp\/v2\/media?parent=104673"}],"wp:term":[{"taxonomy":"category","embeddable":true,"href":"https:\/\/www.elsindical.com.ar\/notas\/wp-json\/wp\/v2\/categories?post=104673"},{"taxonomy":"post_tag","embeddable":true,"href":"https:\/\/www.elsindical.com.ar\/notas\/wp-json\/wp\/v2\/tags?post=104673"}],"curies":[{"name":"wp","href":"https:\/\/api.w.org\/{rel}","templated":true}]}}