{"id":104651,"date":"2021-05-13T01:18:44","date_gmt":"2021-05-13T04:18:44","guid":{"rendered":"https:\/\/www.elsindical.com.ar\/notas\/?p=104651"},"modified":"2021-05-13T01:18:44","modified_gmt":"2021-05-13T04:18:44","slug":"covid-19-hubo-496-muertes-y-24-475-contagios-en-las-ultimas-24-horas","status":"publish","type":"post","link":"https:\/\/www.elsindical.com.ar\/notas\/covid-19-hubo-496-muertes-y-24-475-contagios-en-las-ultimas-24-horas\/","title":{"rendered":"Covid-19: Hubo 496 muertes y 24.475 contagios en las \u00faltimas 24 horas"},"content":{"rendered":"\n<figure class=\"wp-block-image size-large\"><a href=\"https:\/\/www.elsindical.com.ar\/notas\/var\/www\/html\/notas\/wp-content\/uploads\/2021\/05\/Covid-Argentina-12-mayo-21.jpg\"><img loading=\"lazy\" decoding=\"async\" width=\"850\" height=\"462\" src=\"https:\/\/www.elsindical.com.ar\/notas\/var\/www\/html\/notas\/wp-content\/uploads\/2021\/05\/Covid-Argentina-12-mayo-21.jpg\" alt=\"\" class=\"wp-image-104652\" srcset=\"https:\/\/www.elsindical.com.ar\/notas\/var\/www\/html\/notas\/wp-content\/uploads\/2021\/05\/Covid-Argentina-12-mayo-21.jpg 850w, https:\/\/www.elsindical.com.ar\/notas\/var\/www\/html\/notas\/wp-content\/uploads\/2021\/05\/Covid-Argentina-12-mayo-21-300x163.jpg 300w, https:\/\/www.elsindical.com.ar\/notas\/var\/www\/html\/notas\/wp-content\/uploads\/2021\/05\/Covid-Argentina-12-mayo-21-768x417.jpg 768w, https:\/\/www.elsindical.com.ar\/notas\/var\/www\/html\/notas\/wp-content\/uploads\/2021\/05\/Covid-Argentina-12-mayo-21-500x272.jpg 500w\" sizes=\"auto, (max-width: 850px) 100vw, 850px\" \/><\/a><\/figure>\n\n\n\n<p class=\"wp-block-paragraph\">La ocupaci\u00f3n de camas de terapia intensiva en el AMBA es del 76,1%.<\/p>\n\n\n\n<p class=\"wp-block-paragraph\">Otras 496 personas murieron y 24.475 fueron reportadas con coronavirus en las \u00faltimas 24 horas en la Argentina, con lo que suman 68.807 los fallecidos registrados oficialmente a nivel nacional y 3.215.572 los contagiados desde el inicio de la pandemia, inform\u00f3 el Ministerio de Salud.<\/p>\n\n\n\n<p class=\"wp-block-paragraph\">En tanto, son 5.394 los internados en unidades de terapia intensiva, con un porcentaje de ocupaci\u00f3n de camas de adultos del 69,5 por ciento por ciento en el pa\u00eds y\u00a0del 76,1 por ciento en el \u00c1rea Metropolitana Buenos Aires (AMBA).<\/p>\n\n\n\n<p class=\"wp-block-paragraph\">Un&nbsp;51,35 por ciento&nbsp;(12.569 personas)&nbsp;de los infectados de este mi\u00e9rcoles corresponden a la Ciudad y a la provincia de Buenos Aires.<\/p>\n\n\n\n<h5 class=\"wp-block-heading\">Fallecidos<\/h5>\n\n\n\n<p class=\"wp-block-paragraph\">El reporte consign\u00f3 que fallecieron 294 hombres y 199 mujeres, mientras que tres personas de la provincia de Buenos Aires fueron reportadas sin dato de sexo.<\/p>\n\n\n\n<p class=\"wp-block-paragraph\">El parte precis\u00f3 que murieron 166 hombres en la provincia de Buenos Aires, 32 en la Ciudad de Buenos Aires, 1 en Catamarca, 2 en Chaco, 1 en Chubut, 2 en Corrientes, 16 en C\u00f3rdoba, 6 en Entre R\u00edos, 10 en Formosa, 4 en Jujuy, 3 en La Pampa, 10 en Mendoza, 1 en Misiones, 2 en Neuqu\u00e9n, 4 en R\u00edo Negro, 1 en Salta, 1 en San Juan, 7 en San Luis, 1 en Santa Cruz, 16 en Santa Fe, 3 en Santiago del Estero, 1 en Tierra del Fuego y 4 en Tucum\u00e1n.<\/p>\n\n\n\n<p class=\"wp-block-paragraph\">Tambi\u00e9n fallecieron 127 mujeres en la provincia de Buenos Aires, 22 en la Ciudad de Buenos Aires, 2 en Chaco, 3 en Corrientes, 5 en C\u00f3rdoba, 12 en Formosa, 1 en Jujuy, 1 en La Pampa, 6 en Mendoza, 2 en Misiones, 2 en R\u00edo Negro, 2 en Salta, 2 en San Luis, 1 en Santa Cruz, 8 en Santa Fe y 3 en Tucum\u00e1n.<\/p>\n\n\n\n<h5 class=\"wp-block-heading\">Nuevos casos<\/h5>\n\n\n\n<p class=\"wp-block-paragraph\">Este mi\u00e9rcoles se registraron en la provincia de Buenos Aires 10.349 casos, en la Ciudad de Buenos Aires 2.220, en Catamarca 282, en Chaco 302, en Chubut 244, en Corrientes 61, en C\u00f3rdoba 2.570, en Entre R\u00edos 696, en Formosa 322, en Jujuy 89, en La Pampa 648, en La Rioja 28, en Mendoza 825, en Misiones 139, en Neuqu\u00e9n 514, en R\u00edo Negro 363, en Salta 350, en San Juan 474, en San Luis 435, en Santa Cruz 230, en Santa Fe 2.269, en Santiago del Estero 342, Tierra del Fuego 94 y en Tucum\u00e1n 629.<\/p>\n\n\n\n<p class=\"wp-block-paragraph\">De esta forma la provincia de Buenos Aires suma 1.403.626 casos, la Ciudad de Buenos Aires 368.577, Catamarca 16.786, Chaco 47.744, Chubut 57.093, Corrientes 39.483, C\u00f3rdoba 247.100, Entre R\u00edos 69.259, Formosa 6.745, Jujuy 25.894, La Pampa 31.544, La Rioja 14.420, Mendoza 105.326, Misiones 17.337, Neuqu\u00e9n 76.394, R\u00edo Negro 65.016, Salta 37.409, San Juan 27.480, San Luis 42.832, Santa Cruz 47.250, Santa Fe 294.820, Santiago del Estero 33.597, Tierra del Fuego 27.241 y Tucum\u00e1n 112.599.<\/p>\n\n\n\n<p class=\"wp-block-paragraph\">El Ministerio indic\u00f3, adem\u00e1s, que se realizaron en las \u00faltimas 24 horas 82.575 testeos y desde el inicio del brote ascienden a 12.066.534 pruebas diagn\u00f3sticas para esta enfermedad.<\/p>\n","protected":false},"excerpt":{"rendered":"<p>La ocupaci\u00f3n de camas de terapia intensiva en el AMBA es del 76,1%. Otras 496 personas murieron y 24.475 fueron reportadas con coronavirus en las \u00faltimas 24 horas en la Argentina, con lo que suman 68.807 los fallecidos registrados oficialmente a nivel nacional y 3.215.572 los contagiados desde el inicio de la pandemia, inform\u00f3 el&hellip;<\/p>\n","protected":false},"author":1,"featured_media":104652,"comment_status":"open","ping_status":"open","sticky":false,"template":"","format":"standard","meta":{"footnotes":""},"categories":[23],"tags":[127,19938,32627,2450,134],"class_list":["post-104651","post","type-post","status-publish","format-standard","has-post-thumbnail","hentry","category-salud","tag-argentina","tag-contagios","tag-covid-19","tag-diario-el-sindical","tag-muertes"],"_links":{"self":[{"href":"https:\/\/www.elsindical.com.ar\/notas\/wp-json\/wp\/v2\/posts\/104651","targetHints":{"allow":["GET"]}}],"collection":[{"href":"https:\/\/www.elsindical.com.ar\/notas\/wp-json\/wp\/v2\/posts"}],"about":[{"href":"https:\/\/www.elsindical.com.ar\/notas\/wp-json\/wp\/v2\/types\/post"}],"author":[{"embeddable":true,"href":"https:\/\/www.elsindical.com.ar\/notas\/wp-json\/wp\/v2\/users\/1"}],"replies":[{"embeddable":true,"href":"https:\/\/www.elsindical.com.ar\/notas\/wp-json\/wp\/v2\/comments?post=104651"}],"version-history":[{"count":1,"href":"https:\/\/www.elsindical.com.ar\/notas\/wp-json\/wp\/v2\/posts\/104651\/revisions"}],"predecessor-version":[{"id":104653,"href":"https:\/\/www.elsindical.com.ar\/notas\/wp-json\/wp\/v2\/posts\/104651\/revisions\/104653"}],"wp:featuredmedia":[{"embeddable":true,"href":"https:\/\/www.elsindical.com.ar\/notas\/wp-json\/wp\/v2\/media\/104652"}],"wp:attachment":[{"href":"https:\/\/www.elsindical.com.ar\/notas\/wp-json\/wp\/v2\/media?parent=104651"}],"wp:term":[{"taxonomy":"category","embeddable":true,"href":"https:\/\/www.elsindical.com.ar\/notas\/wp-json\/wp\/v2\/categories?post=104651"},{"taxonomy":"post_tag","embeddable":true,"href":"https:\/\/www.elsindical.com.ar\/notas\/wp-json\/wp\/v2\/tags?post=104651"}],"curies":[{"name":"wp","href":"https:\/\/api.w.org\/{rel}","templated":true}]}}