{"id":104637,"date":"2021-05-12T10:32:06","date_gmt":"2021-05-12T13:32:06","guid":{"rendered":"https:\/\/www.elsindical.com.ar\/notas\/?p=104637"},"modified":"2021-05-12T10:32:08","modified_gmt":"2021-05-12T13:32:08","slug":"moreno-motin-y-toma-de-rehenes-en-comisaria-de-villa-trujui","status":"publish","type":"post","link":"https:\/\/www.elsindical.com.ar\/notas\/moreno-motin-y-toma-de-rehenes-en-comisaria-de-villa-trujui\/","title":{"rendered":"Moreno: Mot\u00edn y toma de rehenes en comisar\u00eda de Villa Trujui"},"content":{"rendered":"\n<figure class=\"wp-block-image size-large\"><a href=\"https:\/\/www.elsindical.com.ar\/notas\/var\/www\/html\/notas\/wp-content\/uploads\/2021\/05\/comisaria-Villa-Trujui.jpg\"><img loading=\"lazy\" decoding=\"async\" width=\"1024\" height=\"576\" src=\"https:\/\/www.elsindical.com.ar\/notas\/var\/www\/html\/notas\/wp-content\/uploads\/2021\/05\/comisaria-Villa-Trujui-1024x576.jpg\" alt=\"\" class=\"wp-image-104638\" srcset=\"https:\/\/www.elsindical.com.ar\/notas\/var\/www\/html\/notas\/wp-content\/uploads\/2021\/05\/comisaria-Villa-Trujui-1024x576.jpg 1024w, https:\/\/www.elsindical.com.ar\/notas\/var\/www\/html\/notas\/wp-content\/uploads\/2021\/05\/comisaria-Villa-Trujui-300x169.jpg 300w, https:\/\/www.elsindical.com.ar\/notas\/var\/www\/html\/notas\/wp-content\/uploads\/2021\/05\/comisaria-Villa-Trujui-768x432.jpg 768w, https:\/\/www.elsindical.com.ar\/notas\/var\/www\/html\/notas\/wp-content\/uploads\/2021\/05\/comisaria-Villa-Trujui-500x281.jpg 500w, https:\/\/www.elsindical.com.ar\/notas\/var\/www\/html\/notas\/wp-content\/uploads\/2021\/05\/comisaria-Villa-Trujui-460x260.jpg 460w, https:\/\/www.elsindical.com.ar\/notas\/var\/www\/html\/notas\/wp-content\/uploads\/2021\/05\/comisaria-Villa-Trujui.jpg 1200w\" sizes=\"auto, (max-width: 1024px) 100vw, 1024px\" \/><\/a><\/figure>\n\n\n\n<p class=\"wp-block-paragraph\">Sucedi\u00f3 anoche, cuando de los m\u00e1s de detenidos capturaron a dos polic\u00edas que recorr\u00edan los calabozos. La situaci\u00f3n ya fue controlada.<\/p>\n\n\n\n<p class=\"wp-block-paragraph\">Un grupo de presos protagoniz\u00f3 en las \u00faltimas horas un mot\u00edn en reclamo de traslados y de mejores condiciones de alojamiento en una comisar\u00eda del partido bonaerense de Moreno, en el que dos polic\u00edas quedaron como rehenes, aunque tras casi cuatro horas de negociaciones la revuelta fue controlada y los efectivos liberados.<\/p>\n\n\n\n<p class=\"wp-block-paragraph\">El hecho se inici\u00f3 anoche, cerca de las 22.30, cuando un grupo de aproximadamente 15 detenidos -de los 43 que se encontraban alojados en la dependencia- iniciaron un reclamo en la comisar\u00eda de Villa Trujui, Moreno, situada en Cervantes y Joaqu\u00edn V. Gonz\u00e1lez. La protesta continu\u00f3 con la captura de dos polic\u00edas que hac\u00edan la recorrida por los calabozos, quienes quedaron como rehenes de los amotinados.<\/p>\n\n\n\n<p class=\"wp-block-paragraph\">Seg\u00fan los voceros judiciales consultados por T\u00e9lam, los detenidos reclamaban mejoras en las condiciones de alojamiento y algunos traslados a otras dependencias.<\/p>\n\n\n\n<p class=\"wp-block-paragraph\">Cerca de las 2.30 de esta madrugada, tras una serie de negociaciones y la entrega de un petitorio, los apresados liberaron a los polic\u00edas sin que se produjeran heridos ni da\u00f1os en los calabozos, agregaron las fuentes. Una divisi\u00f3n del Grupo de Apoyo Departamental (GAD) se present\u00f3 en el lugar para dialogar con los presos y lograr un acuerdo para que depusieran su actitud.<\/p>\n\n\n\n<p class=\"wp-block-paragraph\">Voceros vinculados a la pesquisa explicaron que la comisar\u00eda tiene en sus calabozos capacidad para alojar a 16 personas, aunque suele albergar a entre 45 y 50 detenidos. Tras la protesta, cuatro apresados fueron trasladados a otras dependencias de la zona oeste.<\/p>\n\n\n\n<p class=\"wp-block-paragraph\">Las actuaciones judiciales por el hecho est\u00e1n a cargo de la Unidad Funcional de Instrucci\u00f3n (UFI) n\u00famero 8, que dirige el fiscal Gabriel L\u00f3pez.<\/p>\n","protected":false},"excerpt":{"rendered":"<p>Sucedi\u00f3 anoche, cuando de los m\u00e1s de detenidos capturaron a dos polic\u00edas que recorr\u00edan los calabozos. La situaci\u00f3n ya fue controlada. Un grupo de presos protagoniz\u00f3 en las \u00faltimas horas un mot\u00edn en reclamo de traslados y de mejores condiciones de alojamiento en una comisar\u00eda del partido bonaerense de Moreno, en el que dos polic\u00edas&hellip;<\/p>\n","protected":false},"author":1,"featured_media":104638,"comment_status":"open","ping_status":"open","sticky":false,"template":"","format":"standard","meta":{"footnotes":""},"categories":[22],"tags":[1227,2450,1232,831,3851,30584],"class_list":["post-104637","post","type-post","status-publish","format-standard","has-post-thumbnail","hentry","category-policiales","tag-comisaria","tag-diario-el-sindical","tag-moreno","tag-motin","tag-toma-de-rehenes","tag-villa-trujui"],"_links":{"self":[{"href":"https:\/\/www.elsindical.com.ar\/notas\/wp-json\/wp\/v2\/posts\/104637","targetHints":{"allow":["GET"]}}],"collection":[{"href":"https:\/\/www.elsindical.com.ar\/notas\/wp-json\/wp\/v2\/posts"}],"about":[{"href":"https:\/\/www.elsindical.com.ar\/notas\/wp-json\/wp\/v2\/types\/post"}],"author":[{"embeddable":true,"href":"https:\/\/www.elsindical.com.ar\/notas\/wp-json\/wp\/v2\/users\/1"}],"replies":[{"embeddable":true,"href":"https:\/\/www.elsindical.com.ar\/notas\/wp-json\/wp\/v2\/comments?post=104637"}],"version-history":[{"count":1,"href":"https:\/\/www.elsindical.com.ar\/notas\/wp-json\/wp\/v2\/posts\/104637\/revisions"}],"predecessor-version":[{"id":104639,"href":"https:\/\/www.elsindical.com.ar\/notas\/wp-json\/wp\/v2\/posts\/104637\/revisions\/104639"}],"wp:featuredmedia":[{"embeddable":true,"href":"https:\/\/www.elsindical.com.ar\/notas\/wp-json\/wp\/v2\/media\/104638"}],"wp:attachment":[{"href":"https:\/\/www.elsindical.com.ar\/notas\/wp-json\/wp\/v2\/media?parent=104637"}],"wp:term":[{"taxonomy":"category","embeddable":true,"href":"https:\/\/www.elsindical.com.ar\/notas\/wp-json\/wp\/v2\/categories?post=104637"},{"taxonomy":"post_tag","embeddable":true,"href":"https:\/\/www.elsindical.com.ar\/notas\/wp-json\/wp\/v2\/tags?post=104637"}],"curies":[{"name":"wp","href":"https:\/\/api.w.org\/{rel}","templated":true}]}}