{"id":104559,"date":"2021-05-09T19:42:29","date_gmt":"2021-05-09T22:42:29","guid":{"rendered":"https:\/\/www.elsindical.com.ar\/notas\/?p=104559"},"modified":"2021-05-09T19:42:30","modified_gmt":"2021-05-09T22:42:30","slug":"coronavirus-en-la-argentina-11-582-nuevos-contagiados-y-283-muertos-en-las-ultimas-24-horas","status":"publish","type":"post","link":"https:\/\/www.elsindical.com.ar\/notas\/coronavirus-en-la-argentina-11-582-nuevos-contagiados-y-283-muertos-en-las-ultimas-24-horas\/","title":{"rendered":"Coronavirus en la Argentina: 11.582 nuevos contagiados y 283 muertos en las \u00faltimas 24 horas"},"content":{"rendered":"\n<figure class=\"wp-block-image size-large\"><a href=\"https:\/\/www.elsindical.com.ar\/notas\/var\/www\/html\/notas\/wp-content\/uploads\/2021\/05\/COVID-Argentina-8-mayo-21.jpg\"><img loading=\"lazy\" decoding=\"async\" width=\"1024\" height=\"569\" src=\"https:\/\/www.elsindical.com.ar\/notas\/var\/www\/html\/notas\/wp-content\/uploads\/2021\/05\/COVID-Argentina-8-mayo-21-1024x569.jpg\" alt=\"\" class=\"wp-image-104560\" srcset=\"https:\/\/www.elsindical.com.ar\/notas\/var\/www\/html\/notas\/wp-content\/uploads\/2021\/05\/COVID-Argentina-8-mayo-21-1024x569.jpg 1024w, https:\/\/www.elsindical.com.ar\/notas\/var\/www\/html\/notas\/wp-content\/uploads\/2021\/05\/COVID-Argentina-8-mayo-21-300x167.jpg 300w, https:\/\/www.elsindical.com.ar\/notas\/var\/www\/html\/notas\/wp-content\/uploads\/2021\/05\/COVID-Argentina-8-mayo-21-768x427.jpg 768w, https:\/\/www.elsindical.com.ar\/notas\/var\/www\/html\/notas\/wp-content\/uploads\/2021\/05\/COVID-Argentina-8-mayo-21-500x278.jpg 500w, https:\/\/www.elsindical.com.ar\/notas\/var\/www\/html\/notas\/wp-content\/uploads\/2021\/05\/COVID-Argentina-8-mayo-21.jpg 1271w\" sizes=\"auto, (max-width: 1024px) 100vw, 1024px\" \/><\/a><\/figure>\n\n\n\n<p>De acuerdo a lo que surge de los nuevos datos, la cifra total de contagiados desde el inicio de la pandemia llega a 3.147.740 y los fallecidos son 67.325.<\/p>\n\n\n\n<p>En horas de la tarde de este <strong>domingo 9 de mayo de 2021<\/strong>, el <strong>Ministerio de Salud de la Naci\u00f3n<\/strong> ha informado sobre <strong>11.582 nuevos casos de contagio<\/strong> y<strong> 283 muertes por coronavirus<\/strong> en la<strong> Argentina.<\/strong><\/p>\n\n\n\n<p>Los nuevos datos salen parte diario publicado en base a los datos informados por las provincias en las<strong> \u00faltimas 24 horas.<\/strong><\/p>\n\n\n\n<p>Los <strong>recuperados<\/strong> ya son <strong>2.817.165<\/strong> pacientes en todo el pa\u00eds, mientras que la<strong> cifra total de fallecidos llega a 67.325 personas.<\/strong><\/p>\n\n\n\n<p>Sobre un total de<strong> 3.147.740<\/strong> contagios, <strong>Argentina&nbsp;est\u00e1 ubicada 11\u00b0 entre los pa\u00edses con mayor cantidad de casos positivos<\/strong> acumulados desde el inicio de la&nbsp;pandemia del&nbsp;virus.<\/p>\n\n\n\n<p>Los <strong>distritos<\/strong> que<strong> m\u00e1s contagios reportaron<\/strong> esta jornada son la <strong>provincia de Buenos Aires<\/strong> (4.240 y 1.374.852 acumulados), <strong>CABA<\/strong> (1.561 y 361.864), <strong>C\u00f3rdoba<\/strong> (1.163 y 240.596), <strong>Santa Fe<\/strong> (845 y 289.102), <strong>San Luis<\/strong> (491 y 41.449),<strong> Neuqu\u00e9n<\/strong> (320 y 74.777), <strong>Tucum\u00e1n (<\/strong>317 y 110.558), <strong>Mendoza<\/strong> (290 y 102.626), <strong>Santiago del Estero<\/strong> (286 y 32.804) y <strong>Entre R\u00edos<\/strong> (283 y 67.433).<\/p>\n\n\n\n<p>As\u00ed mismo, <strong>5294 personas cursaban la enfermedad en Unidades de Terapia Intensiva (UTI)<\/strong>. La ocupaci\u00f3n de camas UTI, m\u00e1s all\u00e1 de la dolencia que explique la internaci\u00f3n del paciente, en <strong>todo el pa\u00eds<\/strong> promedia el<strong> 68.6%<\/strong>, mientras que en el <strong>AMBA<\/strong> llega al <strong>76.8%<\/strong>.<\/p>\n\n\n\n<p>Si se tienen en cuenta los <strong>contagios por mill\u00f3n de habitantes,<\/strong> el pa\u00eds se ubica <strong>38\u00b0<\/strong> con una tasa de <strong>68.854 por mill\u00f3n<\/strong>. De todos modos, por efecto de la segunda ola, el recorte de la \u00faltima semana lo&nbsp;ubica en el <strong>8\u00b0 lugar<\/strong>, de acuerdo a lo informado por el sitio <strong>Our World in Data<\/strong>.<\/p>\n","protected":false},"excerpt":{"rendered":"<p>De acuerdo a lo que surge de los nuevos datos, la cifra total de contagiados desde el inicio de la pandemia llega a 3.147.740 y los fallecidos son 67.325. En horas de la tarde de este domingo 9 de mayo de 2021, el Ministerio de Salud de la Naci\u00f3n ha informado sobre 11.582 nuevos casos&hellip;<\/p>\n","protected":false},"author":1,"featured_media":104560,"comment_status":"open","ping_status":"open","sticky":false,"template":"","format":"standard","meta":{"footnotes":""},"categories":[23],"tags":[127,19938,32346,32627,649,22031],"class_list":["post-104559","post","type-post","status-publish","format-standard","has-post-thumbnail","hentry","category-salud","tag-argentina","tag-contagios","tag-coronavirus","tag-covid-19","tag-muertos","tag-salud"],"_links":{"self":[{"href":"https:\/\/www.elsindical.com.ar\/notas\/wp-json\/wp\/v2\/posts\/104559","targetHints":{"allow":["GET"]}}],"collection":[{"href":"https:\/\/www.elsindical.com.ar\/notas\/wp-json\/wp\/v2\/posts"}],"about":[{"href":"https:\/\/www.elsindical.com.ar\/notas\/wp-json\/wp\/v2\/types\/post"}],"author":[{"embeddable":true,"href":"https:\/\/www.elsindical.com.ar\/notas\/wp-json\/wp\/v2\/users\/1"}],"replies":[{"embeddable":true,"href":"https:\/\/www.elsindical.com.ar\/notas\/wp-json\/wp\/v2\/comments?post=104559"}],"version-history":[{"count":1,"href":"https:\/\/www.elsindical.com.ar\/notas\/wp-json\/wp\/v2\/posts\/104559\/revisions"}],"predecessor-version":[{"id":104561,"href":"https:\/\/www.elsindical.com.ar\/notas\/wp-json\/wp\/v2\/posts\/104559\/revisions\/104561"}],"wp:featuredmedia":[{"embeddable":true,"href":"https:\/\/www.elsindical.com.ar\/notas\/wp-json\/wp\/v2\/media\/104560"}],"wp:attachment":[{"href":"https:\/\/www.elsindical.com.ar\/notas\/wp-json\/wp\/v2\/media?parent=104559"}],"wp:term":[{"taxonomy":"category","embeddable":true,"href":"https:\/\/www.elsindical.com.ar\/notas\/wp-json\/wp\/v2\/categories?post=104559"},{"taxonomy":"post_tag","embeddable":true,"href":"https:\/\/www.elsindical.com.ar\/notas\/wp-json\/wp\/v2\/tags?post=104559"}],"curies":[{"name":"wp","href":"https:\/\/api.w.org\/{rel}","templated":true}]}}