{"id":104531,"date":"2021-05-07T12:01:36","date_gmt":"2021-05-07T15:01:36","guid":{"rendered":"https:\/\/www.elsindical.com.ar\/notas\/?p=104531"},"modified":"2021-05-07T12:01:37","modified_gmt":"2021-05-07T15:01:37","slug":"hernan-doval-se-comienza-a-bajar-los-pantalones","status":"publish","type":"post","link":"https:\/\/www.elsindical.com.ar\/notas\/hernan-doval-se-comienza-a-bajar-los-pantalones\/","title":{"rendered":"Hern\u00e1n Doval se comienza a \u00abbajar los pantalones\u00bb"},"content":{"rendered":"\n<div class=\"wp-block-image\"><figure class=\"aligncenter size-large\"><a href=\"https:\/\/www.elsindical.com.ar\/notas\/var\/www\/html\/notas\/wp-content\/uploads\/2021\/05\/bajarsepantalones.jpg\"><img loading=\"lazy\" decoding=\"async\" width=\"301\" height=\"556\" src=\"https:\/\/www.elsindical.com.ar\/notas\/var\/www\/html\/notas\/wp-content\/uploads\/2021\/05\/bajarsepantalones.jpg\" alt=\"\" class=\"wp-image-104532\" srcset=\"https:\/\/www.elsindical.com.ar\/notas\/var\/www\/html\/notas\/wp-content\/uploads\/2021\/05\/bajarsepantalones.jpg 301w, https:\/\/www.elsindical.com.ar\/notas\/var\/www\/html\/notas\/wp-content\/uploads\/2021\/05\/bajarsepantalones-162x300.jpg 162w\" sizes=\"auto, (max-width: 301px) 100vw, 301px\" \/><\/a><\/figure><\/div>\n\n\n\n<p>       Para comprender la frase, lo mejor es ir a uno de los tantos estudios sobre el uso de \u00abdichos populares\u00bb.<\/p>\n\n\n\n<p><strong><em>\u00abBajarse los pantalones\u00bb es humillarse, cediendo de forma vergonzante ante las pretensiones injustas de alguien, pese a tener raz\u00f3n o haber actuado correctamente. Ejemplo: \u00abLos del comit\u00e9 iban decididos a conseguir una reducci\u00f3n del horario de trabajo, y resulta que cuando llegan ante \u00e9l se bajan los pantalones\u00bb.<\/em><\/strong><\/p>\n\n\n\n<p>Hace unos a\u00f1os, cuando Hern\u00e1n Doval tom\u00f3 distancia de Jorge Ferraresi, el dirigente sindical no dej\u00f3 de denunciar malas condiciones de trabajo en el municipio de Avellaneda, precarizaci\u00f3n y bajos sueldos, junto al Cholo Garc\u00eda como \u00abcerebro\u00bb encararon una dura lucha con movilizaciones, denuncias y presentaciones en la justicia que poco prosperaron porque Jorge Ferraresi como intendente promovi\u00f3 la participaci\u00f3n y creaci\u00f3n de otras entidades gremiales con las que se sent\u00f3 a negociar salarios dejando fuera de la mesa al STMA.<\/p>\n\n\n\n<p>A la fecha los \u00fanicos logros reales del Cholo Garc\u00eda, Hern\u00e1n Doval y su entorno ha sido en beneficio propio, los trabajadores siguen precarizados, con sueldos bajos y en muchos casos en malas condiciones laborales.<\/p>\n\n\n\n<p>Pero Doval sabe que necesita subsistir si quiere seguir viviendo muy bien sin trabajar y para eso necesita que el STMA mejore la relaci\u00f3n con el municipio, aunque eso sea, bajarse los pantalones sin que se note mucho.<\/p>\n\n\n\n<p>Algunas de las rid\u00edculas declaraciones de Hern\u00e1n Doval:<\/p>\n\n\n\n<p><strong><em>El titular del Sindicato de Trabajadores Municipales de Avellaneda (STMA), Hern\u00e1n Doval, sali\u00f3 al cruce de las declaraciones de Daniel Ferro, Subsecretario de Prensa y Comunicaci\u00f3n de la FESIMUBO, que sostuvo que Magdalena Sierra \u201cno tiene espalda para conducir Avellaneda\u201d y consider\u00f3 que la actual Jefa de Gabinete municipal \u201ctiene toda la capacidad para ser candidata a Intendenta\u201d.<\/em><\/strong><\/p>\n\n\n\n<p><strong><em>\u201cEn cuanto a los candidatos del oficialismo no vamos a subestimar a nadie. La compa\u00f1era tiene toda la capacidad para hacerlo, incluso ser\u00eda la primera mujer en asumir en el distrito. Todo esto no quiere decir que acompa\u00f1emos y la votemos, cada uno en el sindicato es libre de decidir\u201d, expres\u00f3 el ex diputado provincial por el Frente para la Victoria.Adem\u00e1s se meti\u00f3 de lleno en las acusaciones de la oposici\u00f3n que cuestionan el triple comando en el distrito con una conducci\u00f3n conjunta entre la propia Sierra, el Ministro de Desarrollo Territorial y H\u00e1bitat nacional, Jorge Ferraresi, y el intendente interino Alejo Chornobroff.<\/em><\/strong><\/p>\n\n\n\n<p><strong><em>\u201cAlejo es Intendente interino y la jefa de Gabinete tiene una presencia importante en la gesti\u00f3n, asimismo no s\u00e9 qui\u00e9n gobierna o si es compartido. Evidentemente no es como cuando estaba Ferraresi que ten\u00eda \u00e9l la \u00faltima palabra y era irrefutable. Seguramente tambi\u00e9n contin\u00faa atento a lo que pasa en Avellaneda\u201d, coment\u00f3.Para cerrar el tema aclar\u00f3 que, m\u00e1s all\u00e1 de la conducci\u00f3n en el Municipio, \u201ccontinuar\u00e1n con los reclamos\u201d ya que es una \u201clucha hist\u00f3rica\u201d que critica la \u201cprecarizaci\u00f3n y flexibilizaci\u00f3n laboral\u201d. \u201cLa pandemia una ha desnudado que los trabajadores m\u00e1s necesarios son los que menos cobran\u201d, alert\u00f3 Doval.<\/em><\/strong><\/p>\n\n\n\n<p>La puesta en escena del bueno y el malo, mientras el impresentable de Daniel Ferro un tipo que le causo un gran mal al STMA del que vive y vivi\u00f3 muy bien en desmedro de las cuentas del sindicato que financia los caprichos de sus dirigentes hoy se hace el malo, ladra como un Chiguagua criticando a Magdalena Sierra con un argumento a la medida de Ferro que es la nada, decir que no tiene espalda es rid\u00edculo y mentiroso si hay algo que le sobra a Magdalena Sierra es espalda, con los a\u00f1os se ha sacudido de todos los comentarios y miradas por ser la esposa de Ferraresi, ha llevado adelante y sin que se le corra el maquillaje los rumores de ser \u00abla cornuda\u00bb y que para que no joda su marido siempre le consegu\u00eda un cargo. Llevar todo eso sin que se conozcan esc\u00e1ndalos por celos es tener espalda y saber esperar su momento.<\/p>\n\n\n\n<p>Los argumentos del bueno de Hern\u00e1n Doval tambi\u00e9n son incoherentes y revelan que busca arrimarse al poder con los pantalones bajos sin que se note mucho, llama \u00abcompa\u00f1era\u00bb a Magdalena Sierra y afirma que tiene la CAPACIDAD para ser intendente, ac\u00e1 es bueno diferencias varias cosas, no dudo que Magdalena Sierra tenga habilidades, pero tener CAPACIDAD para ser intendente y m\u00e1s ser un intendente justo es necesario tener la capacidad de ver m\u00e1s all\u00e1 de su propio espacio, un intendente debe gobernar de forma amplia, tener una visi\u00f3n distinta a la de un dirigente pol\u00edtico de un espacio y en eso Magdalena Sierra est\u00e1 muy verde, tiene todas las condiciones para ser una l\u00edder, pero son muchos a\u00f1os de ser una dirigente de peso en un mismo espacio donde todos aplauden sus ideas y no tiene disidencias, eso limita a muchos pol\u00edticos que se rodean de obsecuentes. Magdalena Sierra est\u00e1 muy mal asesorada, hoy que tiene la oportunidad de derribar todo, de captar la atenci\u00f3n de los vecinos que votan a los opositores se cierra a su espacio pol\u00edtico y no mueve el amper\u00edmetro de la pol\u00edtica local, con el riesgo de perder votos en una elecci\u00f3n porque la situaci\u00f3n sanitaria y econ\u00f3mica no ayudan.<\/p>\n\n\n\n<p>Lo del STMA es pat\u00e9tico, quieren poner un huevo en cada canasta y dan pena, Magdalena Sierra por su lado es como un diamante en bruto que enterrado en el barro no tiene ni valor ni belleza, qu\u00e9 pueden aportarle los que hoy la rodean? es como creer que la tiene atada pero comparada con qui\u00e9n? Alejo Chornobroff es una caricatura de pol\u00edtico, una cosa es jugar a la pol\u00edtica como militante, otra es ser amplio, es tener una impronta personal. El municipio hoy es una cueva de funcionarios mediocres que no funcionan, los secretarios y el equipo que arma Jorge Ferraresi es de los peores, porque la idea de Jorge desde hace a\u00f1os era correrse un tiempo de la intendencia y dejar la nada para que as\u00ed se instale el \u00aboperativo retorno\u00bb, con lo que dej\u00f3 es obvio que en las comparaciones lo iban a extra\u00f1ar.<\/p>\n\n\n\n<p>Veremos de qu\u00e9 est\u00e1 hecha Magdalena Sierra, si comparamos Cristina se sac\u00f3 a varios ministros de N\u00e9stor cuando asumi\u00f3 y al resto los alineo a su mando, tendr\u00e1 Magdalena Sierra la espalda para sacarse a los que no funcionan y piantan votos?<\/p>\n\n\n\n<p>Por Marcelo Ricardo Hawrylciw<\/p>\n","protected":false},"excerpt":{"rendered":"<p>Para comprender la frase, lo mejor es ir a uno de los tantos estudios sobre el uso de \u00abdichos populares\u00bb. \u00abBajarse los pantalones\u00bb es humillarse, cediendo de forma vergonzante ante las pretensiones injustas de alguien, pese a tener raz\u00f3n o haber actuado correctamente. Ejemplo: \u00abLos del comit\u00e9 iban decididos a conseguir una reducci\u00f3n del horario&hellip;<\/p>\n","protected":false},"author":1,"featured_media":104532,"comment_status":"open","ping_status":"open","sticky":false,"template":"","format":"standard","meta":{"footnotes":""},"categories":[10],"tags":[461,23133,23792,2450,2111,17286,1062,16519,3141],"class_list":["post-104531","post","type-post","status-publish","format-standard","has-post-thumbnail","hentry","category-editorial","tag-avellaneda","tag-cholo-garcia","tag-daniel-ferro","tag-diario-el-sindical","tag-fesimubo","tag-hernan-doval","tag-jorge-ferraresi","tag-magdalena-sierra","tag-stma"],"_links":{"self":[{"href":"https:\/\/www.elsindical.com.ar\/notas\/wp-json\/wp\/v2\/posts\/104531","targetHints":{"allow":["GET"]}}],"collection":[{"href":"https:\/\/www.elsindical.com.ar\/notas\/wp-json\/wp\/v2\/posts"}],"about":[{"href":"https:\/\/www.elsindical.com.ar\/notas\/wp-json\/wp\/v2\/types\/post"}],"author":[{"embeddable":true,"href":"https:\/\/www.elsindical.com.ar\/notas\/wp-json\/wp\/v2\/users\/1"}],"replies":[{"embeddable":true,"href":"https:\/\/www.elsindical.com.ar\/notas\/wp-json\/wp\/v2\/comments?post=104531"}],"version-history":[{"count":1,"href":"https:\/\/www.elsindical.com.ar\/notas\/wp-json\/wp\/v2\/posts\/104531\/revisions"}],"predecessor-version":[{"id":104533,"href":"https:\/\/www.elsindical.com.ar\/notas\/wp-json\/wp\/v2\/posts\/104531\/revisions\/104533"}],"wp:featuredmedia":[{"embeddable":true,"href":"https:\/\/www.elsindical.com.ar\/notas\/wp-json\/wp\/v2\/media\/104532"}],"wp:attachment":[{"href":"https:\/\/www.elsindical.com.ar\/notas\/wp-json\/wp\/v2\/media?parent=104531"}],"wp:term":[{"taxonomy":"category","embeddable":true,"href":"https:\/\/www.elsindical.com.ar\/notas\/wp-json\/wp\/v2\/categories?post=104531"},{"taxonomy":"post_tag","embeddable":true,"href":"https:\/\/www.elsindical.com.ar\/notas\/wp-json\/wp\/v2\/tags?post=104531"}],"curies":[{"name":"wp","href":"https:\/\/api.w.org\/{rel}","templated":true}]}}