{"id":104496,"date":"2021-05-06T12:24:55","date_gmt":"2021-05-06T15:24:55","guid":{"rendered":"https:\/\/www.elsindical.com.ar\/notas\/?p=104496"},"modified":"2021-05-06T12:24:56","modified_gmt":"2021-05-06T15:24:56","slug":"judiciales-realizan-retencion-de-tareas-hasta-que-la-corte-restringa-la-presencialidad","status":"publish","type":"post","link":"https:\/\/www.elsindical.com.ar\/notas\/judiciales-realizan-retencion-de-tareas-hasta-que-la-corte-restringa-la-presencialidad\/","title":{"rendered":"Judiciales realizan retenci\u00f3n de tareas hasta que la Corte restringa la presencialidad"},"content":{"rendered":"\n<figure class=\"wp-block-image size-large\"><a href=\"https:\/\/www.elsindical.com.ar\/notas\/var\/www\/html\/notas\/wp-content\/uploads\/2021\/05\/retencion-de-tareas-judiciales-bonaerenses.jpg\"><img loading=\"lazy\" decoding=\"async\" width=\"1024\" height=\"575\" src=\"https:\/\/www.elsindical.com.ar\/notas\/var\/www\/html\/notas\/wp-content\/uploads\/2021\/05\/retencion-de-tareas-judiciales-bonaerenses-1024x575.jpg\" alt=\"\" class=\"wp-image-104497\" srcset=\"https:\/\/www.elsindical.com.ar\/notas\/var\/www\/html\/notas\/wp-content\/uploads\/2021\/05\/retencion-de-tareas-judiciales-bonaerenses-1024x575.jpg 1024w, https:\/\/www.elsindical.com.ar\/notas\/var\/www\/html\/notas\/wp-content\/uploads\/2021\/05\/retencion-de-tareas-judiciales-bonaerenses-300x169.jpg 300w, https:\/\/www.elsindical.com.ar\/notas\/var\/www\/html\/notas\/wp-content\/uploads\/2021\/05\/retencion-de-tareas-judiciales-bonaerenses-768x432.jpg 768w, https:\/\/www.elsindical.com.ar\/notas\/var\/www\/html\/notas\/wp-content\/uploads\/2021\/05\/retencion-de-tareas-judiciales-bonaerenses-500x281.jpg 500w, https:\/\/www.elsindical.com.ar\/notas\/var\/www\/html\/notas\/wp-content\/uploads\/2021\/05\/retencion-de-tareas-judiciales-bonaerenses.jpg 1500w\" sizes=\"auto, (max-width: 1024px) 100vw, 1024px\" \/><\/a><\/figure>\n\n\n\n<p>Desde la Asociaci\u00f3n de Judiciales Bonaerense convocaron a una medida de fuerza frente a la falta de respuesta de la Corte para restringir la presencialidad en departamentales debido al aumento exponencial de contagios que se registra en Buenos Aires y en el Poder Judicial. La medida de fuerza regir\u00e1 hasta el viernes.<\/p>\n\n\n\n<p>En el primer d\u00eda de la retenci\u00f3n de tareas, el secretario general AJBA Lomas de Zamora, Jorge Sotelo, destac\u00f3 el acatamiento y apoyo que tuvo la medida y subray\u00f3 <strong> <\/strong>que \u201clos trabajadores est\u00e1n pasando un momento muy dif\u00edcil\u201d.<\/p>\n\n\n\n<p>\u201cLos informes son muy claros del aumento de casos de COVID-19 y de las medidas de prevenci\u00f3n que hay que tomar, el Poder Judicial no est\u00e1 exento de esto porque hubo un aumento de casos que es alarmante. Se lo dijimos a la Corte que deb\u00eda mantener los niveles de seguridad sanitaria y que hiciera una acordada que determine l\u00edmites para evitar la libre interpretaci\u00f3n, pero no escucharon nuestro reclamo e hizo una acordad muy vaga\u201d, recrimin\u00f3 el dirigente sindical.<\/p>\n\n\n\n<p>Subray\u00f3 que \u201cesto supone un peligro serio a todos los compa\u00f1eros, por eso se decidi\u00f3 esta medida de fuerza\u201d y apunt\u00f3 a que \u201cla Corte recapacite porque esto es tambi\u00e9n un pedido del colegio de magistrados y abogado que pidi\u00f3 medidas sanitarias y la Corte no escuch\u00f3\u201d.<\/p>\n\n\n\n<p>Adem\u00e1s, marc\u00f3 que \u201clas condiciones edilicias de muchos juzgaos no permite la presencialidad y cuidar la salud\u201d y remarc\u00f3 que \u201chabr\u00eda que reducir el personal, pero la Corte sigue sin escuchar y no dicen nada\u201d.<\/p>\n\n\n\n<p>En ese punto, se\u00f1al\u00f3 que desde el sindicato le enviaron notas al Ejecutivo provincial \u201cexplicando esta situaci\u00f3n, pero no hubo respuesta, mandamos a la Corte explicando la medida de fuerza, y tambi\u00e9n al Ministerio de Trabajo, pero no respondieron\u201d y advirti\u00f3 que \u201cel n\u00famero de contagios sigue siendo alto como en el resto de la sociedad y el Poder Judicial no est\u00e1 exento\u201d.<\/p>\n\n\n\n<p>La medida tendr\u00e1 vigencia en principio hasta el pr\u00f3ximo viernes 7, y una vez finalizada el sindicato evaluar\u00e1 la continuidad de la acci\u00f3n gremial en funci\u00f3n de las modificaciones que disponga la Suprema Corte al esquema de funcionamiento actual.<\/p>\n","protected":false},"excerpt":{"rendered":"<p>Desde la Asociaci\u00f3n de Judiciales Bonaerense convocaron a una medida de fuerza frente a la falta de respuesta de la Corte para restringir la presencialidad en departamentales debido al aumento exponencial de contagios que se registra en Buenos Aires y en el Poder Judicial. La medida de fuerza regir\u00e1 hasta el viernes. En el primer&hellip;<\/p>\n","protected":false},"author":1,"featured_media":104497,"comment_status":"open","ping_status":"open","sticky":false,"template":"","format":"standard","meta":{"footnotes":""},"categories":[16,20],"tags":[4626,32627,2450,24208,9539],"class_list":["post-104496","post","type-post","status-publish","format-standard","has-post-thumbnail","hentry","category-gremiales","category-judiciales","tag-ajb","tag-covid-19","tag-diario-el-sindical","tag-retencion-de-tareas","tag-suprema-corte-bonaerense"],"_links":{"self":[{"href":"https:\/\/www.elsindical.com.ar\/notas\/wp-json\/wp\/v2\/posts\/104496","targetHints":{"allow":["GET"]}}],"collection":[{"href":"https:\/\/www.elsindical.com.ar\/notas\/wp-json\/wp\/v2\/posts"}],"about":[{"href":"https:\/\/www.elsindical.com.ar\/notas\/wp-json\/wp\/v2\/types\/post"}],"author":[{"embeddable":true,"href":"https:\/\/www.elsindical.com.ar\/notas\/wp-json\/wp\/v2\/users\/1"}],"replies":[{"embeddable":true,"href":"https:\/\/www.elsindical.com.ar\/notas\/wp-json\/wp\/v2\/comments?post=104496"}],"version-history":[{"count":1,"href":"https:\/\/www.elsindical.com.ar\/notas\/wp-json\/wp\/v2\/posts\/104496\/revisions"}],"predecessor-version":[{"id":104498,"href":"https:\/\/www.elsindical.com.ar\/notas\/wp-json\/wp\/v2\/posts\/104496\/revisions\/104498"}],"wp:featuredmedia":[{"embeddable":true,"href":"https:\/\/www.elsindical.com.ar\/notas\/wp-json\/wp\/v2\/media\/104497"}],"wp:attachment":[{"href":"https:\/\/www.elsindical.com.ar\/notas\/wp-json\/wp\/v2\/media?parent=104496"}],"wp:term":[{"taxonomy":"category","embeddable":true,"href":"https:\/\/www.elsindical.com.ar\/notas\/wp-json\/wp\/v2\/categories?post=104496"},{"taxonomy":"post_tag","embeddable":true,"href":"https:\/\/www.elsindical.com.ar\/notas\/wp-json\/wp\/v2\/tags?post=104496"}],"curies":[{"name":"wp","href":"https:\/\/api.w.org\/{rel}","templated":true}]}}