{"id":104431,"date":"2021-05-02T15:11:51","date_gmt":"2021-05-02T18:11:51","guid":{"rendered":"https:\/\/www.elsindical.com.ar\/notas\/?p=104431"},"modified":"2021-05-02T15:11:51","modified_gmt":"2021-05-02T18:11:51","slug":"avellaneda-capacitaran-a-empleados-municipales","status":"publish","type":"post","link":"https:\/\/www.elsindical.com.ar\/notas\/avellaneda-capacitaran-a-empleados-municipales\/","title":{"rendered":"Avellaneda: Capacitar\u00e1n a empleados municipales"},"content":{"rendered":"\n<figure class=\"wp-block-image size-large\"><a href=\"https:\/\/www.elsindical.com.ar\/notas\/var\/www\/html\/notas\/wp-content\/uploads\/2021\/05\/capacitacion-empleados-municipales-de-Avellaneda.jpg\"><img loading=\"lazy\" decoding=\"async\" width=\"1024\" height=\"682\" src=\"https:\/\/www.elsindical.com.ar\/notas\/var\/www\/html\/notas\/wp-content\/uploads\/2021\/05\/capacitacion-empleados-municipales-de-Avellaneda-1024x682.jpg\" alt=\"\" class=\"wp-image-104432\" srcset=\"https:\/\/www.elsindical.com.ar\/notas\/var\/www\/html\/notas\/wp-content\/uploads\/2021\/05\/capacitacion-empleados-municipales-de-Avellaneda-1024x682.jpg 1024w, https:\/\/www.elsindical.com.ar\/notas\/var\/www\/html\/notas\/wp-content\/uploads\/2021\/05\/capacitacion-empleados-municipales-de-Avellaneda-300x200.jpg 300w, https:\/\/www.elsindical.com.ar\/notas\/var\/www\/html\/notas\/wp-content\/uploads\/2021\/05\/capacitacion-empleados-municipales-de-Avellaneda-768x512.jpg 768w, https:\/\/www.elsindical.com.ar\/notas\/var\/www\/html\/notas\/wp-content\/uploads\/2021\/05\/capacitacion-empleados-municipales-de-Avellaneda-450x300.jpg 450w, https:\/\/www.elsindical.com.ar\/notas\/var\/www\/html\/notas\/wp-content\/uploads\/2021\/05\/capacitacion-empleados-municipales-de-Avellaneda.jpg 1280w\" sizes=\"auto, (max-width: 1024px) 100vw, 1024px\" \/><\/a><\/figure>\n\n\n\n<p>El intendente Alejo Chornobroff y la jefa de gabinete de Avellaneda, Magdalena Sierra, encabezaron en el Centro Municipal de Arte, el acto de lanzamiento de los cursos formativos destinados a todxs lxs empleadxs del municipio, brindado en conjunto con el Instituto Provincial de la Administraci\u00f3n P\u00fablica.<\/p>\n\n\n\n<p>Este proyecto fue pensado para generar un fortalecimiento en la misma, brindando diversos cursos de formaci\u00f3n a m\u00e1s de 400 trabajadorxs municipales. El objetivo es la adquisici\u00f3n de mayores herramientas para fortalecer y optimizar los servicios ante la demanda de lxs vecinxs.<\/p>\n\n\n\n<p>El&nbsp;Jefe comunal destac\u00f3 la importancia de estas formaciones y capacitaciones:&nbsp;\u201cAvellaneda est\u00e1 dando un paso enorme en cuanto a los proyectos de formaci\u00f3n y el acceso a nuevas herramientas de capacitaci\u00f3n\u201d.<\/p>\n\n\n\n<p>A su vez, Sierra manifest\u00f3: \u201cLxs trabajadorxs son el coraz\u00f3n de nuestra gesti\u00f3n de vanguardia, por eso su capacitaci\u00f3n constante es clave para tener un estado municipal eficaz y moderno\u201d.<\/p>\n\n\n\n<p>El secretario ejecutivo del IPAP, Hern\u00e1n Escudero, remarc\u00f3 que&nbsp;\u201cAvellaneda es quien sostiene esta pol\u00edtica de Estado, con la mirada siempre puesta en los trabajadores y trabajadoras. Y por eso es muy importante esta capacitaci\u00f3n, considerada como un derecho de todos los vecinos y vecinas\u201d.<\/p>\n\n\n\n<p>En simult\u00e1neo con esta presentaci\u00f3n, mediante la plataforma virtual participaron de la misma cientos de empleados y las empleadas municipales que se inscribieron a los diferentes cursos otorgados.<\/p>\n\n\n\n<p>En la presentaci\u00f3n tambi\u00e9n estuvieron presentes el subsecretario de Empleo P\u00fablico y Gesti\u00f3n de Bienes de la&nbsp;Jefatura de ministros de Buenos Aires, Agust\u00edn Robla; la jefa de Gabinete de la Subsecretar\u00eda de Empleo P\u00fablico y Gesti\u00f3n de bienes, Carla Filippini; el secretario de Gobierno de la Municipalidad de Avellaneda, Fabi\u00e1n Monz\u00f3n; el director de Gesti\u00f3n del Conocimiento del IPAP, Ezequiel Berrueco; y el director de Coordinaci\u00f3n y Log\u00edstica del IPAP, Ignacio Ciriaco.<\/p>\n","protected":false},"excerpt":{"rendered":"<p>El intendente Alejo Chornobroff y la jefa de gabinete de Avellaneda, Magdalena Sierra, encabezaron en el Centro Municipal de Arte, el acto de lanzamiento de los cursos formativos destinados a todxs lxs empleadxs del municipio, brindado en conjunto con el Instituto Provincial de la Administraci\u00f3n P\u00fablica. Este proyecto fue pensado para generar un fortalecimiento en&hellip;<\/p>\n","protected":false},"author":1,"featured_media":104432,"comment_status":"open","ping_status":"open","sticky":false,"template":"","format":"standard","meta":{"footnotes":""},"categories":[13],"tags":[461,7659,2450,8376],"class_list":["post-104431","post","type-post","status-publish","format-standard","has-post-thumbnail","hentry","category-politica","tag-avellaneda","tag-capacitacion-2","tag-diario-el-sindical","tag-empleados-municipales"],"_links":{"self":[{"href":"https:\/\/www.elsindical.com.ar\/notas\/wp-json\/wp\/v2\/posts\/104431","targetHints":{"allow":["GET"]}}],"collection":[{"href":"https:\/\/www.elsindical.com.ar\/notas\/wp-json\/wp\/v2\/posts"}],"about":[{"href":"https:\/\/www.elsindical.com.ar\/notas\/wp-json\/wp\/v2\/types\/post"}],"author":[{"embeddable":true,"href":"https:\/\/www.elsindical.com.ar\/notas\/wp-json\/wp\/v2\/users\/1"}],"replies":[{"embeddable":true,"href":"https:\/\/www.elsindical.com.ar\/notas\/wp-json\/wp\/v2\/comments?post=104431"}],"version-history":[{"count":1,"href":"https:\/\/www.elsindical.com.ar\/notas\/wp-json\/wp\/v2\/posts\/104431\/revisions"}],"predecessor-version":[{"id":104433,"href":"https:\/\/www.elsindical.com.ar\/notas\/wp-json\/wp\/v2\/posts\/104431\/revisions\/104433"}],"wp:featuredmedia":[{"embeddable":true,"href":"https:\/\/www.elsindical.com.ar\/notas\/wp-json\/wp\/v2\/media\/104432"}],"wp:attachment":[{"href":"https:\/\/www.elsindical.com.ar\/notas\/wp-json\/wp\/v2\/media?parent=104431"}],"wp:term":[{"taxonomy":"category","embeddable":true,"href":"https:\/\/www.elsindical.com.ar\/notas\/wp-json\/wp\/v2\/categories?post=104431"},{"taxonomy":"post_tag","embeddable":true,"href":"https:\/\/www.elsindical.com.ar\/notas\/wp-json\/wp\/v2\/tags?post=104431"}],"curies":[{"name":"wp","href":"https:\/\/api.w.org\/{rel}","templated":true}]}}