{"id":10436,"date":"2010-10-26T03:17:31","date_gmt":"2010-10-26T06:17:31","guid":{"rendered":"http:\/\/www.elsindical.com.ar\/notas\/?p=10436"},"modified":"2010-10-26T03:17:31","modified_gmt":"2010-10-26T06:17:31","slug":"solicitaron-36-anos-de-prision-para-acusados-de-brutal-crimen","status":"publish","type":"post","link":"https:\/\/www.elsindical.com.ar\/notas\/solicitaron-36-anos-de-prision-para-acusados-de-brutal-crimen\/","title":{"rendered":"Solicitaron 36 a\u00f1os de prisi\u00f3n para acusados de brutal crimen"},"content":{"rendered":"<p style=\"text-align: justify;\"><em><a href=\"http:\/\/www.elsindical.com.ar\/notas\/var\/www\/html\/notas\/wp-content\/uploads\/2010\/10\/Mat\u00edas-Repossi.jpg\"><img loading=\"lazy\" decoding=\"async\" class=\"alignleft size-medium wp-image-10437\" title=\"Mat\u00edas-Repossi\" src=\"http:\/\/www.elsindical.com.ar\/notas\/var\/www\/html\/notas\/wp-content\/uploads\/2010\/10\/Mat\u00edas-Repossi-300x225.jpg\" alt=\"\" width=\"300\" height=\"225\" srcset=\"https:\/\/www.elsindical.com.ar\/notas\/var\/www\/html\/notas\/wp-content\/uploads\/2010\/10\/Mat\u00edas-Repossi-300x225.jpg 300w, https:\/\/www.elsindical.com.ar\/notas\/var\/www\/html\/notas\/wp-content\/uploads\/2010\/10\/Mat\u00edas-Repossi.jpg 413w\" sizes=\"auto, (max-width: 300px) 100vw, 300px\" \/><\/a>Un fiscal porte\u00f1o reclam\u00f3 penas de prisi\u00f3n perpetua y 36 a\u00f1os de c\u00e1rcel para cinco acusados de asesinar de m\u00e1s de 50 pu\u00f1aladas a un adolescente de 16 a\u00f1os en agosto del 2008. Entre los imputados, dos eran menores al momento del hecho, por lo que se plantea una pol\u00e9mica judicial que deber\u00e1 definir el Tribunal.<\/em><\/p>\n<p style=\"text-align: justify;\">Al alegar en el juicio por el crimen de Mat\u00edas Repossi, que lleva adelante el Tribunal Oral de Menores 3 porte\u00f1o, el fiscal Claudio Di Paola requiri\u00f3 una condena prisi\u00f3n perpetua para los acusados Luciano Salinas, Juli\u00e1n Dentis y Alejandro Sanz, y 36 a\u00f1os de c\u00e1rcel para Nicol\u00e1s Marineli y Camila Bel\u00e9n Garc\u00eda.<\/p>\n<p style=\"text-align: justify;\">Los dos \u00faltimos eran menores de edad al momento del crimen y Garc\u00eda hab\u00eda sido novia de Repossi y tuvo una hija con \u00e9l. Desde un primer momento, la familia de la v\u00edctima plante\u00f3 que la joven fue la autora intelectual del brutal homicidio.<\/p>\n<p style=\"text-align: justify;\">Emboscada fatal<\/p>\n<p style=\"text-align: justify;\">Repossi, de 16 a\u00f1os, fue atacado de un golpe en la cabeza y luego apu\u00f1alado en 52 oportunidades cuando el 22 de agosto del 2008 fue a la casa de su ex novia, en Almagro, luego de que \u00e9sta le enviara un mensaje de texto para que concurriera al lugar.<\/p>\n<p style=\"text-align: justify;\">En su alegato, la familia de la v\u00edctima, representada por el abogado Claudio Mazaira, reclam\u00f3 prisi\u00f3n perpetua para Garc\u00eda, Salinas y Dentis y 36 a\u00f1os de encierro para Sanz y Nicol\u00e1s Marinelli.<\/p>\n<p style=\"text-align: justify;\">El querellante acus\u00f3 a los procesados -dos de los cuales (Garc\u00eda y Marinelli), eran menores de edad al momento del hecho- por el delito de homicidio calificado por alevos\u00eda, ensa\u00f1amiento y premeditaci\u00f3n. Aunque existen pactos internacionales que proh\u00edben imponer prisi\u00f3n perpetua por il\u00edcitos cometidos por menores de edad, el letrado reclam\u00f3 ese castigo basado en jurisprudencia local ratificada por la C\u00e1mara de Casaci\u00f3n Penal.<\/p>\n<p style=\"text-align: justify;\">Las fuentes adelantaron que el Tribunal tiene previsto dar a conocer el veredicto el pr\u00f3ximo 9 de noviembre en los tribunales situados en Comodoro Py 2002.<\/p>\n<p><strong>Sa\u00f1a y alevos\u00eda<\/strong><\/p>\n<p>Repossi fue encontrado asesinado de 52 pu\u00f1aladas junto al cord\u00f3n de la vereda en Las Casas al 3400, de Boedo, el 22 de agosto del 2008 y d\u00edas despu\u00e9s, en el marco de la causa, la jueza de menores Adriana Leiras proces\u00f3 a la ex pareja de la v\u00edctima y a otros cuatro acusados, uno de ellos como autor material del crimen y otros como part\u00edcipes necesarios.<\/p>\n<p style=\"text-align: justify;\">Los peritos determinaron que el muchacho hab\u00eda recibido medio centenar de pu\u00f1aladas y adem\u00e1s presentaba cortes en las yemas de los dedos, para evitar que pudiera ser identificado f\u00e1cilmente. En ese momento, los investigadores determinaron que el cuerpo hab\u00eda sido arrojado all\u00ed, pero que el lugar del homicidio hab\u00eda sido otro.<\/p>\n<p style=\"text-align: justify;\">Seg\u00fan determinaron los investigadores, ese d\u00eda Repossi hab\u00eda sido citado al departamento del tercer piso de Hip\u00f3lito Yrigoyen 3.251, en el barrio Almagro, por su ex novia, con quien ten\u00eda problemas relacionados al r\u00e9gimen de visita de la hija de ambos.<\/p>\n<p style=\"text-align: justify;\">Los pesquisas establecieron que la v\u00edctima hab\u00eda recibido un mensaje de texto v\u00eda tel\u00e9fono celular en la que su ex pareja le ped\u00eda que fuera a visitar a la ni\u00f1a. Se cree que dentro del departamento, el adolescente habr\u00eda sido sorprendido por varios j\u00f3venes que lo golpearon, lo inmovilizaron y lo asesinaron a pu\u00f1aladas.<\/p>\n","protected":false},"excerpt":{"rendered":"<p>Un fiscal porte\u00f1o reclam\u00f3 penas de prisi\u00f3n perpetua y 36 a\u00f1os de c\u00e1rcel para cinco acusados de asesinar de m\u00e1s de 50 pu\u00f1aladas a un adolescente de 16 a\u00f1os en agosto del 2008. Entre los imputados, dos eran menores al momento del hecho, por lo que se plantea una pol\u00e9mica judicial que deber\u00e1 definir el&hellip;<\/p>\n","protected":false},"author":1,"featured_media":0,"comment_status":"open","ping_status":"open","sticky":false,"template":"","format":"standard","meta":{"footnotes":""},"categories":[20],"tags":[937,792,4995,4994,3045],"class_list":["post-10436","post","type-post","status-publish","format-standard","hentry","category-judiciales","tag-crimen","tag-fiscal","tag-imputados","tag-matias-reposi","tag-pena"],"_links":{"self":[{"href":"https:\/\/www.elsindical.com.ar\/notas\/wp-json\/wp\/v2\/posts\/10436","targetHints":{"allow":["GET"]}}],"collection":[{"href":"https:\/\/www.elsindical.com.ar\/notas\/wp-json\/wp\/v2\/posts"}],"about":[{"href":"https:\/\/www.elsindical.com.ar\/notas\/wp-json\/wp\/v2\/types\/post"}],"author":[{"embeddable":true,"href":"https:\/\/www.elsindical.com.ar\/notas\/wp-json\/wp\/v2\/users\/1"}],"replies":[{"embeddable":true,"href":"https:\/\/www.elsindical.com.ar\/notas\/wp-json\/wp\/v2\/comments?post=10436"}],"version-history":[{"count":1,"href":"https:\/\/www.elsindical.com.ar\/notas\/wp-json\/wp\/v2\/posts\/10436\/revisions"}],"predecessor-version":[{"id":10438,"href":"https:\/\/www.elsindical.com.ar\/notas\/wp-json\/wp\/v2\/posts\/10436\/revisions\/10438"}],"wp:attachment":[{"href":"https:\/\/www.elsindical.com.ar\/notas\/wp-json\/wp\/v2\/media?parent=10436"}],"wp:term":[{"taxonomy":"category","embeddable":true,"href":"https:\/\/www.elsindical.com.ar\/notas\/wp-json\/wp\/v2\/categories?post=10436"},{"taxonomy":"post_tag","embeddable":true,"href":"https:\/\/www.elsindical.com.ar\/notas\/wp-json\/wp\/v2\/tags?post=10436"}],"curies":[{"name":"wp","href":"https:\/\/api.w.org\/{rel}","templated":true}]}}