{"id":10433,"date":"2010-10-26T02:55:44","date_gmt":"2010-10-26T05:55:44","guid":{"rendered":"http:\/\/www.elsindical.com.ar\/notas\/?p=10433"},"modified":"2010-10-26T02:55:44","modified_gmt":"2010-10-26T05:55:44","slug":"credencial-oficial-de-los-censistas","status":"publish","type":"post","link":"https:\/\/www.elsindical.com.ar\/notas\/credencial-oficial-de-los-censistas\/","title":{"rendered":"Credencial oficial de los censistas"},"content":{"rendered":"<p style=\"text-align: justify;\"><em><a href=\"http:\/\/www.elsindical.com.ar\/notas\/var\/www\/html\/notas\/wp-content\/uploads\/2010\/10\/credencial-censista.jpg\"><img loading=\"lazy\" decoding=\"async\" class=\"alignleft size-medium wp-image-10434\" title=\"credencial-censista\" src=\"http:\/\/www.elsindical.com.ar\/notas\/var\/www\/html\/notas\/wp-content\/uploads\/2010\/10\/credencial-censista-300x225.jpg\" alt=\"\" width=\"300\" height=\"225\" srcset=\"https:\/\/www.elsindical.com.ar\/notas\/var\/www\/html\/notas\/wp-content\/uploads\/2010\/10\/credencial-censista-300x225.jpg 300w, https:\/\/www.elsindical.com.ar\/notas\/var\/www\/html\/notas\/wp-content\/uploads\/2010\/10\/credencial-censista.jpg 413w\" sizes=\"auto, (max-width: 300px) 100vw, 300px\" \/><\/a>Fue presentada por las autoridades del Instituto Nacional de Estad\u00edstica y Censos quienes afirmaron que es \u201cinviolable\u201d. Se trata de una tarjeta de aproximadamente 10 por 15 cent\u00edmetros, que su titular deber\u00e1 llevar colgada del cuello en forma vertical.<\/em><\/p>\n<p style=\"text-align: justify;\">La credencial inviolable con la que los censistas se identificaran en los hogares que visiten el mi\u00e9rcoles pr\u00f3ximo, durante el Censo 2010, fue presentada hoy a la prensa por autoridades del Instituto Nacional de Estad\u00edstica y Censos (INDEC), en la sede de este organismo.<\/p>\n<p>Se trata de una tarjeta de aproximadamente 10 por 15 cent\u00edmetros, que su titular deber\u00e1 llevar colgada del cuello en forma vertical, en cuyo frente tiene impreso el logotipo del censo en la parte superior y, m\u00e1s abajo el nombre del censista y su documento de identidad.<\/p>\n<p>El documento tiene tres franjas rojas y otras tres naranjas (en realidad es un fondo blanco con la palabra INDEC repetida y tramada en rojo), con marca de agua que se puede ver a trasluz.<\/p>\n<p>El car\u00e1cter de \u00abinviolable\u00bb lo determina la tinta de seguridad utilizada en las franjas naranjas, que al ser fotocopiada por cualquier proceso cambian su color a un amarillo suave.<\/p>\n<p>La credencial fue presentada por la titular del INDEC, Ana Mar\u00eda Edwin; el director t\u00e9cnico, Roberto Itzcovich; director de Administraci\u00f3n, Gustavo Varela, y Roberto Mui\u00f1os, coordinador general del Censo 2010.<\/p>\n<p>Antes de mostrar la credencial, Varela tambi\u00e9n present\u00f3 el equipo que portar\u00e1n los censitas, que consiste en los formularios, tabla de apoyo, listado de poblaciones ind\u00edgenas, l\u00e1piz, sacapunta y goma, todo dentro de un bolso de pl\u00e1stico transparente -con el logotipo del censo- para llevar colgado del hombro.<\/p>\n<p>Tanto el l\u00e1piz como el papel de los formularios son de materiales especiales para ser le\u00eddos por dispositivos \u00f3pticos adecuados, se\u00f1al\u00f3 el funcionario, quien sostuvo que la existencia de este bolso fue mantenido en \u00abestricta reserva\u00bb hasta hoy, en tanto el dise\u00f1o y contenido de la credencial fue de \u00abestricto secreto\u00bb.<\/p>\n<p>Tras la presentaci\u00f3n, Edwin reiter\u00f3 que estar\u00e1 garantizada tanto la seguridad de los censados como la de los censistas, ya que ese d\u00eda \u00abtodas las fuerzas de seguridad de la Naci\u00f3n estar\u00e1n en la calle\u00bb y trabajar\u00e1n en combinaci\u00f3n con sus pares de las provincias y municipios.<\/p>\n<p>Tambi\u00e9n insisti\u00f3 en que es obligatoria por ley la participaci\u00f3n de los ciudadanos, mediante sus respuestas a los censistas, y consultada sobre las medidas que se tomar\u00edan con quien se negara a hacerlo, se limit\u00f3 a expresar que \u00abel Estado nacional tiene los resortes para hacer cumplir la ley\u00bb.<\/p>\n","protected":false},"excerpt":{"rendered":"<p>Fue presentada por las autoridades del Instituto Nacional de Estad\u00edstica y Censos quienes afirmaron que es \u201cinviolable\u201d. Se trata de una tarjeta de aproximadamente 10 por 15 cent\u00edmetros, que su titular deber\u00e1 llevar colgada del cuello en forma vertical. La credencial inviolable con la que los censistas se identificaran en los hogares que visiten el&hellip;<\/p>\n","protected":false},"author":1,"featured_media":0,"comment_status":"open","ping_status":"open","sticky":false,"template":"","format":"standard","meta":{"footnotes":""},"categories":[25],"tags":[4992,4993,4991,2200],"class_list":["post-10433","post","type-post","status-publish","format-standard","hentry","category-sociedad","tag-censista","tag-censo","tag-credencial","tag-indec"],"_links":{"self":[{"href":"https:\/\/www.elsindical.com.ar\/notas\/wp-json\/wp\/v2\/posts\/10433","targetHints":{"allow":["GET"]}}],"collection":[{"href":"https:\/\/www.elsindical.com.ar\/notas\/wp-json\/wp\/v2\/posts"}],"about":[{"href":"https:\/\/www.elsindical.com.ar\/notas\/wp-json\/wp\/v2\/types\/post"}],"author":[{"embeddable":true,"href":"https:\/\/www.elsindical.com.ar\/notas\/wp-json\/wp\/v2\/users\/1"}],"replies":[{"embeddable":true,"href":"https:\/\/www.elsindical.com.ar\/notas\/wp-json\/wp\/v2\/comments?post=10433"}],"version-history":[{"count":1,"href":"https:\/\/www.elsindical.com.ar\/notas\/wp-json\/wp\/v2\/posts\/10433\/revisions"}],"predecessor-version":[{"id":10435,"href":"https:\/\/www.elsindical.com.ar\/notas\/wp-json\/wp\/v2\/posts\/10433\/revisions\/10435"}],"wp:attachment":[{"href":"https:\/\/www.elsindical.com.ar\/notas\/wp-json\/wp\/v2\/media?parent=10433"}],"wp:term":[{"taxonomy":"category","embeddable":true,"href":"https:\/\/www.elsindical.com.ar\/notas\/wp-json\/wp\/v2\/categories?post=10433"},{"taxonomy":"post_tag","embeddable":true,"href":"https:\/\/www.elsindical.com.ar\/notas\/wp-json\/wp\/v2\/tags?post=10433"}],"curies":[{"name":"wp","href":"https:\/\/api.w.org\/{rel}","templated":true}]}}