{"id":104316,"date":"2021-04-28T15:13:39","date_gmt":"2021-04-28T18:13:39","guid":{"rendered":"https:\/\/www.elsindical.com.ar\/notas\/?p=104316"},"modified":"2021-04-28T15:13:40","modified_gmt":"2021-04-28T18:13:40","slug":"quilmes-cerro-sus-puertas-el-bosque","status":"publish","type":"post","link":"https:\/\/www.elsindical.com.ar\/notas\/quilmes-cerro-sus-puertas-el-bosque\/","title":{"rendered":"Quilmes: Cerr\u00f3 sus puertas El Bosque"},"content":{"rendered":"\n<figure class=\"wp-block-image size-large\"><a href=\"https:\/\/www.elsindical.com.ar\/notas\/var\/www\/html\/notas\/wp-content\/uploads\/2021\/04\/El-Bosque.jpg\"><img loading=\"lazy\" decoding=\"async\" width=\"1011\" height=\"669\" src=\"https:\/\/www.elsindical.com.ar\/notas\/var\/www\/html\/notas\/wp-content\/uploads\/2021\/04\/El-Bosque.jpg\" alt=\"\" class=\"wp-image-104317\" srcset=\"https:\/\/www.elsindical.com.ar\/notas\/var\/www\/html\/notas\/wp-content\/uploads\/2021\/04\/El-Bosque.jpg 1011w, https:\/\/www.elsindical.com.ar\/notas\/var\/www\/html\/notas\/wp-content\/uploads\/2021\/04\/El-Bosque-300x199.jpg 300w, https:\/\/www.elsindical.com.ar\/notas\/var\/www\/html\/notas\/wp-content\/uploads\/2021\/04\/El-Bosque-768x508.jpg 768w, https:\/\/www.elsindical.com.ar\/notas\/var\/www\/html\/notas\/wp-content\/uploads\/2021\/04\/El-Bosque-453x300.jpg 453w\" sizes=\"auto, (max-width: 1011px) 100vw, 1011px\" \/><\/a><\/figure>\n\n\n\n<p>El boliche bailable El Bosque, ubicado sobre avenida La Plata, cerr\u00f3 definitivamente sus puertas. La incertidumbre de cu\u00e1ndo podr\u00e1n volver a abrir sus puertas, fue el principal desencadenante. de todas formas, la decisi\u00f3n ven\u00edan siendo analizada desde las \u00faltimas horas.<\/p>\n\n\n\n<p>El abogado de la firma, Gabriel Sandoval, en di\u00e1logo con el Programa <strong>\u201cHaro con Hache\u201d que se emite de lunes a viernes de 10 a 12 por FM Sur 88.9<\/strong>, confirm\u00f3 la decisi\u00f3n de los propietarios.<\/p>\n\n\n\n<p>\u201cDespu\u00e9s de 13 meses de perder dinero y ante la pandemia que enfrentamos con la incertidumbre que eso significa, no nos qued\u00f3 otra. No s\u00e9 sabe cuando deber\u00e1 pasar para que una disco como la nuestra pueda volver a abrir sus puertas\u201d, explic\u00f3 Sandoval. \u201cIntentamos como bar, pero no alcanzaba para cubrir los costos de manteniendo\u201d, acot\u00f3. \u201cEstamos muy tristes y comunicado la decisi\u00f3n a los empleados. Este a\u00f1o hubi\u00e9ramos cumplido 29 a\u00f1os funcionando\u201d, agreg\u00f3.\u00a0<\/p>\n\n\n\n<p>La realidad es que el boliche siempre fue objeto de diferentes denuncias por irregularidades y ya un sector afirma que el lugar nunca dio p\u00e9rdidas y que aprovechan la situaci\u00f3n para no cumplir con los empleados.<\/p>\n\n\n\n<figure class=\"wp-block-image size-large\"><a href=\"https:\/\/www.elsindical.com.ar\/notas\/var\/www\/html\/notas\/wp-content\/uploads\/2021\/04\/El-Bosque-pista.jpg\"><img loading=\"lazy\" decoding=\"async\" width=\"1024\" height=\"576\" src=\"https:\/\/www.elsindical.com.ar\/notas\/var\/www\/html\/notas\/wp-content\/uploads\/2021\/04\/El-Bosque-pista-1024x576.jpg\" alt=\"\" class=\"wp-image-104318\" srcset=\"https:\/\/www.elsindical.com.ar\/notas\/var\/www\/html\/notas\/wp-content\/uploads\/2021\/04\/El-Bosque-pista-1024x576.jpg 1024w, https:\/\/www.elsindical.com.ar\/notas\/var\/www\/html\/notas\/wp-content\/uploads\/2021\/04\/El-Bosque-pista-300x169.jpg 300w, https:\/\/www.elsindical.com.ar\/notas\/var\/www\/html\/notas\/wp-content\/uploads\/2021\/04\/El-Bosque-pista-768x432.jpg 768w, https:\/\/www.elsindical.com.ar\/notas\/var\/www\/html\/notas\/wp-content\/uploads\/2021\/04\/El-Bosque-pista-500x281.jpg 500w, https:\/\/www.elsindical.com.ar\/notas\/var\/www\/html\/notas\/wp-content\/uploads\/2021\/04\/El-Bosque-pista-460x260.jpg 460w, https:\/\/www.elsindical.com.ar\/notas\/var\/www\/html\/notas\/wp-content\/uploads\/2021\/04\/El-Bosque-pista.jpg 1080w\" sizes=\"auto, (max-width: 1024px) 100vw, 1024px\" \/><\/a><\/figure>\n","protected":false},"excerpt":{"rendered":"<p>El boliche bailable El Bosque, ubicado sobre avenida La Plata, cerr\u00f3 definitivamente sus puertas. La incertidumbre de cu\u00e1ndo podr\u00e1n volver a abrir sus puertas, fue el principal desencadenante. de todas formas, la decisi\u00f3n ven\u00edan siendo analizada desde las \u00faltimas horas. El abogado de la firma, Gabriel Sandoval, en di\u00e1logo con el Programa \u201cHaro con Hache\u201d&hellip;<\/p>\n","protected":false},"author":1,"featured_media":104317,"comment_status":"open","ping_status":"open","sticky":false,"template":"","format":"standard","meta":{"footnotes":""},"categories":[28],"tags":[1443,2258,2450,28775,684],"class_list":["post-104316","post","type-post","status-publish","format-standard","has-post-thumbnail","hentry","category-empresariales","tag-boliche","tag-cierre","tag-diario-el-sindical","tag-el-bosque","tag-quilmes"],"_links":{"self":[{"href":"https:\/\/www.elsindical.com.ar\/notas\/wp-json\/wp\/v2\/posts\/104316","targetHints":{"allow":["GET"]}}],"collection":[{"href":"https:\/\/www.elsindical.com.ar\/notas\/wp-json\/wp\/v2\/posts"}],"about":[{"href":"https:\/\/www.elsindical.com.ar\/notas\/wp-json\/wp\/v2\/types\/post"}],"author":[{"embeddable":true,"href":"https:\/\/www.elsindical.com.ar\/notas\/wp-json\/wp\/v2\/users\/1"}],"replies":[{"embeddable":true,"href":"https:\/\/www.elsindical.com.ar\/notas\/wp-json\/wp\/v2\/comments?post=104316"}],"version-history":[{"count":1,"href":"https:\/\/www.elsindical.com.ar\/notas\/wp-json\/wp\/v2\/posts\/104316\/revisions"}],"predecessor-version":[{"id":104319,"href":"https:\/\/www.elsindical.com.ar\/notas\/wp-json\/wp\/v2\/posts\/104316\/revisions\/104319"}],"wp:featuredmedia":[{"embeddable":true,"href":"https:\/\/www.elsindical.com.ar\/notas\/wp-json\/wp\/v2\/media\/104317"}],"wp:attachment":[{"href":"https:\/\/www.elsindical.com.ar\/notas\/wp-json\/wp\/v2\/media?parent=104316"}],"wp:term":[{"taxonomy":"category","embeddable":true,"href":"https:\/\/www.elsindical.com.ar\/notas\/wp-json\/wp\/v2\/categories?post=104316"},{"taxonomy":"post_tag","embeddable":true,"href":"https:\/\/www.elsindical.com.ar\/notas\/wp-json\/wp\/v2\/tags?post=104316"}],"curies":[{"name":"wp","href":"https:\/\/api.w.org\/{rel}","templated":true}]}}