{"id":104279,"date":"2021-04-27T12:14:38","date_gmt":"2021-04-27T15:14:38","guid":{"rendered":"https:\/\/www.elsindical.com.ar\/notas\/?p=104279"},"modified":"2021-04-27T12:14:39","modified_gmt":"2021-04-27T15:14:39","slug":"el-procurador-de-la-nacion-fue-acusado-de-discriminacion-y-misoginia","status":"publish","type":"post","link":"https:\/\/www.elsindical.com.ar\/notas\/el-procurador-de-la-nacion-fue-acusado-de-discriminacion-y-misoginia\/","title":{"rendered":"El procurador de la Naci\u00f3n fue acusado de \u201cdiscriminaci\u00f3n\u201d y misoginia"},"content":{"rendered":"\n<figure class=\"wp-block-image size-large\"><a href=\"https:\/\/www.elsindical.com.ar\/notas\/var\/www\/html\/notas\/wp-content\/uploads\/2021\/04\/Eduardo-Casal-gesto.jpg\"><img loading=\"lazy\" decoding=\"async\" width=\"866\" height=\"570\" src=\"https:\/\/www.elsindical.com.ar\/notas\/var\/www\/html\/notas\/wp-content\/uploads\/2021\/04\/Eduardo-Casal-gesto.jpg\" alt=\"\" class=\"wp-image-104280\" srcset=\"https:\/\/www.elsindical.com.ar\/notas\/var\/www\/html\/notas\/wp-content\/uploads\/2021\/04\/Eduardo-Casal-gesto.jpg 866w, https:\/\/www.elsindical.com.ar\/notas\/var\/www\/html\/notas\/wp-content\/uploads\/2021\/04\/Eduardo-Casal-gesto-300x197.jpg 300w, https:\/\/www.elsindical.com.ar\/notas\/var\/www\/html\/notas\/wp-content\/uploads\/2021\/04\/Eduardo-Casal-gesto-768x505.jpg 768w, https:\/\/www.elsindical.com.ar\/notas\/var\/www\/html\/notas\/wp-content\/uploads\/2021\/04\/Eduardo-Casal-gesto-456x300.jpg 456w\" sizes=\"auto, (max-width: 866px) 100vw, 866px\" \/><\/a><\/figure>\n\n\n\n<p>Eduardo Casal fue acusado de efectuar un \u201cacto discriminatorio\u201d contra 13 fiscalas que se reunieron 10 d\u00edas atr\u00e1s con el ministro de Justicia, Mart\u00edn Soria. En el encuentro, plantearon una agenda de reformas feministas. Casal reaccion\u00f3 inmediatamente dirigi\u00e9ndoles una reprimenda fue repudiada por las organizaciones de trabajadores.<\/p>\n\n\n\n<p>Las denunciantes son un grupo de 13 fiscalas nacionales y federales, que se reunieron con el ministro <strong>Soria<\/strong>&nbsp;y con el&nbsp;secretario de Justicia, <strong>Juan Mart\u00edn Mena<\/strong>, para plantearles sus aportes para la inclusi\u00f3n de una perspectiva de g\u00e9nero en la reforma del Ministerio P\u00fablico que se encuentra actualmente en discusi\u00f3n.<\/p>\n\n\n\n<p>Ya que la reuni\u00f3n tuvo car\u00e1cter de p\u00fablica, inmediatamente despu\u00e9s de concluida, la presidenta del PRO,&nbsp;<strong>Patricia Bullrich<\/strong>,&nbsp;y&nbsp;la dirigente de Juntos por el Cambio, <strong>Florencia Arietto<\/strong>, enviaron un correo electr\u00f3nico a la Procuraci\u00f3n denunciando que las fiscalas se hab\u00edan abrogado la representaci\u00f3n del Ministerio P\u00fablico al entrevistarse con <strong>Soria<\/strong>, exigi\u00e9ndole la aplicaci\u00f3n de una \u201csanci\u00f3n ejemplificadora\u201d.<\/p>\n\n\n\n<p>Si bien <strong>Casal<\/strong> no lleg\u00f3 a tanto, de todos modos les llam\u00f3 la atenci\u00f3n a las fiscalas participantes, se\u00f1al\u00e1ndoles que su actitud pod\u00eda&nbsp;\u201cconducir a interpretaciones equ\u00edvocas\u201d.&nbsp;Tambi\u00e9n les orden\u00f3 que, en adelante, canalizaran sus inquietudes a trav\u00e9s de las v\u00edas institucionales. Esto es, el propio <strong>Casal<\/strong>, quien ocupa el cargo de manera interina desde 2017, despu\u00e9s de que Cambiemos forz\u00f3 la salida de&nbsp;<strong>Alejandra Gils Carb\u00f3<\/strong>.<br><br>La reprimenda no amedrent\u00f3 a las fiscalas, quienes calificaron la actitud como \u201cdiscriminatoria\u201d y de \u201cafecci\u00f3n\u201d&nbsp;a sus derechos civiles m\u00e1s elementales. Tambi\u00e9n le recordaron que <strong>Soria<\/strong> se hab\u00eda reunido previamente con&nbsp;<strong>Carlos R\u00edvolo<\/strong> y <strong>Susana Pernas<\/strong>, de la&nbsp;Asociaci\u00f3n de Fiscales y Funcionarios del Ministerio P\u00fablico Fiscal de la Naci\u00f3n&nbsp;(AFFUN) y que posteriormente recibi\u00f3 a los representantes de la Asociaci\u00f3n de Magistrados.<\/p>\n\n\n\n<p>\u201cLa \u00fanica diferencia entre los tres eventos fue que la reuni\u00f3n protagonizada por mujeres tuvo por finalidad conversar sobre una agenda de g\u00e9nero en la Justicia y fue la \u00fanica respecto de la cual se entendi\u00f3 que pod\u00eda resultar equ\u00edvoca en t\u00e9rminos institucionales\u201d, puntualizaron las fiscalas <strong>Gabriela Baig\u00fan<\/strong>, <strong>Mariela Labozzetta<\/strong>, <strong>Laura Belloqui<\/strong>, <strong>Cecilia McIntosh<\/strong>, <strong>Indiana Garz\u00f3n<\/strong>, <strong>Josefina Minatta<\/strong>, <strong>Virginia Miguel Carmona<\/strong>, <strong>Cinthia Oberlander<\/strong>, <strong>Iara Silvestre<\/strong>, <strong>Ana Russo<\/strong>, <strong>Mar\u00eda Schianni<\/strong> y <strong>Mar\u00eda Hermida<\/strong>, quienes adem\u00e1s condenaron la resistencia de <strong>Casal<\/strong> ante el avance sobre los derechos de mujeres y de diversidades.<\/p>\n\n\n\n<p>\u201cLas inquietudes que llevamos como propuesta para la reforma de la ley que regula el organismo que integramos nos compete en aquel car\u00e1cter. Y nos compete, de manera m\u00e1s amplia, la construcci\u00f3n de un sistema judicial con mirada de g\u00e9nero. Esta agenda es una demanda social que nos toca representar hasta el m\u00e1ximo de nuestros esfuerzos y capacidades como mujeres integrantes de un sistema judicial que no ofrece una respuesta adecuada frente a las violencias por motivos de g\u00e9nero. Nos compete porque esta agenda no la representan las corporaciones ni las instituciones que tambi\u00e9n est\u00e1n dirigidas centralmente por varones y que se resisten con vehemencia a las transformaciones que las mujeres estamos reclamando. Motorizar estas demandas es nuestro derecho y tambi\u00e9n es nuestra obligaci\u00f3n\u201d, contin\u00faa el escrito.<\/p>\n\n\n\n<p>Finalmente, llamaron la atenci\u00f3n sobre la situaci\u00f3n de discriminaci\u00f3n que viven las fiscalas dentro de la Procuraci\u00f3n: \u201cUsted (<strong>Casal<\/strong>) dirige un organismo en el cual las mujeres no alcanzan ni el 30 por ciento de los cargos de fiscales. La necesidad de trabajar para revertir el lugar minoritario y subordinado que ocupamos las mujeres no admite dilaciones\u201d.<\/p>\n\n\n\n<p>La actitud de <strong>Casal<\/strong> fue criticada con dureza por organizaciones de trabajadores de la Procuraci\u00f3n.&nbsp;\u201cEnvidiamos la rapidez que le destin\u00f3 a <strong>Bullrich<\/strong> en responderle un mail. Ojal\u00e1 pueda aplicar esa rapidez para revertir la lentitud que nos destina cuando denunciamos la violencia que despliegan en \u00e1mbitos laborales fiscales varones\u201d, respondieron las&nbsp;Mujeres Trabajadoras del Ministerio P\u00fablico Fiscal (MPF).<br><br>\u00ab\u00bfHizo lo mismo con los fiscales varones?\u00bb, se pregunt\u00f3 el&nbsp;Sindicato de Trabajadores Judiciales&nbsp;(SITRAJU). \u00abNo. Ni con un fiscal que se reuni\u00f3 con el mismo ministro ni respecto a esos fiscales que acordaban sus dict\u00e1menes con <strong>Mauricio Macri<\/strong>\u00ab.<\/p>\n\n\n\n<p>Para el MPF, la conducta de <strong>Casal<\/strong> \u201cconstituye un intento de disciplinamiento hacia las mujeres del ministerio al recomendar qu\u00e9, c\u00f3mo y cu\u00e1ndo las mujeres tienen que llevar adelante sus reivindicaciones\u201d Para rematar: \u201cSi intentan disciplinar a las fiscalas, \u00bfqu\u00e9 queda para las trabajadoras?\u201d.<br><br>La Asociaci\u00f3n de Fiscales y Funcionarios del Ministerio P\u00fablico Fiscal de la Naci\u00f3n (AFFUN) conden\u00f3 la denuncia de <strong>Bullrich<\/strong> y <strong>Arietto<\/strong> y respald\u00f3 a las fiscalas.&nbsp;\u00abConsideramos que debemos reafirmar la libertad de expresi\u00f3n de los\/las magistrados\/as del Ministerio P\u00fablico Fiscal en todas las instancias y en todos los escenarios posibles\u00bb, aseguraron.<\/p>\n\n\n\n<p>La Lista Celeste tambi\u00e9n se sum\u00f3 al repudio de la acci\u00f3n, destacando que&nbsp;\u00abdecisiones de ese tenor pueden entra\u00f1ar actos de discriminaci\u00f3n por raz\u00f3n de g\u00e9nero por lo que, en sinton\u00eda con los compromisos asumidos por Argentina en la Cedaw y en la Convenci\u00f3n de Belem do Par\u00e1 y lo establecido por la ley 26.485 se lo convoca a rectificar lo resuelto y a reparar el lamentable error\u00bb.<\/p>\n\n\n\n<p>\u201cEs un acoso\u201d, caracteriz\u00f3 la fiscala <strong>Gabriela Baig\u00fan<\/strong> a la acci\u00f3n de <strong>Casal<\/strong>. \u201cNosotras nos juntamos, le pedimos una audiencia y de hecho fue una reuni\u00f3n que dur\u00f3 dos horas que la calificar\u00eda como fruct\u00edfera porque al ministro realmente le interesaba toda la perspectiva que planteamos\u201d.<\/p>\n\n\n\n<p>Para <strong>Baig\u00fan<\/strong>, \u201cse aprovech\u00f3 de esta denuncia para darnos un tir\u00f3n de orejas y para decirnos: no pueden ir a ver m\u00e1s a ninguna autoridad si no pasan primero por mi oficina para pedirme permiso\u201d.&nbsp;\u201cJam\u00e1s pas\u00f3\u201d algo parecido, destac\u00f3. \u201cSe han visto reuniones de fiscales con ministros de Seguridad, con presidentes\u201d y hasta \u201cla propia <strong>Bullrich<\/strong> en su gesti\u00f3n tuvo reuniones con fiscales\u201d, asever\u00f3.<\/p>\n\n\n\n<p>Si bien <strong>Baig\u00fan<\/strong> record\u00f3 que \u201cel trato con el procurador siempre fue muy correcto\u201d, en este lamentable incidente \u201c<strong>Casal<\/strong> nos proh\u00edbe derechos b\u00e1sicos como el derecho a expresi\u00f3n a reunirse con las autoridades\u201d. \u201cSon cuestiones de g\u00e9nero, (que) s\u00f3lo nosotras sabemos cu\u00e1les son las que nos ata\u00f1an\u201d, resalt\u00f3.<\/p>\n\n\n\n<p>\u201cQue venga un fiscal general de Casaci\u00f3n y te diga qu\u00e9 fue lo que dijeron o hablaron ya es un acoso\u201d, concluy\u00f3.<\/p>\n\n\n\n<p>La discusi\u00f3n de la reforma de la Ley de Ministerio P\u00fablico tiene muy preocupado a <strong>Casal<\/strong>, quien viene disfrutando de un in\u00e9dito interinato que se extiende ya por cuatro a\u00f1os. \u201cSiente que su situaci\u00f3n est\u00e1 muy comprometida. Sabe que, aunque sea legal, no le corresponde ocupar ese lugar durante tanto tiempo\u201d, indic\u00f3<\/p>\n\n\n\n<p>Una vez m\u00e1s, las mujeres no se quedaron calladas ante la injusticia. <\/p>\n","protected":false},"excerpt":{"rendered":"<p>Eduardo Casal fue acusado de efectuar un \u201cacto discriminatorio\u201d contra 13 fiscalas que se reunieron 10 d\u00edas atr\u00e1s con el ministro de Justicia, Mart\u00edn Soria. En el encuentro, plantearon una agenda de reformas feministas. Casal reaccion\u00f3 inmediatamente dirigi\u00e9ndoles una reprimenda fue repudiada por las organizaciones de trabajadores. Las denunciantes son un grupo de 13 fiscalas&hellip;<\/p>\n","protected":false},"author":1,"featured_media":104280,"comment_status":"open","ping_status":"open","sticky":false,"template":"","format":"standard","meta":{"footnotes":""},"categories":[6],"tags":[2450,28923,12584,34615,1241,328],"class_list":["post-104279","post","type-post","status-publish","format-standard","has-post-thumbnail","hentry","category-denuncias","tag-diario-el-sindical","tag-eduardo-casal","tag-florencia-arietto","tag-juan-martin-mena","tag-patricia-bullrich","tag-pro"],"_links":{"self":[{"href":"https:\/\/www.elsindical.com.ar\/notas\/wp-json\/wp\/v2\/posts\/104279","targetHints":{"allow":["GET"]}}],"collection":[{"href":"https:\/\/www.elsindical.com.ar\/notas\/wp-json\/wp\/v2\/posts"}],"about":[{"href":"https:\/\/www.elsindical.com.ar\/notas\/wp-json\/wp\/v2\/types\/post"}],"author":[{"embeddable":true,"href":"https:\/\/www.elsindical.com.ar\/notas\/wp-json\/wp\/v2\/users\/1"}],"replies":[{"embeddable":true,"href":"https:\/\/www.elsindical.com.ar\/notas\/wp-json\/wp\/v2\/comments?post=104279"}],"version-history":[{"count":1,"href":"https:\/\/www.elsindical.com.ar\/notas\/wp-json\/wp\/v2\/posts\/104279\/revisions"}],"predecessor-version":[{"id":104281,"href":"https:\/\/www.elsindical.com.ar\/notas\/wp-json\/wp\/v2\/posts\/104279\/revisions\/104281"}],"wp:featuredmedia":[{"embeddable":true,"href":"https:\/\/www.elsindical.com.ar\/notas\/wp-json\/wp\/v2\/media\/104280"}],"wp:attachment":[{"href":"https:\/\/www.elsindical.com.ar\/notas\/wp-json\/wp\/v2\/media?parent=104279"}],"wp:term":[{"taxonomy":"category","embeddable":true,"href":"https:\/\/www.elsindical.com.ar\/notas\/wp-json\/wp\/v2\/categories?post=104279"},{"taxonomy":"post_tag","embeddable":true,"href":"https:\/\/www.elsindical.com.ar\/notas\/wp-json\/wp\/v2\/tags?post=104279"}],"curies":[{"name":"wp","href":"https:\/\/api.w.org\/{rel}","templated":true}]}}