{"id":104177,"date":"2021-04-23T09:39:06","date_gmt":"2021-04-23T12:39:06","guid":{"rendered":"https:\/\/www.elsindical.com.ar\/notas\/?p=104177"},"modified":"2021-04-23T09:39:07","modified_gmt":"2021-04-23T12:39:07","slug":"primera-detencion-por-crear-un-perfil-falso-de-facebook","status":"publish","type":"post","link":"https:\/\/www.elsindical.com.ar\/notas\/primera-detencion-por-crear-un-perfil-falso-de-facebook\/","title":{"rendered":"Primera detenci\u00f3n por crear un perfil falso de Facebook"},"content":{"rendered":"\n<div class=\"wp-block-image\"><figure class=\"aligncenter size-large\"><a href=\"https:\/\/www.elsindical.com.ar\/notas\/var\/www\/html\/notas\/wp-content\/uploads\/2021\/04\/detenido-DDI-Mar-del-Plata-perfil-falso-Facebook.jpg\"><img loading=\"lazy\" decoding=\"async\" width=\"800\" height=\"827\" src=\"https:\/\/www.elsindical.com.ar\/notas\/var\/www\/html\/notas\/wp-content\/uploads\/2021\/04\/detenido-DDI-Mar-del-Plata-perfil-falso-Facebook.jpg\" alt=\"\" class=\"wp-image-104178\" srcset=\"https:\/\/www.elsindical.com.ar\/notas\/var\/www\/html\/notas\/wp-content\/uploads\/2021\/04\/detenido-DDI-Mar-del-Plata-perfil-falso-Facebook.jpg 800w, https:\/\/www.elsindical.com.ar\/notas\/var\/www\/html\/notas\/wp-content\/uploads\/2021\/04\/detenido-DDI-Mar-del-Plata-perfil-falso-Facebook-290x300.jpg 290w, https:\/\/www.elsindical.com.ar\/notas\/var\/www\/html\/notas\/wp-content\/uploads\/2021\/04\/detenido-DDI-Mar-del-Plata-perfil-falso-Facebook-768x794.jpg 768w\" sizes=\"auto, (max-width: 800px) 100vw, 800px\" \/><\/a><\/figure><\/div>\n\n\n\n<p>La investigaci\u00f3n se desarroll\u00f3 en Balcarce y la encabez\u00f3 el fiscal Rodolfo Moure despu\u00e9s de que una mujer joven denunciara que alguien se estaba haciendo pasar por ella.<\/p>\n\n\n\n<p>Por primera vez una persona fue acusada, al menos en la regi\u00f3n, de apropiarse de la identidad de otra en las redes sociales y publicar informaci\u00f3n perjudicial.<\/p>\n\n\n\n<p>Un hombre de 33 a\u00f1os fue detenido ayer durante un allanamiento efectuado en Balcarce despu\u00e9s de que el fiscal Rodolfo Moure y la subDDI de esa ciudad investigaran un caso singular.<\/p>\n\n\n\n<p>El delito de \u201cinserci\u00f3n ileg\u00edtima de datos en un archivo de datos personales\u201d no parece decir demasiado en esos t\u00e9rminos pero llevado a la vida cotidiana es la creaci\u00f3n de perfiles falsos, en este caso en la red social Facebook, para causar un perjuicio con las publicaciones, ya sean abiertas o de car\u00e1cter privado.<\/p>\n\n\n\n<p>Lo que configura por el momento un misterio es el motivo por el cual esta persona de 33 a\u00f1os realiz\u00f3 est\u00e1 maniobra que acab\u00f3 cost\u00e1ndole una causa penal y cierta notoriedad a pesar de que su identidad permanece en reserva. Conocido es que en una comunidad peque\u00f1a como es la balcarce\u00f1a aquello que se mantiene en secreto no tiene demasiadas posibilidades de sostenerse en esa condici\u00f3n.<\/p>\n\n\n\n<p>La investigaci\u00f3n fue iniciada meses atr\u00e1s tras la denuncia de una joven que se\u00f1al\u00f3 que un amigo hab\u00eda sido contactado por un usuario que simulaba ser ella. Que se trataba de un perfil activo de Facebook y que, dicho usuario, se hab\u00eda tomado el trabajo de construir una \u201chistoria\u201d de vida con sus fotograf\u00edas. Lo extra\u00f1o es que para obtener esas fotos (estaban en el perfil verdadero de la v\u00edctima) solo pod\u00eda accederse siendo \u201camigo\u201d. &nbsp;Esto significaba que el causante de esa situaci\u00f3n hab\u00eda realizado alg\u00fan tipo de \u201chackeo\u201d.<\/p>\n\n\n\n<p>El contenido que dicho usuario enviaba a las personas con las que se relacionaba era de corte pornogr\u00e1fico e incluso uno de los contactados obtuvo el tel\u00e9fono de la v\u00edctima y la llam\u00f3 para mantener un encuentro. Fue entonces cuando la joven, sumado al relato de su amigo, se present\u00f3 a realizar la denuncia y los investigadores libraron un oficio a la empresa Facebook Inc. a los fines de obtener los datos b\u00e1sicos del usuario falso. Sin embargo ese perfil fue cerrado.<\/p>\n\n\n\n<p>Al cabo de unas semanas, un nuevo perfil falso se activ\u00f3, con la misma v\u00edctima, y la polic\u00eda volvi\u00f3 a contactar a Facebook, que entonces s\u00ed proporcion\u00f3 datos de IP que revelaron el lugar en el que se conectaba el usuario. Era un departamento &nbsp;de la calle 20 entre 21 y 23.<\/p>\n\n\n\n<p>De acuerdo a las pruebas reunidas en la causa, la Polic\u00eda de Investigaciones de la SubDDI Balcarce pudo establecer que el presunto aficionado inform\u00e1tico era un hombre de 33 a\u00f1os de edad, oriundo y con domicilio en Balcarce.<\/p>\n\n\n\n<p>En la tarde del mi\u00e9rcoles el juez Sa\u00fal Errandonea autoriz\u00f3 el allanamiento durante el cual se aprehendi\u00f3 al hombre y se secuestr\u00f3 tel\u00e9fonos celulares, computadoras, notebook, elementos de almacenamiento.<\/p>\n\n\n\n<p>La novedad surge en que es el primer allanamiento que se otorga en el marco de este delito el cual se encuentra estipulado en el art\u00edculo 157 bis inc.3 del C\u00f3digo Penal el cual reza: \u201cSera reprimido con la pena de prisi\u00f3n de un mes a dos a\u00f1os el que: 3. Ileg\u00edtimamente insertare o hiciere insertar datos en un archivo de datos personales. Cuando el autor sea funcionario p\u00fablico sufrir\u00e1, adem\u00e1s, pena de inhabilitaci\u00f3n especial de uno a cuatro a\u00f1os\u201d.<\/p>\n\n\n\n<p>Se trata de una conducta dolosa, ya que el autor del delito debe saber que al acceder, revelar o insertar datos lo hace ileg\u00edtimamente (sin tener derecho a ello) y que, seg\u00fan el caso, est\u00e1 violando sistemas de seguridad y confidencialidad de datos, o est\u00e1 relevando informaci\u00f3n que deb\u00eda preservar, o est\u00e1 agregando datos sin tener derecho a hacerlo.<\/p>\n","protected":false},"excerpt":{"rendered":"<p>La investigaci\u00f3n se desarroll\u00f3 en Balcarce y la encabez\u00f3 el fiscal Rodolfo Moure despu\u00e9s de que una mujer joven denunciara que alguien se estaba haciendo pasar por ella. Por primera vez una persona fue acusada, al menos en la regi\u00f3n, de apropiarse de la identidad de otra en las redes sociales y publicar informaci\u00f3n perjudicial.&hellip;<\/p>\n","protected":false},"author":1,"featured_media":104178,"comment_status":"open","ping_status":"open","sticky":false,"template":"","format":"standard","meta":{"footnotes":""},"categories":[22],"tags":[1991,2450,219,29948,1673],"class_list":["post-104177","post","type-post","status-publish","format-standard","has-post-thumbnail","hentry","category-policiales","tag-ddi","tag-diario-el-sindical","tag-facebook","tag-fiscal-rodolfo-moure","tag-mar-del-plata"],"_links":{"self":[{"href":"https:\/\/www.elsindical.com.ar\/notas\/wp-json\/wp\/v2\/posts\/104177","targetHints":{"allow":["GET"]}}],"collection":[{"href":"https:\/\/www.elsindical.com.ar\/notas\/wp-json\/wp\/v2\/posts"}],"about":[{"href":"https:\/\/www.elsindical.com.ar\/notas\/wp-json\/wp\/v2\/types\/post"}],"author":[{"embeddable":true,"href":"https:\/\/www.elsindical.com.ar\/notas\/wp-json\/wp\/v2\/users\/1"}],"replies":[{"embeddable":true,"href":"https:\/\/www.elsindical.com.ar\/notas\/wp-json\/wp\/v2\/comments?post=104177"}],"version-history":[{"count":1,"href":"https:\/\/www.elsindical.com.ar\/notas\/wp-json\/wp\/v2\/posts\/104177\/revisions"}],"predecessor-version":[{"id":104179,"href":"https:\/\/www.elsindical.com.ar\/notas\/wp-json\/wp\/v2\/posts\/104177\/revisions\/104179"}],"wp:featuredmedia":[{"embeddable":true,"href":"https:\/\/www.elsindical.com.ar\/notas\/wp-json\/wp\/v2\/media\/104178"}],"wp:attachment":[{"href":"https:\/\/www.elsindical.com.ar\/notas\/wp-json\/wp\/v2\/media?parent=104177"}],"wp:term":[{"taxonomy":"category","embeddable":true,"href":"https:\/\/www.elsindical.com.ar\/notas\/wp-json\/wp\/v2\/categories?post=104177"},{"taxonomy":"post_tag","embeddable":true,"href":"https:\/\/www.elsindical.com.ar\/notas\/wp-json\/wp\/v2\/tags?post=104177"}],"curies":[{"name":"wp","href":"https:\/\/api.w.org\/{rel}","templated":true}]}}