{"id":104174,"date":"2021-04-23T01:59:14","date_gmt":"2021-04-23T04:59:14","guid":{"rendered":"https:\/\/www.elsindical.com.ar\/notas\/?p=104174"},"modified":"2021-04-23T01:59:15","modified_gmt":"2021-04-23T04:59:15","slug":"prestamo-del-fmi-fiscal-amplio-la-investigacion-contra-mauricio-macri","status":"publish","type":"post","link":"https:\/\/www.elsindical.com.ar\/notas\/prestamo-del-fmi-fiscal-amplio-la-investigacion-contra-mauricio-macri\/","title":{"rendered":"Pr\u00e9stamo del FMI: Fiscal ampli\u00f3 la investigaci\u00f3n contra Mauricio Macri"},"content":{"rendered":"\n<figure class=\"wp-block-image size-large\"><a href=\"https:\/\/www.elsindical.com.ar\/notas\/var\/www\/html\/notas\/wp-content\/uploads\/2021\/04\/Mauricio-y-Lagart.jpg\"><img loading=\"lazy\" decoding=\"async\" width=\"1024\" height=\"576\" src=\"https:\/\/www.elsindical.com.ar\/notas\/var\/www\/html\/notas\/wp-content\/uploads\/2021\/04\/Mauricio-y-Lagart.jpg\" alt=\"\" class=\"wp-image-104175\" srcset=\"https:\/\/www.elsindical.com.ar\/notas\/var\/www\/html\/notas\/wp-content\/uploads\/2021\/04\/Mauricio-y-Lagart.jpg 1024w, https:\/\/www.elsindical.com.ar\/notas\/var\/www\/html\/notas\/wp-content\/uploads\/2021\/04\/Mauricio-y-Lagart-300x169.jpg 300w, https:\/\/www.elsindical.com.ar\/notas\/var\/www\/html\/notas\/wp-content\/uploads\/2021\/04\/Mauricio-y-Lagart-768x432.jpg 768w, https:\/\/www.elsindical.com.ar\/notas\/var\/www\/html\/notas\/wp-content\/uploads\/2021\/04\/Mauricio-y-Lagart-500x281.jpg 500w, https:\/\/www.elsindical.com.ar\/notas\/var\/www\/html\/notas\/wp-content\/uploads\/2021\/04\/Mauricio-y-Lagart-460x260.jpg 460w\" sizes=\"auto, (max-width: 1024px) 100vw, 1024px\" \/><\/a><\/figure>\n\n\n\n<p class=\"wp-block-paragraph\">Franco Picardi ampli\u00f3 la denuncia del Gobierno contra el ex presidente por el pr\u00e9stamo de 55 mil millones de d\u00f3lares que contrajo durante su gesti\u00f3n. La denuncia alcanza adem\u00e1s a los ex ministros Nicol\u00e1s Dujovne y Luis Caputo, a los ex titulares del Banco Central, Adolfo Sturzenegger y Guido Sandleris.<\/p>\n\n\n\n<p class=\"wp-block-paragraph\">El fiscal federal <strong>Franco Picardi<\/strong> requiri\u00f3 y ampli\u00f3 la denuncia del Gobierno nacional contra el ex presidente<strong> Mauricio Macri<\/strong> por el <strong>pr\u00e9stamo de 55 mil millones de d\u00f3lares<\/strong> que contrajo con el <strong>Fondo Monetario Internacional<\/strong> (FMI) durante su gesti\u00f3n.<\/p>\n\n\n\n<p class=\"wp-block-paragraph\">Si bien Picardi junto con la jueza federal <strong>Mar\u00eda Eugenia Capuchetti<\/strong> ya contaban con una denuncia de ese tenor desde 2019, ahora ampli\u00f3 con nuevas pruebas aportadas por la Oficina Anticorrupci\u00f3n (OA) luego que el actual mandatario, Alberto Fern\u00e1ndez,<strong> anunciara su presentaci\u00f3n al abrir las sesiones legislativas el pasado 1 de marzo.<\/strong><\/p>\n\n\n\n<p class=\"wp-block-paragraph\">\u00abDe la presentaci\u00f3n efectuada por la OA surge que esta se origin\u00f3 a ra\u00edz de los informes presentados por el Banco Central de la Rep\u00fablica Argentina, titulado Mercado de Cambios, Deuda y Formaci\u00f3n de Activos Externos 2015-2019, y por la Sindicatura General de la Naci\u00f3n (SIGEN), titulado An\u00e1lisis de los procedimientos aplicados\u00bb, evalu\u00f3 Picardi en su dictamen presentado a la jueza Capuchetti, ante quien requiri\u00f3 medidas de prueba.<\/p>\n\n\n\n<p class=\"wp-block-paragraph\">La denuncia alcanza adem\u00e1s al ex ministro de Hacienda <strong>Nicol\u00e1s Dujovne<\/strong>, el ministro de Finanzas <strong>Luis Caputo<\/strong> y los ex titulares del Banco Central <strong>Adolfo Sturzenegger y Guido Sandleris.<\/strong><\/p>\n","protected":false},"excerpt":{"rendered":"<p>Franco Picardi ampli\u00f3 la denuncia del Gobierno contra el ex presidente por el pr\u00e9stamo de 55 mil millones de d\u00f3lares que contrajo durante su gesti\u00f3n. La denuncia alcanza adem\u00e1s a los ex ministros Nicol\u00e1s Dujovne y Luis Caputo, a los ex titulares del Banco Central, Adolfo Sturzenegger y Guido Sandleris. El fiscal federal Franco Picardi&hellip;<\/p>\n","protected":false},"author":1,"featured_media":104175,"comment_status":"open","ping_status":"open","sticky":false,"template":"","format":"standard","meta":{"footnotes":""},"categories":[20],"tags":[2450,6547,34589,6925,34590,24979,76,24978,7418,5752],"class_list":["post-104174","post","type-post","status-publish","format-standard","has-post-thumbnail","hentry","category-judiciales","tag-diario-el-sindical","tag-federico-adolfo-sturzenegger","tag-fiscal-federal-franco-picardi","tag-fmi","tag-ghido-sandleris","tag-luis-caputo","tag-mauricio-macri","tag-nicolas-dujovne","tag-oa","tag-sigen"],"_links":{"self":[{"href":"https:\/\/www.elsindical.com.ar\/notas\/wp-json\/wp\/v2\/posts\/104174","targetHints":{"allow":["GET"]}}],"collection":[{"href":"https:\/\/www.elsindical.com.ar\/notas\/wp-json\/wp\/v2\/posts"}],"about":[{"href":"https:\/\/www.elsindical.com.ar\/notas\/wp-json\/wp\/v2\/types\/post"}],"author":[{"embeddable":true,"href":"https:\/\/www.elsindical.com.ar\/notas\/wp-json\/wp\/v2\/users\/1"}],"replies":[{"embeddable":true,"href":"https:\/\/www.elsindical.com.ar\/notas\/wp-json\/wp\/v2\/comments?post=104174"}],"version-history":[{"count":1,"href":"https:\/\/www.elsindical.com.ar\/notas\/wp-json\/wp\/v2\/posts\/104174\/revisions"}],"predecessor-version":[{"id":104176,"href":"https:\/\/www.elsindical.com.ar\/notas\/wp-json\/wp\/v2\/posts\/104174\/revisions\/104176"}],"wp:featuredmedia":[{"embeddable":true,"href":"https:\/\/www.elsindical.com.ar\/notas\/wp-json\/wp\/v2\/media\/104175"}],"wp:attachment":[{"href":"https:\/\/www.elsindical.com.ar\/notas\/wp-json\/wp\/v2\/media?parent=104174"}],"wp:term":[{"taxonomy":"category","embeddable":true,"href":"https:\/\/www.elsindical.com.ar\/notas\/wp-json\/wp\/v2\/categories?post=104174"},{"taxonomy":"post_tag","embeddable":true,"href":"https:\/\/www.elsindical.com.ar\/notas\/wp-json\/wp\/v2\/tags?post=104174"}],"curies":[{"name":"wp","href":"https:\/\/api.w.org\/{rel}","templated":true}]}}