{"id":104099,"date":"2021-04-21T09:30:44","date_gmt":"2021-04-21T12:30:44","guid":{"rendered":"https:\/\/www.elsindical.com.ar\/notas\/?p=104099"},"modified":"2021-04-21T09:30:45","modified_gmt":"2021-04-21T12:30:45","slug":"ratificamos-hoy-paro-docente","status":"publish","type":"post","link":"https:\/\/www.elsindical.com.ar\/notas\/ratificamos-hoy-paro-docente\/","title":{"rendered":"Ratificamos Hoy Paro Docente"},"content":{"rendered":"\n<div class=\"wp-block-image\"><figure class=\"aligncenter size-large is-resized\"><a href=\"https:\/\/www.elsindical.com.ar\/notas\/var\/www\/html\/notas\/wp-content\/uploads\/2021\/04\/UTE-log.jpg\"><img loading=\"lazy\" decoding=\"async\" src=\"https:\/\/www.elsindical.com.ar\/notas\/var\/www\/html\/notas\/wp-content\/uploads\/2021\/04\/UTE-log.jpg\" alt=\"\" class=\"wp-image-104100\" width=\"411\" height=\"355\" srcset=\"https:\/\/www.elsindical.com.ar\/notas\/var\/www\/html\/notas\/wp-content\/uploads\/2021\/04\/UTE-log.jpg 595w, https:\/\/www.elsindical.com.ar\/notas\/var\/www\/html\/notas\/wp-content\/uploads\/2021\/04\/UTE-log-300x259.jpg 300w, https:\/\/www.elsindical.com.ar\/notas\/var\/www\/html\/notas\/wp-content\/uploads\/2021\/04\/UTE-log-347x300.jpg 347w\" sizes=\"auto, (max-width: 411px) 100vw, 411px\" \/><\/a><\/figure><\/div>\n\n\n\n<p>El Gobierno de la Ciudad encabezado por Horacio Rodr\u00edguez Larreta contin\u00faa sin cumplir con las medidas para proteger la salud de la poblaci\u00f3n de la CABA y sostiene una \u00abpresencialidad\u00bb que dista mucho de ser una realidad. Miles de docentes, estudiantes y familiares se contagiaron desde el comienzo de las clases presenciales y desde nuestra organizaci\u00f3n fuimos denunciando con diversas medidas la ficci\u00f3n medi\u00e1tica que se construye desde la gesti\u00f3n.<\/p>\n\n\n\n<p>En un contexto de colapso del sistema de salud de la CABA y un Jefe de Gobierno que no se preocupa por la vida de trabajadorxs, estudiantes y familias, los y las maestrxs venimos sosteniendo jornadas de lucha con edificios escolares con m\u00ednima presencialidad y una comunidad educativa con much\u00edsima solidaridad.<\/p>\n\n\n\n<p>Es por esto que los y las trabajadorxs de la Educaci\u00f3n volvemos a convocar a un Paro Docente contra la presencialidad que propone Larreta. La salud y la vida son prioridad.<\/p>\n\n\n\n<p><strong>Ang\u00e9lica Graciano &#8211; <\/strong>Secretaria General UTE- CTERA&nbsp;<\/p>\n\n\n\n<p><strong>Paula Galigniana &#8211; <\/strong>Secretaria de Comunicaci\u00f3n, Prensa y Difusi\u00f3n UTE &#8211; CTERA<\/p>\n","protected":false},"excerpt":{"rendered":"<p>El Gobierno de la Ciudad encabezado por Horacio Rodr\u00edguez Larreta contin\u00faa sin cumplir con las medidas para proteger la salud de la poblaci\u00f3n de la CABA y sostiene una \u00abpresencialidad\u00bb que dista mucho de ser una realidad. Miles de docentes, estudiantes y familiares se contagiaron desde el comienzo de las clases presenciales y desde nuestra&hellip;<\/p>\n","protected":false},"author":1,"featured_media":104100,"comment_status":"open","ping_status":"open","sticky":false,"template":"","format":"standard","meta":{"footnotes":""},"categories":[16],"tags":[4284,2058,2450,497,1943,67,777],"class_list":["post-104099","post","type-post","status-publish","format-standard","has-post-thumbnail","hentry","category-gremiales","tag-caba","tag-clases","tag-diario-el-sindical","tag-docentes","tag-horacio-rodriguez-larreta","tag-paro","tag-ute"],"_links":{"self":[{"href":"https:\/\/www.elsindical.com.ar\/notas\/wp-json\/wp\/v2\/posts\/104099","targetHints":{"allow":["GET"]}}],"collection":[{"href":"https:\/\/www.elsindical.com.ar\/notas\/wp-json\/wp\/v2\/posts"}],"about":[{"href":"https:\/\/www.elsindical.com.ar\/notas\/wp-json\/wp\/v2\/types\/post"}],"author":[{"embeddable":true,"href":"https:\/\/www.elsindical.com.ar\/notas\/wp-json\/wp\/v2\/users\/1"}],"replies":[{"embeddable":true,"href":"https:\/\/www.elsindical.com.ar\/notas\/wp-json\/wp\/v2\/comments?post=104099"}],"version-history":[{"count":1,"href":"https:\/\/www.elsindical.com.ar\/notas\/wp-json\/wp\/v2\/posts\/104099\/revisions"}],"predecessor-version":[{"id":104101,"href":"https:\/\/www.elsindical.com.ar\/notas\/wp-json\/wp\/v2\/posts\/104099\/revisions\/104101"}],"wp:featuredmedia":[{"embeddable":true,"href":"https:\/\/www.elsindical.com.ar\/notas\/wp-json\/wp\/v2\/media\/104100"}],"wp:attachment":[{"href":"https:\/\/www.elsindical.com.ar\/notas\/wp-json\/wp\/v2\/media?parent=104099"}],"wp:term":[{"taxonomy":"category","embeddable":true,"href":"https:\/\/www.elsindical.com.ar\/notas\/wp-json\/wp\/v2\/categories?post=104099"},{"taxonomy":"post_tag","embeddable":true,"href":"https:\/\/www.elsindical.com.ar\/notas\/wp-json\/wp\/v2\/tags?post=104099"}],"curies":[{"name":"wp","href":"https:\/\/api.w.org\/{rel}","templated":true}]}}