{"id":104088,"date":"2021-04-20T20:18:53","date_gmt":"2021-04-20T23:18:53","guid":{"rendered":"https:\/\/www.elsindical.com.ar\/notas\/?p=104088"},"modified":"2021-04-20T20:18:54","modified_gmt":"2021-04-20T23:18:54","slug":"magdalena-sierra-y-el-verso-politico","status":"publish","type":"post","link":"https:\/\/www.elsindical.com.ar\/notas\/magdalena-sierra-y-el-verso-politico\/","title":{"rendered":"Magdalena Sierra y el verso pol\u00edtico"},"content":{"rendered":"\n<figure class=\"wp-block-image size-large\"><a href=\"https:\/\/www.elsindical.com.ar\/notas\/var\/www\/html\/notas\/wp-content\/uploads\/2021\/04\/subsidio-centro-cultural.jpg\"><img loading=\"lazy\" decoding=\"async\" width=\"960\" height=\"639\" src=\"https:\/\/www.elsindical.com.ar\/notas\/var\/www\/html\/notas\/wp-content\/uploads\/2021\/04\/subsidio-centro-cultural.jpg\" alt=\"\" class=\"wp-image-104089\" srcset=\"https:\/\/www.elsindical.com.ar\/notas\/var\/www\/html\/notas\/wp-content\/uploads\/2021\/04\/subsidio-centro-cultural.jpg 960w, https:\/\/www.elsindical.com.ar\/notas\/var\/www\/html\/notas\/wp-content\/uploads\/2021\/04\/subsidio-centro-cultural-300x200.jpg 300w, https:\/\/www.elsindical.com.ar\/notas\/var\/www\/html\/notas\/wp-content\/uploads\/2021\/04\/subsidio-centro-cultural-768x511.jpg 768w, https:\/\/www.elsindical.com.ar\/notas\/var\/www\/html\/notas\/wp-content\/uploads\/2021\/04\/subsidio-centro-cultural-451x300.jpg 451w\" sizes=\"auto, (max-width: 960px) 100vw, 960px\" \/><\/a><\/figure>\n\n\n\n<p>       Magdalena Ada Mar\u00eda Sierra, con CUIT -27-17902521-9, es la Jefa de Gabinete de Secretarios del municipio de Avellaneda y la persona que conduce la municipalidad, ya que Alejo Chornobroff solo presta su cara y no toma decisiones sin que tengan el visto bueno de Jorge Ferraresi o Magdalena, as\u00ed de mal est\u00e1 la conducci\u00f3n del municipio, pero todos se hacen los distra\u00eddos, incluida la oposici\u00f3n rid\u00edcula que tiene su propia interna.<\/p>\n\n\n\n<p>En Avellaneda todo es relato, pero en la practica pocas cosas funcionan bien, desde la creciente y preocupante inseguridad al cumplimiento de las restricciones que nunca se cumplieron en el partido, es un caos el tr\u00e1nsito vehicular donde los camiones circulan por calles prohibidas, en cualquier horario y el resultado son frentes agrietados, calles rotas, sumado al hecho de que empresas como COSUGAS rompen calles y veredas que demoran meses en reparar con todos los perjuicios que tienen los vecinos.<\/p>\n\n\n\n<p>Las redes sociales est\u00e1n llenas de reclamos de vecinos que rompen sus autos, sus llantas y cubiertas, pero el intendente  insiste en romper calles que no necesitan reparaciones y no hacer las cosas necesarias.<\/p>\n\n\n\n<p>Por si fuera poco, Magdalena Sierra hace campa\u00f1a para su candidatura con los recursos del municipio y reparte junto a Chornobroff cheques para clubes de barrio que no son otra cosa que sedes pol\u00edticas, en algunos casos lugares que generan el repudio de los vecinos que a la fecha denuncian que les usurparon el club del barrio y ahora lo usan para recitales donde se cobra entrada, sin reunir las condiciones necesarias para esos eventos, como es el caso del Club hoy denominado Centro Cultural Juana Azurduy de Gerli donde hoy hizo base un movimiento pol\u00edtico nuevo denominado \u00aborganizaci\u00f3n venceremos\u00bb que tiene como l\u00edder a Sebasti\u00e1n Vidal, un ex jugador oriundo de Lan\u00fas y que hoy es el secretario de deportes del municipio de Avellaneda, es decir, los subsidios se los otorgan de una forma irregular y que es contraria a las pol\u00edticas de transparencia y en este caso sumamos la incompatibilidad de un funcionario que se auto beneficia.<\/p>\n\n\n\n<p>Pas\u00f3 por el centro de vacunaci\u00f3n Casa del Bicentenario en la calle Pala\u00e1 donde destac\u00f3 el sistema, pero se nota que su visita fue breve porque son cientos los vecinos que debieron esperar porque otorgaron turnos de m\u00e1s en un mismo horario y muchos se quejaron del calor dentro del edificio, que al parecer no cuenta con la ventilaci\u00f3n que recomiendan los profesionales de la salud para prevenir contagios.<\/p>\n\n\n\n<p>M\u00e1s a\u00fan, la se\u00f1ora Magdalena, que s\u00ed se re\u00fane con las vecinas del barrio Quinta Galli para asegurarles que tendr\u00e1n seguridad reforzada, pero nunca se reuni\u00f3 con los vecinos que no son millonarios y que dependen del Estado para tratar el tema que tanto les preocupa y es que no les roben o los maten cuando salen de sus casas, especialmente en los horarios que deben concurrir a las paradas de colectivos donde son robados, Magdalena prefiere abundar en recursos de seguridad a gente que se mueve en auto y est\u00e1 menos expuesta a los robos.<\/p>\n\n\n\n<p>En una muestra evidente de que no le importan los reclamos de los vecinos, ni las marchas o los cientos de grupos que piden seguridad, se fotograf\u00eda para la pol\u00edtica con los dos m\u00e1ximos responsables de la inseguridad, M\u00f3nica Ghirelly Marcelo Rey, afirmando sin verg\u00fcenza que junto a los jefes policiales locales trataron el tema de mejorar la seguridad, debe ser un chiste y de mal gusto, porque si hay algo que destaca a los jefes policiales de Avellaneda es la baja estad\u00edstica respecto del resto de los polic\u00edas que cumplen funciones en Lan\u00fas, Quilmes, linderos a Avellaneda, las diferencias son abismales, a\u00fan con reclamos de vecinos y robos que se cometen, Avellaneda est\u00e1 mucho peor en productividad policial que el resto. <\/p>\n\n\n\n<p>Las motivos del bajo nivel de productividad tiene sus or\u00edgenes en una mala conducci\u00f3n policial, varios de los jefes tienen sumarios e investigaciones pendientes, el Polo Judicial de Avellaneda tiene fiscales m\u00e1s militantes que funcionarios apegados a su trabajo y el municipio es una caja de negociados y quintas por donde se mire.<\/p>\n\n\n\n<p>Con este panorama, donde los responsables de poner orden, demoran las respuestas y su trabajo, como es el caso del Fiscal General del Departamento Judicial Avellaneda-Lan\u00fas, que a la fecha no ha querido explicar cu\u00e1les son los lineamientos de trabajo de los fiscales, los abusos en las excarcelaciones que se otorgan a los delincuentes que ya tienen m\u00e1s de 10 causas por delitos penales y el eterno problema de que no funciona como deber\u00eda la justicia de responsabilidad juvenil, pero de eso tampoco el municipio se ocupa de reunirse y buscar una forma de que los vecinos no sientan que al poco trabajo policial se suma la puerta giratoria con conocidos delincuentes.<\/p>\n\n\n\n<p>Nadie les pide mano dura, pero cuesta creer en la inteligencia de los funcionarios judiciales que liberan una y otra vez a delincuentes que reinciden en horas, sobran ejemplos de motochorros liberados un d\u00eda a la tarde y al otro d\u00eda a la ma\u00f1ana vuelven a ser aprehendidos robando en motos robados y solo se los procesa con una tentativa y un encubrimiento, as\u00ed no existe seguridad jur\u00eddica para nadie de bien.<\/p>\n\n\n\n<p>Le reconozco a la se\u00f1ora Magdalena Sierra una gran dedicaci\u00f3n a la militancia y la pol\u00edtica, tiene todo para ser una l\u00edder, a\u00fan con las limitaciones que ha mostrado, pero si su camino es la mentira va mal, no todos los vecinos son fan\u00e1ticos de una seudo pol\u00edtica de izquierda o popular y hasta en eso les miente cuando se re\u00fane con se\u00f1oras ricas, pero no lo hace con el vecino que vive de su sueldo y es muy perjudicado cuando lo asaltan, esos vecinos no tienen seguros que les cubran sus bienes y no est\u00e1 mal que usted sea amplia, est\u00e1 mal que no lo sea.<\/p>\n\n\n\n<figure class=\"wp-block-gallery columns-1 is-cropped wp-block-gallery-1 is-layout-flex wp-block-gallery-is-layout-flex\"><ul class=\"blocks-gallery-grid\"><li class=\"blocks-gallery-item\"><figure><a href=\"https:\/\/www.elsindical.com.ar\/notas\/var\/www\/html\/notas\/wp-content\/uploads\/2021\/04\/Magdalena-reunion-seguridad.jpg\"><img loading=\"lazy\" decoding=\"async\" width=\"960\" height=\"639\" src=\"https:\/\/www.elsindical.com.ar\/notas\/var\/www\/html\/notas\/wp-content\/uploads\/2021\/04\/Magdalena-reunion-seguridad.jpg\" alt=\"\" data-id=\"104090\" data-full-url=\"https:\/\/www.elsindical.com.ar\/notas\/var\/www\/html\/notas\/wp-content\/uploads\/2021\/04\/Magdalena-reunion-seguridad.jpg\" data-link=\"https:\/\/www.elsindical.com.ar\/notas\/?attachment_id=104090#main\" class=\"wp-image-104090\" srcset=\"https:\/\/www.elsindical.com.ar\/notas\/var\/www\/html\/notas\/wp-content\/uploads\/2021\/04\/Magdalena-reunion-seguridad.jpg 960w, https:\/\/www.elsindical.com.ar\/notas\/var\/www\/html\/notas\/wp-content\/uploads\/2021\/04\/Magdalena-reunion-seguridad-300x200.jpg 300w, https:\/\/www.elsindical.com.ar\/notas\/var\/www\/html\/notas\/wp-content\/uploads\/2021\/04\/Magdalena-reunion-seguridad-768x511.jpg 768w, https:\/\/www.elsindical.com.ar\/notas\/var\/www\/html\/notas\/wp-content\/uploads\/2021\/04\/Magdalena-reunion-seguridad-451x300.jpg 451w\" sizes=\"auto, (max-width: 960px) 100vw, 960px\" \/><\/a><\/figure><\/li><li class=\"blocks-gallery-item\"><figure><a href=\"https:\/\/www.elsindical.com.ar\/notas\/var\/www\/html\/notas\/wp-content\/uploads\/2021\/04\/vacunacion-centro-Bicentenario.jpg\"><img loading=\"lazy\" decoding=\"async\" width=\"960\" height=\"639\" src=\"https:\/\/www.elsindical.com.ar\/notas\/var\/www\/html\/notas\/wp-content\/uploads\/2021\/04\/vacunacion-centro-Bicentenario.jpg\" alt=\"\" data-id=\"104091\" data-full-url=\"https:\/\/www.elsindical.com.ar\/notas\/var\/www\/html\/notas\/wp-content\/uploads\/2021\/04\/vacunacion-centro-Bicentenario.jpg\" data-link=\"https:\/\/www.elsindical.com.ar\/notas\/?attachment_id=104091#main\" class=\"wp-image-104091\" srcset=\"https:\/\/www.elsindical.com.ar\/notas\/var\/www\/html\/notas\/wp-content\/uploads\/2021\/04\/vacunacion-centro-Bicentenario.jpg 960w, https:\/\/www.elsindical.com.ar\/notas\/var\/www\/html\/notas\/wp-content\/uploads\/2021\/04\/vacunacion-centro-Bicentenario-300x200.jpg 300w, https:\/\/www.elsindical.com.ar\/notas\/var\/www\/html\/notas\/wp-content\/uploads\/2021\/04\/vacunacion-centro-Bicentenario-768x511.jpg 768w, https:\/\/www.elsindical.com.ar\/notas\/var\/www\/html\/notas\/wp-content\/uploads\/2021\/04\/vacunacion-centro-Bicentenario-451x300.jpg 451w\" sizes=\"auto, (max-width: 960px) 100vw, 960px\" \/><\/a><\/figure><\/li><\/ul><\/figure>\n\n\n\n<p>Por Marcelo Ricardo Hawrylciw<\/p>\n","protected":false},"excerpt":{"rendered":"<p>Magdalena Ada Mar\u00eda Sierra, con CUIT -27-17902521-9, es la Jefa de Gabinete de Secretarios del municipio de Avellaneda y la persona que conduce la municipalidad, ya que Alejo Chornobroff solo presta su cara y no toma decisiones sin que tengan el visto bueno de Jorge Ferraresi o Magdalena, as\u00ed de mal est\u00e1 la conducci\u00f3n del&hellip;<\/p>\n","protected":false},"author":1,"featured_media":104089,"comment_status":"open","ping_status":"open","sticky":false,"template":"","format":"standard","meta":{"footnotes":""},"categories":[10,13],"tags":[30014,21714,1451,2450,984,16471,21958,18216,34567,4016,13708],"class_list":["post-104088","post","type-post","status-publish","format-standard","has-post-thumbnail","hentry","category-editorial","category-politica","tag-alejo-chornobroff","tag-centro-cultural-juana-azurduy","tag-corrupcion","tag-diario-el-sindical","tag-inseguridad","tag-magdlena-sierra","tag-marcelo-rey","tag-monica-ghirelli","tag-sebastian-vidal","tag-subsidios","tag-transparencia"],"_links":{"self":[{"href":"https:\/\/www.elsindical.com.ar\/notas\/wp-json\/wp\/v2\/posts\/104088","targetHints":{"allow":["GET"]}}],"collection":[{"href":"https:\/\/www.elsindical.com.ar\/notas\/wp-json\/wp\/v2\/posts"}],"about":[{"href":"https:\/\/www.elsindical.com.ar\/notas\/wp-json\/wp\/v2\/types\/post"}],"author":[{"embeddable":true,"href":"https:\/\/www.elsindical.com.ar\/notas\/wp-json\/wp\/v2\/users\/1"}],"replies":[{"embeddable":true,"href":"https:\/\/www.elsindical.com.ar\/notas\/wp-json\/wp\/v2\/comments?post=104088"}],"version-history":[{"count":1,"href":"https:\/\/www.elsindical.com.ar\/notas\/wp-json\/wp\/v2\/posts\/104088\/revisions"}],"predecessor-version":[{"id":104092,"href":"https:\/\/www.elsindical.com.ar\/notas\/wp-json\/wp\/v2\/posts\/104088\/revisions\/104092"}],"wp:featuredmedia":[{"embeddable":true,"href":"https:\/\/www.elsindical.com.ar\/notas\/wp-json\/wp\/v2\/media\/104089"}],"wp:attachment":[{"href":"https:\/\/www.elsindical.com.ar\/notas\/wp-json\/wp\/v2\/media?parent=104088"}],"wp:term":[{"taxonomy":"category","embeddable":true,"href":"https:\/\/www.elsindical.com.ar\/notas\/wp-json\/wp\/v2\/categories?post=104088"},{"taxonomy":"post_tag","embeddable":true,"href":"https:\/\/www.elsindical.com.ar\/notas\/wp-json\/wp\/v2\/tags?post=104088"}],"curies":[{"name":"wp","href":"https:\/\/api.w.org\/{rel}","templated":true}]}}