{"id":104085,"date":"2021-04-20T15:40:34","date_gmt":"2021-04-20T18:40:34","guid":{"rendered":"https:\/\/www.elsindical.com.ar\/notas\/?p=104085"},"modified":"2021-04-20T15:40:35","modified_gmt":"2021-04-20T18:40:35","slug":"barracas-por-defecto-en-el-equipo-murio-un-bombero-de-la-policia-federal-argentina","status":"publish","type":"post","link":"https:\/\/www.elsindical.com.ar\/notas\/barracas-por-defecto-en-el-equipo-murio-un-bombero-de-la-policia-federal-argentina\/","title":{"rendered":"Barracas: Por defecto en el equipo muri\u00f3 un bombero de la Polic\u00eda Federal Argentina"},"content":{"rendered":"\n<div class=\"wp-block-image\"><figure class=\"aligncenter size-large\"><a href=\"https:\/\/www.elsindical.com.ar\/notas\/var\/www\/html\/notas\/wp-content\/uploads\/2021\/04\/Cabo-1-bombero-Juan-Pablo-Curihuala.jpg\"><img loading=\"lazy\" decoding=\"async\" width=\"720\" height=\"943\" src=\"https:\/\/www.elsindical.com.ar\/notas\/var\/www\/html\/notas\/wp-content\/uploads\/2021\/04\/Cabo-1-bombero-Juan-Pablo-Curihuala.jpg\" alt=\"\" class=\"wp-image-104086\" srcset=\"https:\/\/www.elsindical.com.ar\/notas\/var\/www\/html\/notas\/wp-content\/uploads\/2021\/04\/Cabo-1-bombero-Juan-Pablo-Curihuala.jpg 720w, https:\/\/www.elsindical.com.ar\/notas\/var\/www\/html\/notas\/wp-content\/uploads\/2021\/04\/Cabo-1-bombero-Juan-Pablo-Curihuala-229x300.jpg 229w\" sizes=\"auto, (max-width: 720px) 100vw, 720px\" \/><\/a><\/figure><\/div>\n\n\n\n<p>Se desempe\u00f1aba en el aeropuerto de Bariloche y sufri\u00f3 un accidente durante una pr\u00e1ctica en Buenos Aires.<\/p>\n\n\n\n<p>Un efectivo del cuartel de bomberos de la Polic\u00eda Federal, que<strong> se desempe\u00f1aba en el aeropuerto de Bariloche, muri\u00f3 este lunes a la tarde al sufrir un accidente durante una pr\u00e1ctica en Buenos Aires. Habr\u00eda ca\u00eddo al vac\u00edo desde un edificio.<\/strong><\/p>\n\n\n\n<p>Juan Pablo Curihuala, el Cabo 1\u00ba integraba la Superintendencia Federal de Bomberos de la Polic\u00eda Federal y cumpl\u00eda funciones en su localidad de origen en R\u00edo Negro. Hab\u00eda viajado a Buenos Aires para participar de un ejercicio de entrenamiento. <strong>El accidente habr\u00eda ocurrido durante en una pr\u00e1ctica de r\u00e1pel en un edificio abandonado<\/strong>, se habr\u00eda producido un desperfecto en su equipo que lo sujetaba.<\/p>\n\n\n\n<p>El joven se encontraba en la provincia de Buenos Aires <strong>para cumplir con el curso Befer de la Brigada Especial de Rescate de la Polic\u00eda Federal<\/strong>, un entrenamiento de alto rendimiento destinado especialmente al personal de bomberos.<\/p>\n\n\n\n<p>El Ministerio de Seguridad de la Naci\u00f3n confirm\u00f3 su muerte y la familia de la v\u00edctima fue informada ayer a la tarde sobre el episodio. La noticia provoc\u00f3 gran consternaci\u00f3n en las redes sociales, donde circularon muchos mensajes acompa\u00f1ando a su familia.<\/p>\n","protected":false},"excerpt":{"rendered":"<p>Se desempe\u00f1aba en el aeropuerto de Bariloche y sufri\u00f3 un accidente durante una pr\u00e1ctica en Buenos Aires. Un efectivo del cuartel de bomberos de la Polic\u00eda Federal, que se desempe\u00f1aba en el aeropuerto de Bariloche, muri\u00f3 este lunes a la tarde al sufrir un accidente durante una pr\u00e1ctica en Buenos Aires. Habr\u00eda ca\u00eddo al vac\u00edo&hellip;<\/p>\n","protected":false},"author":1,"featured_media":104086,"comment_status":"open","ping_status":"open","sticky":false,"template":"","format":"standard","meta":{"footnotes":""},"categories":[22],"tags":[3423,3256,34564,6346,34565,34566,2450,698],"class_list":["post-104085","post","type-post","status-publish","format-standard","has-post-thumbnail","hentry","category-policiales","tag-bariloche","tag-barracas","tag-befer","tag-bombero","tag-brigada-especial-de-rescate-de-la-policia-federal","tag-cabo-1-juan-pablo-curihuala","tag-diario-el-sindical","tag-pfa"],"_links":{"self":[{"href":"https:\/\/www.elsindical.com.ar\/notas\/wp-json\/wp\/v2\/posts\/104085","targetHints":{"allow":["GET"]}}],"collection":[{"href":"https:\/\/www.elsindical.com.ar\/notas\/wp-json\/wp\/v2\/posts"}],"about":[{"href":"https:\/\/www.elsindical.com.ar\/notas\/wp-json\/wp\/v2\/types\/post"}],"author":[{"embeddable":true,"href":"https:\/\/www.elsindical.com.ar\/notas\/wp-json\/wp\/v2\/users\/1"}],"replies":[{"embeddable":true,"href":"https:\/\/www.elsindical.com.ar\/notas\/wp-json\/wp\/v2\/comments?post=104085"}],"version-history":[{"count":1,"href":"https:\/\/www.elsindical.com.ar\/notas\/wp-json\/wp\/v2\/posts\/104085\/revisions"}],"predecessor-version":[{"id":104087,"href":"https:\/\/www.elsindical.com.ar\/notas\/wp-json\/wp\/v2\/posts\/104085\/revisions\/104087"}],"wp:featuredmedia":[{"embeddable":true,"href":"https:\/\/www.elsindical.com.ar\/notas\/wp-json\/wp\/v2\/media\/104086"}],"wp:attachment":[{"href":"https:\/\/www.elsindical.com.ar\/notas\/wp-json\/wp\/v2\/media?parent=104085"}],"wp:term":[{"taxonomy":"category","embeddable":true,"href":"https:\/\/www.elsindical.com.ar\/notas\/wp-json\/wp\/v2\/categories?post=104085"},{"taxonomy":"post_tag","embeddable":true,"href":"https:\/\/www.elsindical.com.ar\/notas\/wp-json\/wp\/v2\/tags?post=104085"}],"curies":[{"name":"wp","href":"https:\/\/api.w.org\/{rel}","templated":true}]}}