{"id":104082,"date":"2021-04-20T12:47:33","date_gmt":"2021-04-20T15:47:33","guid":{"rendered":"https:\/\/www.elsindical.com.ar\/notas\/?p=104082"},"modified":"2021-04-20T12:47:35","modified_gmt":"2021-04-20T15:47:35","slug":"los-toldos-hallan-un-cuerpo-calcinado-sospechan-se-trata-de-la-mujer-desaparecida","status":"publish","type":"post","link":"https:\/\/www.elsindical.com.ar\/notas\/los-toldos-hallan-un-cuerpo-calcinado-sospechan-se-trata-de-la-mujer-desaparecida\/","title":{"rendered":"Los Toldos: Hallan un cuerpo calcinado sospechan se trata de la mujer desaparecida"},"content":{"rendered":"\n<figure class=\"wp-block-image size-large\"><a href=\"https:\/\/www.elsindical.com.ar\/notas\/var\/www\/html\/notas\/wp-content\/uploads\/2021\/04\/Analia-Maldonado-y-Samuel-Llanos.jpg\"><img loading=\"lazy\" decoding=\"async\" width=\"880\" height=\"512\" src=\"https:\/\/www.elsindical.com.ar\/notas\/var\/www\/html\/notas\/wp-content\/uploads\/2021\/04\/Analia-Maldonado-y-Samuel-Llanos.jpg\" alt=\"\" class=\"wp-image-104083\" srcset=\"https:\/\/www.elsindical.com.ar\/notas\/var\/www\/html\/notas\/wp-content\/uploads\/2021\/04\/Analia-Maldonado-y-Samuel-Llanos.jpg 880w, https:\/\/www.elsindical.com.ar\/notas\/var\/www\/html\/notas\/wp-content\/uploads\/2021\/04\/Analia-Maldonado-y-Samuel-Llanos-300x175.jpg 300w, https:\/\/www.elsindical.com.ar\/notas\/var\/www\/html\/notas\/wp-content\/uploads\/2021\/04\/Analia-Maldonado-y-Samuel-Llanos-768x447.jpg 768w, https:\/\/www.elsindical.com.ar\/notas\/var\/www\/html\/notas\/wp-content\/uploads\/2021\/04\/Analia-Maldonado-y-Samuel-Llanos-500x291.jpg 500w\" sizes=\"auto, (max-width: 880px) 100vw, 880px\" \/><\/a><\/figure>\n\n\n\n<p>La Justicia pidi\u00f3 colaboraci\u00f3n para dar con el paradero de su pareja, Samuel Llanos, sindicado en principio como el autor de \u00abHomicidio\u00bb.<\/p>\n\n\n\n<p>A partir de la denuncia presentada por el padre de Anal\u00eda Maldonado de 40 a\u00f1os, al no poder mantener comunicaci\u00f3n ni con ella ni su yerno Samuel Llanos, se mont\u00f3 un operativo en la localidad de Los Toldos y zonas adyacentes.&nbsp;<\/p>\n\n\n\n<p>Grupos Operativos de la DDI se encontraban abocados a la b\u00fasqueda que se extendi\u00f3 en una amplia zona de la provincia de Buenos Aires: todav\u00eda no trascendieron detalles, pero la mujer fue hallada sin vida. Ahora, la Justicia centra los operativos en dar con el paradero de su pareja, a quien se\u00f1alan como autor del homicidio.<\/p>\n\n\n\n<p>En este marco, desde el \u00e1rea de Fiscal\u00eda, se solicit\u00f3 la colaboraci\u00f3n de la comunidad, en el marco de la causa que se tramita en la UFIJ N\u00b0 3 a cargo del agente fiscal Jos\u00e9 El\u00edas Alvite Galante, Se pidi\u00f3 el aporte de cualquier dato sobre el paradero actual o movimientos posteriores a las \u00faltimas horas del d\u00eda 18 del corriente mes y a\u00f1o de&nbsp;<strong>SAMUEL MOIS\u00c9S LLANOS<\/strong>&nbsp;(de apellido materno Cabral), 1,75 mts. de altura, profesor de gimnasia\/fisco culturista.<\/p>\n\n\n\n<p>Tambi\u00e9n se requiere cualquier informaci\u00f3n sobre el veh\u00edculo Nissan modelo Tiida, 5 puertas, blanco, dominio&nbsp;<strong>ITA 913&nbsp;<\/strong>(cuyo secuestro se ha ordenado), &nbsp;en el que se movilizaba cuando fuera visto por \u00faltima vez en la ciudad de Los Toldos, provincia de Buenos Aires.<\/p>\n\n\n\n<p>Quienes puedan aportar informaci\u00f3n en torno a lo requerido deber\u00e1n canalizarla llamando al&nbsp;<strong>911<\/strong>, que unificar\u00e1 la recepci\u00f3n.<\/p>\n","protected":false},"excerpt":{"rendered":"<p>La Justicia pidi\u00f3 colaboraci\u00f3n para dar con el paradero de su pareja, Samuel Llanos, sindicado en principio como el autor de \u00abHomicidio\u00bb. A partir de la denuncia presentada por el padre de Anal\u00eda Maldonado de 40 a\u00f1os, al no poder mantener comunicaci\u00f3n ni con ella ni su yerno Samuel Llanos, se mont\u00f3 un operativo en&hellip;<\/p>\n","protected":false},"author":1,"featured_media":104083,"comment_status":"open","ping_status":"open","sticky":false,"template":"","format":"standard","meta":{"footnotes":""},"categories":[22],"tags":[16695,2450,9890,34562,34563],"class_list":["post-104082","post","type-post","status-publish","format-standard","has-post-thumbnail","hentry","category-policiales","tag-analia-maldonado","tag-diario-el-sindical","tag-femicidio","tag-los-toldos","tag-samuel-moises-llanos"],"_links":{"self":[{"href":"https:\/\/www.elsindical.com.ar\/notas\/wp-json\/wp\/v2\/posts\/104082","targetHints":{"allow":["GET"]}}],"collection":[{"href":"https:\/\/www.elsindical.com.ar\/notas\/wp-json\/wp\/v2\/posts"}],"about":[{"href":"https:\/\/www.elsindical.com.ar\/notas\/wp-json\/wp\/v2\/types\/post"}],"author":[{"embeddable":true,"href":"https:\/\/www.elsindical.com.ar\/notas\/wp-json\/wp\/v2\/users\/1"}],"replies":[{"embeddable":true,"href":"https:\/\/www.elsindical.com.ar\/notas\/wp-json\/wp\/v2\/comments?post=104082"}],"version-history":[{"count":1,"href":"https:\/\/www.elsindical.com.ar\/notas\/wp-json\/wp\/v2\/posts\/104082\/revisions"}],"predecessor-version":[{"id":104084,"href":"https:\/\/www.elsindical.com.ar\/notas\/wp-json\/wp\/v2\/posts\/104082\/revisions\/104084"}],"wp:featuredmedia":[{"embeddable":true,"href":"https:\/\/www.elsindical.com.ar\/notas\/wp-json\/wp\/v2\/media\/104083"}],"wp:attachment":[{"href":"https:\/\/www.elsindical.com.ar\/notas\/wp-json\/wp\/v2\/media?parent=104082"}],"wp:term":[{"taxonomy":"category","embeddable":true,"href":"https:\/\/www.elsindical.com.ar\/notas\/wp-json\/wp\/v2\/categories?post=104082"},{"taxonomy":"post_tag","embeddable":true,"href":"https:\/\/www.elsindical.com.ar\/notas\/wp-json\/wp\/v2\/tags?post=104082"}],"curies":[{"name":"wp","href":"https:\/\/api.w.org\/{rel}","templated":true}]}}