{"id":104042,"date":"2021-04-19T00:07:01","date_gmt":"2021-04-19T03:07:01","guid":{"rendered":"https:\/\/www.elsindical.com.ar\/notas\/?p=104042"},"modified":"2021-04-19T00:07:02","modified_gmt":"2021-04-19T03:07:02","slug":"paro-docente-en-caba","status":"publish","type":"post","link":"https:\/\/www.elsindical.com.ar\/notas\/paro-docente-en-caba\/","title":{"rendered":"Paro Docente en CABA"},"content":{"rendered":"\n<div class=\"wp-block-image\"><figure class=\"aligncenter size-large\"><a href=\"https:\/\/www.elsindical.com.ar\/notas\/var\/www\/html\/notas\/wp-content\/uploads\/2021\/04\/whatsapp-image-2021-04-18-at-19.45.04.jpeg\"><img loading=\"lazy\" decoding=\"async\" width=\"640\" height=\"640\" src=\"https:\/\/www.elsindical.com.ar\/notas\/var\/www\/html\/notas\/wp-content\/uploads\/2021\/04\/whatsapp-image-2021-04-18-at-19.45.04.jpeg\" alt=\"\" class=\"wp-image-104043\" srcset=\"https:\/\/www.elsindical.com.ar\/notas\/var\/www\/html\/notas\/wp-content\/uploads\/2021\/04\/whatsapp-image-2021-04-18-at-19.45.04.jpeg 640w, https:\/\/www.elsindical.com.ar\/notas\/var\/www\/html\/notas\/wp-content\/uploads\/2021\/04\/whatsapp-image-2021-04-18-at-19.45.04-300x300.jpeg 300w, https:\/\/www.elsindical.com.ar\/notas\/var\/www\/html\/notas\/wp-content\/uploads\/2021\/04\/whatsapp-image-2021-04-18-at-19.45.04-150x150.jpeg 150w, https:\/\/www.elsindical.com.ar\/notas\/var\/www\/html\/notas\/wp-content\/uploads\/2021\/04\/whatsapp-image-2021-04-18-at-19.45.04-50x50.jpeg 50w\" sizes=\"auto, (max-width: 640px) 100vw, 640px\" \/><\/a><\/figure><\/div>\n\n\n\n<p>En las escuelas siempre ense\u00f1amos a respetar el orden de prelaci\u00f3n de las leyes, la Constituci\u00f3n Nacional y el pleno ejercicio de la democracia en el marco del Estado de Derecho. El d\u00eda jueves el Poder Ejecutivo Nacional emiti\u00f3 un Decreto de Necesidad y Urgencia\u00a0 241-APN- PTE, en el marco de la Emergencia P\u00fablica Sanitaria declarada por la Ley 27541 que, entre otras medidas, establece la suspensi\u00f3n temporal de clases presenciales durante 15 d\u00edas en el \u00c1rea Metropolitana de Buenos Aires (AMBA).<\/p>\n\n\n\n<p>Dicha medida tiene por objetivo morigerar la alarmante velocidad de contagios por COVID-19 y descomprimir la ocupaci\u00f3n del sistema de salud en el AMBA.<\/p>\n\n\n\n<p>En este momento todxs debemos contribuir a mejorar la situaci\u00f3n sanitaria colectiva. Hoy el cuidado de nuestra salud y el de nuestra sociedad est\u00e1 dado por el respeto a las normas establecidas.<\/p>\n\n\n\n<p>El gobierno de Horacio Rodr\u00edguez Larreta, priorizando su carrera electoral y el marketing pol\u00edtico por sobre el cuidado y la vida de todxs lxs porte\u00f1xs, presiona para sostener la presencialidad en contra de las normas dictadas por la Naci\u00f3n, apelando a la judicializaci\u00f3n del DNU.<\/p>\n\n\n\n<p>Frente al fallo de la sala cuatro de la C\u00e1mara de apelaciones del cual ni siquiera podemos ser parte y a la violaci\u00f3n \u00a0de la Constituci\u00f3n, lxs trabajadorxs de la educaci\u00f3n este lunes 19 llamamos a PARO DOCENTE. Exigimos que Horacio Rodr\u00edguez Larreta acate lo resuelto por el Poder Ejecutivo Nacional. Porque la salud y la vida son prioridad<\/p>\n\n\n\n<p><strong>Ang\u00e9lica Graciano &#8211; <\/strong>Secretaria General UTE- CTERA&nbsp;<\/p>\n\n\n\n<p><strong>Paula Galigniana &#8211; <\/strong>Secretaria de Comunicaci\u00f3n, Prensa y Difusi\u00f3n UTE &#8211; CTERA<\/p>\n","protected":false},"excerpt":{"rendered":"<p>En las escuelas siempre ense\u00f1amos a respetar el orden de prelaci\u00f3n de las leyes, la Constituci\u00f3n Nacional y el pleno ejercicio de la democracia en el marco del Estado de Derecho. El d\u00eda jueves el Poder Ejecutivo Nacional emiti\u00f3 un Decreto de Necesidad y Urgencia\u00a0 241-APN- PTE, en el marco de la Emergencia P\u00fablica Sanitaria&hellip;<\/p>\n","protected":false},"author":1,"featured_media":104043,"comment_status":"open","ping_status":"open","sticky":false,"template":"","format":"standard","meta":{"footnotes":""},"categories":[16],"tags":[4284,184,2450,497,41,884,67,777,4326],"class_list":["post-104042","post","type-post","status-publish","format-standard","has-post-thumbnail","hentry","category-gremiales","tag-caba","tag-cta","tag-diario-el-sindical","tag-docentes","tag-justicia","tag-macrismo","tag-paro","tag-ute","tag-ute-ctera"],"_links":{"self":[{"href":"https:\/\/www.elsindical.com.ar\/notas\/wp-json\/wp\/v2\/posts\/104042","targetHints":{"allow":["GET"]}}],"collection":[{"href":"https:\/\/www.elsindical.com.ar\/notas\/wp-json\/wp\/v2\/posts"}],"about":[{"href":"https:\/\/www.elsindical.com.ar\/notas\/wp-json\/wp\/v2\/types\/post"}],"author":[{"embeddable":true,"href":"https:\/\/www.elsindical.com.ar\/notas\/wp-json\/wp\/v2\/users\/1"}],"replies":[{"embeddable":true,"href":"https:\/\/www.elsindical.com.ar\/notas\/wp-json\/wp\/v2\/comments?post=104042"}],"version-history":[{"count":1,"href":"https:\/\/www.elsindical.com.ar\/notas\/wp-json\/wp\/v2\/posts\/104042\/revisions"}],"predecessor-version":[{"id":104044,"href":"https:\/\/www.elsindical.com.ar\/notas\/wp-json\/wp\/v2\/posts\/104042\/revisions\/104044"}],"wp:featuredmedia":[{"embeddable":true,"href":"https:\/\/www.elsindical.com.ar\/notas\/wp-json\/wp\/v2\/media\/104043"}],"wp:attachment":[{"href":"https:\/\/www.elsindical.com.ar\/notas\/wp-json\/wp\/v2\/media?parent=104042"}],"wp:term":[{"taxonomy":"category","embeddable":true,"href":"https:\/\/www.elsindical.com.ar\/notas\/wp-json\/wp\/v2\/categories?post=104042"},{"taxonomy":"post_tag","embeddable":true,"href":"https:\/\/www.elsindical.com.ar\/notas\/wp-json\/wp\/v2\/tags?post=104042"}],"curies":[{"name":"wp","href":"https:\/\/api.w.org\/{rel}","templated":true}]}}