{"id":103955,"date":"2021-04-15T12:14:41","date_gmt":"2021-04-15T15:14:41","guid":{"rendered":"https:\/\/www.elsindical.com.ar\/notas\/?p=103955"},"modified":"2021-04-15T12:14:42","modified_gmt":"2021-04-15T15:14:42","slug":"magdalena-sierra-y-vecinos-vip","status":"publish","type":"post","link":"https:\/\/www.elsindical.com.ar\/notas\/magdalena-sierra-y-vecinos-vip\/","title":{"rendered":"Magdalena Sierra y vecinos VIP"},"content":{"rendered":"\n<figure class=\"wp-block-image size-large\"><a href=\"https:\/\/www.elsindical.com.ar\/notas\/var\/www\/html\/notas\/wp-content\/uploads\/2021\/04\/Magdalena-con-vecinas-de-Quinta-Galli.jpg\"><img loading=\"lazy\" decoding=\"async\" width=\"960\" height=\"638\" src=\"https:\/\/www.elsindical.com.ar\/notas\/var\/www\/html\/notas\/wp-content\/uploads\/2021\/04\/Magdalena-con-vecinas-de-Quinta-Galli.jpg\" alt=\"\" class=\"wp-image-103956\" srcset=\"https:\/\/www.elsindical.com.ar\/notas\/var\/www\/html\/notas\/wp-content\/uploads\/2021\/04\/Magdalena-con-vecinas-de-Quinta-Galli.jpg 960w, https:\/\/www.elsindical.com.ar\/notas\/var\/www\/html\/notas\/wp-content\/uploads\/2021\/04\/Magdalena-con-vecinas-de-Quinta-Galli-300x199.jpg 300w, https:\/\/www.elsindical.com.ar\/notas\/var\/www\/html\/notas\/wp-content\/uploads\/2021\/04\/Magdalena-con-vecinas-de-Quinta-Galli-768x510.jpg 768w, https:\/\/www.elsindical.com.ar\/notas\/var\/www\/html\/notas\/wp-content\/uploads\/2021\/04\/Magdalena-con-vecinas-de-Quinta-Galli-451x300.jpg 451w\" sizes=\"auto, (max-width: 960px) 100vw, 960px\" \/><\/a><\/figure>\n\n\n\n<p>       En plena campa\u00f1a pol\u00edtica, Magdalena Sierra se reuni\u00f3 con las se\u00f1oras del \u00abexclusivo barrio\u00bb Quinta Galli, vecinas de Magdalena que tienen el privilegio de ser siempre atendidas por las autoridades para reclamar por seguridad, obras o lo que les haga su vida m\u00e1s c\u00f3moda y segura.<\/p>\n\n\n\n<p>Mientras que cualquier vecino de a pie, debe reclamar meses o a\u00f1os para que el municipio le de una respuesta si es que se la dan, quedando solo el reclamo en redes sociales, sin ser recibidos por ning\u00fan funcionario municipal, mucho menos Magdalena Sierra o el intendente, la gente VIP, de Quinta Galli pasaron de cenar y reuniones con Mar\u00eda Eugenia Vidal cuando era gobernadora a unos jugos y caf\u00e9 con Magdalena Sierra. <\/p>\n\n\n\n<p>Todo muy top, pero a la vez una muestra de que se caen las \u00abcaretas\u00bb, me consta de la opini\u00f3n que tienen de Ferraresi y Magdalena Sierra las se\u00f1oras que ahora se re\u00fanen a charlar como buenas vecinas, como me consta de que Magdalena Sierra repudiaba las reuniones pol\u00edticas de Vidal con las se\u00f1oras que ahora ella visita.<\/p>\n\n\n\n<p>Falsedades que se presentan entre necesitados, las se\u00f1oras de Quinta Galli quieren que sigan teniendo los privilegios que ning\u00fan grupo de vecinos tiene en Avellaneda, el barrio a pesar de que pueden pagar seguridad privada, tienen dos m\u00f3viles policiales que se pagan con los impuestos de todos y que solo recorren en barrio dando vueltas, las calles a diferencia de otros barrios est\u00e1n en buen estado y no hay baches, la limpieza es muy distinta, los invito a darse una vuelta y comprobar que en Avellaneda, hay un peque\u00f1o barrio muy distinto al resto, que se ha beneficiado con la pol\u00edtica. Por el lado de Magdalena Sierra necesita sumar todos los votos que pueda si quiere competir por la intendencia con chances, a\u00fan est\u00e1 lejos de ser una persona con capacidad para el cargo.<\/p>\n\n\n\n<figure class=\"wp-block-gallery columns-1 is-cropped wp-block-gallery-1 is-layout-flex wp-block-gallery-is-layout-flex\"><ul class=\"blocks-gallery-grid\"><li class=\"blocks-gallery-item\"><figure><a href=\"https:\/\/www.elsindical.com.ar\/notas\/var\/www\/html\/notas\/wp-content\/uploads\/2021\/04\/Magdalena-con-vecinas-de-Quinta-Galli-2.jpg\"><img loading=\"lazy\" decoding=\"async\" width=\"960\" height=\"640\" src=\"https:\/\/www.elsindical.com.ar\/notas\/var\/www\/html\/notas\/wp-content\/uploads\/2021\/04\/Magdalena-con-vecinas-de-Quinta-Galli-2.jpg\" alt=\"\" data-id=\"103957\" data-full-url=\"https:\/\/www.elsindical.com.ar\/notas\/var\/www\/html\/notas\/wp-content\/uploads\/2021\/04\/Magdalena-con-vecinas-de-Quinta-Galli-2.jpg\" data-link=\"https:\/\/www.elsindical.com.ar\/notas\/?attachment_id=103957#main\" class=\"wp-image-103957\" srcset=\"https:\/\/www.elsindical.com.ar\/notas\/var\/www\/html\/notas\/wp-content\/uploads\/2021\/04\/Magdalena-con-vecinas-de-Quinta-Galli-2.jpg 960w, https:\/\/www.elsindical.com.ar\/notas\/var\/www\/html\/notas\/wp-content\/uploads\/2021\/04\/Magdalena-con-vecinas-de-Quinta-Galli-2-300x200.jpg 300w, https:\/\/www.elsindical.com.ar\/notas\/var\/www\/html\/notas\/wp-content\/uploads\/2021\/04\/Magdalena-con-vecinas-de-Quinta-Galli-2-768x512.jpg 768w, https:\/\/www.elsindical.com.ar\/notas\/var\/www\/html\/notas\/wp-content\/uploads\/2021\/04\/Magdalena-con-vecinas-de-Quinta-Galli-2-450x300.jpg 450w\" sizes=\"auto, (max-width: 960px) 100vw, 960px\" \/><\/a><\/figure><\/li><li class=\"blocks-gallery-item\"><figure><a href=\"https:\/\/www.elsindical.com.ar\/notas\/var\/www\/html\/notas\/wp-content\/uploads\/2021\/04\/Magdalena-con-vecinas-de-Quinta-Galli-3.jpg\"><img loading=\"lazy\" decoding=\"async\" width=\"960\" height=\"634\" src=\"https:\/\/www.elsindical.com.ar\/notas\/var\/www\/html\/notas\/wp-content\/uploads\/2021\/04\/Magdalena-con-vecinas-de-Quinta-Galli-3.jpg\" alt=\"\" data-id=\"103958\" data-full-url=\"https:\/\/www.elsindical.com.ar\/notas\/var\/www\/html\/notas\/wp-content\/uploads\/2021\/04\/Magdalena-con-vecinas-de-Quinta-Galli-3.jpg\" data-link=\"https:\/\/www.elsindical.com.ar\/notas\/?attachment_id=103958#main\" class=\"wp-image-103958\" srcset=\"https:\/\/www.elsindical.com.ar\/notas\/var\/www\/html\/notas\/wp-content\/uploads\/2021\/04\/Magdalena-con-vecinas-de-Quinta-Galli-3.jpg 960w, https:\/\/www.elsindical.com.ar\/notas\/var\/www\/html\/notas\/wp-content\/uploads\/2021\/04\/Magdalena-con-vecinas-de-Quinta-Galli-3-300x198.jpg 300w, https:\/\/www.elsindical.com.ar\/notas\/var\/www\/html\/notas\/wp-content\/uploads\/2021\/04\/Magdalena-con-vecinas-de-Quinta-Galli-3-768x507.jpg 768w, https:\/\/www.elsindical.com.ar\/notas\/var\/www\/html\/notas\/wp-content\/uploads\/2021\/04\/Magdalena-con-vecinas-de-Quinta-Galli-3-454x300.jpg 454w\" sizes=\"auto, (max-width: 960px) 100vw, 960px\" \/><\/a><\/figure><\/li><\/ul><\/figure>\n\n\n\n<p>Por Marcelo Ricardo Hawrylciw<\/p>\n","protected":false},"excerpt":{"rendered":"<p>En plena campa\u00f1a pol\u00edtica, Magdalena Sierra se reuni\u00f3 con las se\u00f1oras del \u00abexclusivo barrio\u00bb Quinta Galli, vecinas de Magdalena que tienen el privilegio de ser siempre atendidas por las autoridades para reclamar por seguridad, obras o lo que les haga su vida m\u00e1s c\u00f3moda y segura. Mientras que cualquier vecino de a pie, debe reclamar&hellip;<\/p>\n","protected":false},"author":1,"featured_media":103956,"comment_status":"open","ping_status":"open","sticky":false,"template":"","format":"standard","meta":{"footnotes":""},"categories":[10,13],"tags":[461,6335,2450,16519,22025,16785,34526],"class_list":["post-103955","post","type-post","status-publish","format-standard","has-post-thumbnail","hentry","category-editorial","category-politica","tag-avellaneda","tag-beneficios","tag-diario-el-sindical","tag-magdalena-sierra","tag-politica","tag-quinta-galli","tag-vecinos-vip"],"_links":{"self":[{"href":"https:\/\/www.elsindical.com.ar\/notas\/wp-json\/wp\/v2\/posts\/103955","targetHints":{"allow":["GET"]}}],"collection":[{"href":"https:\/\/www.elsindical.com.ar\/notas\/wp-json\/wp\/v2\/posts"}],"about":[{"href":"https:\/\/www.elsindical.com.ar\/notas\/wp-json\/wp\/v2\/types\/post"}],"author":[{"embeddable":true,"href":"https:\/\/www.elsindical.com.ar\/notas\/wp-json\/wp\/v2\/users\/1"}],"replies":[{"embeddable":true,"href":"https:\/\/www.elsindical.com.ar\/notas\/wp-json\/wp\/v2\/comments?post=103955"}],"version-history":[{"count":1,"href":"https:\/\/www.elsindical.com.ar\/notas\/wp-json\/wp\/v2\/posts\/103955\/revisions"}],"predecessor-version":[{"id":103959,"href":"https:\/\/www.elsindical.com.ar\/notas\/wp-json\/wp\/v2\/posts\/103955\/revisions\/103959"}],"wp:featuredmedia":[{"embeddable":true,"href":"https:\/\/www.elsindical.com.ar\/notas\/wp-json\/wp\/v2\/media\/103956"}],"wp:attachment":[{"href":"https:\/\/www.elsindical.com.ar\/notas\/wp-json\/wp\/v2\/media?parent=103955"}],"wp:term":[{"taxonomy":"category","embeddable":true,"href":"https:\/\/www.elsindical.com.ar\/notas\/wp-json\/wp\/v2\/categories?post=103955"},{"taxonomy":"post_tag","embeddable":true,"href":"https:\/\/www.elsindical.com.ar\/notas\/wp-json\/wp\/v2\/tags?post=103955"}],"curies":[{"name":"wp","href":"https:\/\/api.w.org\/{rel}","templated":true}]}}