{"id":103949,"date":"2021-04-15T10:12:42","date_gmt":"2021-04-15T13:12:42","guid":{"rendered":"https:\/\/www.elsindical.com.ar\/notas\/?p=103949"},"modified":"2021-04-15T10:12:43","modified_gmt":"2021-04-15T13:12:43","slug":"el-presidente-dispuso-el-cierre-de-los-shoppings-por-15-dias","status":"publish","type":"post","link":"https:\/\/www.elsindical.com.ar\/notas\/el-presidente-dispuso-el-cierre-de-los-shoppings-por-15-dias\/","title":{"rendered":"El Presidente dispuso el cierre de los shoppings por 15 d\u00edas"},"content":{"rendered":"\n<div class=\"wp-block-image\"><figure class=\"aligncenter size-large is-resized\"><a href=\"https:\/\/www.elsindical.com.ar\/notas\/var\/www\/html\/notas\/wp-content\/uploads\/2014\/08\/Alto-Avellaneda-Shopping.jpg\"><img loading=\"lazy\" decoding=\"async\" src=\"https:\/\/www.elsindical.com.ar\/notas\/var\/www\/html\/notas\/wp-content\/uploads\/2014\/08\/Alto-Avellaneda-Shopping.jpg\" alt=\"\" class=\"wp-image-45066\" width=\"652\" height=\"390\" srcset=\"https:\/\/www.elsindical.com.ar\/notas\/var\/www\/html\/notas\/wp-content\/uploads\/2014\/08\/Alto-Avellaneda-Shopping.jpg 502w, https:\/\/www.elsindical.com.ar\/notas\/var\/www\/html\/notas\/wp-content\/uploads\/2014\/08\/Alto-Avellaneda-Shopping-300x179.jpg 300w, https:\/\/www.elsindical.com.ar\/notas\/var\/www\/html\/notas\/wp-content\/uploads\/2014\/08\/Alto-Avellaneda-Shopping-500x298.jpg 500w\" sizes=\"auto, (max-width: 652px) 100vw, 652px\" \/><\/a><\/figure><\/div>\n\n\n\n<p>El Presidente reconoci\u00f3 tensiones con su ministro de Educaci\u00f3n, Nicol\u00e1s Trotta, quien no favoreci\u00f3 la suspensi\u00f3n de clases presenciales.<\/p>\n\n\n\n<p>El presidente Alberto Fern\u00e1ndez anunci\u00f3 hoy que tom\u00f3 \u201cla decisi\u00f3n de cerrar tambi\u00e9n los shoppings\u201d hasta el 30 de abril en el marco de las medidas adoptadas recientemente por la suba de casos de Coronavirus.<\/p>\n\n\n\n<p>Adem\u00e1s, adelant\u00f3 que compensar\u00e1n con 15 mil pesos a beneficiaros de asignaciones sociales y a monotributistas de las categor\u00edas m\u00e1s bajas.<\/p>\n\n\n\n<p>Esta novedad se conoci\u00f3 hace instantes durante una entrevista concedida por el jefe de Estado y no integr\u00f3 el paquete de anuncios emitido en la noche del mi\u00e9rcoles que prev\u00e9, entre otras medidas a la prohibici\u00f3n de circular de 20 a 6 y a la suspensi\u00f3n de las clases presenciales durante 15 d\u00edas en el \u00c1rea Metropolitana de Buenos Aires.<br><br>En ese sentido, el Presidente reconoci\u00f3 tensiones con su ministro de Educaci\u00f3n, Nicol\u00e1s Trotta, quien no favoreci\u00f3 la suspensi\u00f3n de clases presenciales.<\/p>\n\n\n\n<p>\u201cTuve discusiones dentro de mi equipo, porque el ministro de Educaci\u00f3n cre\u00eda que hab\u00eda que insistir m\u00e1s con las clases presenciales; pero las clases presenciales no son solo eso: hay que ir a un colegio primario, estar en el horario de salida, ver c\u00f3mo las madres se agolpan frente a la puerta y el contagio puede hacerse m\u00e1s f\u00e1cil, ver c\u00f3mo los chicos juegan entre s\u00ed cambi\u00e1ndose los barbijos\u2026 y en todo este tiempo he escuchado a todos\u201d, coment\u00f3.<\/p>\n\n\n\n<p>Durante la entrevista, Fern\u00e1ndez indic\u00f3 que la Polic\u00eda de la Ciudad no actuaba en las calles para hacer cumplir las restricciones nocturnas anunciadas el viernes de la semana pasada: \u201cDecid\u00ed que esto se cumpla con las fuerzas federales, todo el mundo tiene mi n\u00famero de celular y el fin de semana no fueron pocos los vecinos que me mandaban fotos de Palermo con todos los bares abiertos\u201d.<\/p>\n","protected":false},"excerpt":{"rendered":"<p>El Presidente reconoci\u00f3 tensiones con su ministro de Educaci\u00f3n, Nicol\u00e1s Trotta, quien no favoreci\u00f3 la suspensi\u00f3n de clases presenciales. El presidente Alberto Fern\u00e1ndez anunci\u00f3 hoy que tom\u00f3 \u201cla decisi\u00f3n de cerrar tambi\u00e9n los shoppings\u201d hasta el 30 de abril en el marco de las medidas adoptadas recientemente por la suba de casos de Coronavirus. Adem\u00e1s,&hellip;<\/p>\n","protected":false},"author":1,"featured_media":45066,"comment_status":"open","ping_status":"open","sticky":false,"template":"","format":"standard","meta":{"footnotes":""},"categories":[13],"tags":[32627,2450,32008,34023,31158],"class_list":["post-103949","post","type-post","status-publish","format-standard","has-post-thumbnail","hentry","category-politica","tag-covid-19","tag-diario-el-sindical","tag-nicolas-trotta","tag-presidente-alberto-fernandez","tag-shoppings"],"_links":{"self":[{"href":"https:\/\/www.elsindical.com.ar\/notas\/wp-json\/wp\/v2\/posts\/103949","targetHints":{"allow":["GET"]}}],"collection":[{"href":"https:\/\/www.elsindical.com.ar\/notas\/wp-json\/wp\/v2\/posts"}],"about":[{"href":"https:\/\/www.elsindical.com.ar\/notas\/wp-json\/wp\/v2\/types\/post"}],"author":[{"embeddable":true,"href":"https:\/\/www.elsindical.com.ar\/notas\/wp-json\/wp\/v2\/users\/1"}],"replies":[{"embeddable":true,"href":"https:\/\/www.elsindical.com.ar\/notas\/wp-json\/wp\/v2\/comments?post=103949"}],"version-history":[{"count":1,"href":"https:\/\/www.elsindical.com.ar\/notas\/wp-json\/wp\/v2\/posts\/103949\/revisions"}],"predecessor-version":[{"id":103950,"href":"https:\/\/www.elsindical.com.ar\/notas\/wp-json\/wp\/v2\/posts\/103949\/revisions\/103950"}],"wp:featuredmedia":[{"embeddable":true,"href":"https:\/\/www.elsindical.com.ar\/notas\/wp-json\/wp\/v2\/media\/45066"}],"wp:attachment":[{"href":"https:\/\/www.elsindical.com.ar\/notas\/wp-json\/wp\/v2\/media?parent=103949"}],"wp:term":[{"taxonomy":"category","embeddable":true,"href":"https:\/\/www.elsindical.com.ar\/notas\/wp-json\/wp\/v2\/categories?post=103949"},{"taxonomy":"post_tag","embeddable":true,"href":"https:\/\/www.elsindical.com.ar\/notas\/wp-json\/wp\/v2\/tags?post=103949"}],"curies":[{"name":"wp","href":"https:\/\/api.w.org\/{rel}","templated":true}]}}