{"id":103835,"date":"2021-04-10T09:08:10","date_gmt":"2021-04-10T12:08:10","guid":{"rendered":"https:\/\/www.elsindical.com.ar\/notas\/?p=103835"},"modified":"2021-04-10T09:08:11","modified_gmt":"2021-04-10T12:08:11","slug":"avellaneda-duenos-de-salones-se-manifestaron-frente-a-la-municipalidad","status":"publish","type":"post","link":"https:\/\/www.elsindical.com.ar\/notas\/avellaneda-duenos-de-salones-se-manifestaron-frente-a-la-municipalidad\/","title":{"rendered":"Avellaneda: Due\u00f1os de salones se manifestaron frente a la Municipalidad"},"content":{"rendered":"\n<figure class=\"wp-block-image size-large\"><a href=\"https:\/\/www.elsindical.com.ar\/notas\/var\/www\/html\/notas\/wp-content\/uploads\/2021\/04\/protesta-duenos-de-salones-en-Avellaneda.jpeg\"><img loading=\"lazy\" decoding=\"async\" width=\"1024\" height=\"576\" src=\"https:\/\/www.elsindical.com.ar\/notas\/var\/www\/html\/notas\/wp-content\/uploads\/2021\/04\/protesta-duenos-de-salones-en-Avellaneda-1024x576.jpeg\" alt=\"\" class=\"wp-image-103836\" srcset=\"https:\/\/www.elsindical.com.ar\/notas\/var\/www\/html\/notas\/wp-content\/uploads\/2021\/04\/protesta-duenos-de-salones-en-Avellaneda-1024x576.jpeg 1024w, https:\/\/www.elsindical.com.ar\/notas\/var\/www\/html\/notas\/wp-content\/uploads\/2021\/04\/protesta-duenos-de-salones-en-Avellaneda-300x169.jpeg 300w, https:\/\/www.elsindical.com.ar\/notas\/var\/www\/html\/notas\/wp-content\/uploads\/2021\/04\/protesta-duenos-de-salones-en-Avellaneda-768x432.jpeg 768w, https:\/\/www.elsindical.com.ar\/notas\/var\/www\/html\/notas\/wp-content\/uploads\/2021\/04\/protesta-duenos-de-salones-en-Avellaneda-500x281.jpeg 500w, https:\/\/www.elsindical.com.ar\/notas\/var\/www\/html\/notas\/wp-content\/uploads\/2021\/04\/protesta-duenos-de-salones-en-Avellaneda-460x260.jpeg 460w, https:\/\/www.elsindical.com.ar\/notas\/var\/www\/html\/notas\/wp-content\/uploads\/2021\/04\/protesta-duenos-de-salones-en-Avellaneda.jpeg 1200w\" sizes=\"auto, (max-width: 1024px) 100vw, 1024px\" \/><\/a><\/figure>\n\n\n\n<p>Piden que los dejen reabrir con aforo de 30% como bares y restaurantes.<\/p>\n\n\n\n<p>Como parte de las nuevas restricciones para tratar de frenar los contagios de coronavirus, el Gobierno nacional dispuso que los salones de fiestas deber\u00e1n cerrar hasta el 30 de abril. Por este motivo, due\u00f1os de este tipo de establecimientos se movilizaron este viernes en Avellaneda para pedir que los dejen reabrir al 30 por ciento de su capacidad como se determin\u00f3 para bares y restaurantes.<\/p>\n\n\n\n<p>La due\u00f1a de \u201cClaps Eventos\u201d, Liliana Buchet, manifest\u00f3 que el a\u00f1o pasado \u201ccerraron el 60 por ciento de los salones de fiestas de Avellaneda\u201d. \u201c<strong>Es muy triste. F\u00e1cil m\u00e1s de quince cerraron sus puertas<\/strong>\u201c, asegur\u00f3 y alert\u00f3 que cuando se enteraron de las nuevas restricciones otros salones revelaron que tambi\u00e9n cerrar\u00edan.<\/p>\n\n\n\n<p>En este marco, este viernes junto a otros due\u00f1os y due\u00f1as de salones del distrito, decidieron acercarse a la Municipalidad para pedir alg\u00fan tipo de soluci\u00f3n para poder seguir con la actividad, al menos al 30 por ciento de capacidad como es el caso de los bares, restaurantes, cines y teatros.<\/p>\n\n\n\n<p>\u201c<strong>En diciembre reci\u00e9n pudimos retomar el trabajo y en enero y febrero no hay casi fiestas<\/strong>\u201c, se\u00f1al\u00f3 e indic\u00f3 que con lo recaudaron en marzo s\u00f3lo les alcanza para pagar deudas. \u201cBares, cines y gastron\u00f3micos pueden trabajar \u00bfC\u00f3mo les permiten a ellos y a nosotros que durante todo el a\u00f1o no trabajamos no? Es muy injusto\u201d, cuestion\u00f3 Buchet.<\/p>\n\n\n\n<p>\u201cSi nos dejan por lo menos un aforo al 30 por ciento algo vamos a poder trabajar. Una cada tanto es algo antes que nada\u201d, sentenci\u00f3. Por el momento, tuvieron una reuni\u00f3n con el intendente, Alejo Chornobroff, y est\u00e1n esperando una respuesta a su pedido.<\/p>\n","protected":false},"excerpt":{"rendered":"<p>Piden que los dejen reabrir con aforo de 30% como bares y restaurantes. Como parte de las nuevas restricciones para tratar de frenar los contagios de coronavirus, el Gobierno nacional dispuso que los salones de fiestas deber\u00e1n cerrar hasta el 30 de abril. Por este motivo, due\u00f1os de este tipo de establecimientos se movilizaron este&hellip;<\/p>\n","protected":false},"author":1,"featured_media":103836,"comment_status":"open","ping_status":"open","sticky":false,"template":"","format":"standard","meta":{"footnotes":""},"categories":[25],"tags":[461,2450,34501,17388,32620,292,17073],"class_list":["post-103835","post","type-post","status-publish","format-standard","has-post-thumbnail","hentry","category-sociedad","tag-avellaneda","tag-diario-el-sindical","tag-duenos-de-salones-de-fiesta","tag-municipalidad-de-avellaneda","tag-pandemia","tag-protesta","tag-restricciones"],"_links":{"self":[{"href":"https:\/\/www.elsindical.com.ar\/notas\/wp-json\/wp\/v2\/posts\/103835","targetHints":{"allow":["GET"]}}],"collection":[{"href":"https:\/\/www.elsindical.com.ar\/notas\/wp-json\/wp\/v2\/posts"}],"about":[{"href":"https:\/\/www.elsindical.com.ar\/notas\/wp-json\/wp\/v2\/types\/post"}],"author":[{"embeddable":true,"href":"https:\/\/www.elsindical.com.ar\/notas\/wp-json\/wp\/v2\/users\/1"}],"replies":[{"embeddable":true,"href":"https:\/\/www.elsindical.com.ar\/notas\/wp-json\/wp\/v2\/comments?post=103835"}],"version-history":[{"count":1,"href":"https:\/\/www.elsindical.com.ar\/notas\/wp-json\/wp\/v2\/posts\/103835\/revisions"}],"predecessor-version":[{"id":103837,"href":"https:\/\/www.elsindical.com.ar\/notas\/wp-json\/wp\/v2\/posts\/103835\/revisions\/103837"}],"wp:featuredmedia":[{"embeddable":true,"href":"https:\/\/www.elsindical.com.ar\/notas\/wp-json\/wp\/v2\/media\/103836"}],"wp:attachment":[{"href":"https:\/\/www.elsindical.com.ar\/notas\/wp-json\/wp\/v2\/media?parent=103835"}],"wp:term":[{"taxonomy":"category","embeddable":true,"href":"https:\/\/www.elsindical.com.ar\/notas\/wp-json\/wp\/v2\/categories?post=103835"},{"taxonomy":"post_tag","embeddable":true,"href":"https:\/\/www.elsindical.com.ar\/notas\/wp-json\/wp\/v2\/tags?post=103835"}],"curies":[{"name":"wp","href":"https:\/\/api.w.org\/{rel}","templated":true}]}}