{"id":103815,"date":"2021-04-09T08:14:14","date_gmt":"2021-04-09T11:14:14","guid":{"rendered":"https:\/\/www.elsindical.com.ar\/notas\/?p=103815"},"modified":"2021-04-09T08:14:15","modified_gmt":"2021-04-09T11:14:15","slug":"coronavirus-en-argentina-reportan-23-683-contagios-en-24-hs-tercer-dia-en-fila-con-record-de-casos","status":"publish","type":"post","link":"https:\/\/www.elsindical.com.ar\/notas\/coronavirus-en-argentina-reportan-23-683-contagios-en-24-hs-tercer-dia-en-fila-con-record-de-casos\/","title":{"rendered":"Coronavirus en Argentina: reportan 23.683 contagios en 24 hs., tercer d\u00eda en fila con r\u00e9cord de casos"},"content":{"rendered":"\n<figure class=\"wp-block-image size-large\"><a href=\"https:\/\/www.elsindical.com.ar\/notas\/var\/www\/html\/notas\/wp-content\/uploads\/2021\/01\/Covid-Arg.jpg\"><img loading=\"lazy\" decoding=\"async\" width=\"1024\" height=\"785\" src=\"https:\/\/www.elsindical.com.ar\/notas\/var\/www\/html\/notas\/wp-content\/uploads\/2021\/01\/Covid-Arg-1024x785.jpg\" alt=\"\" class=\"wp-image-101846\" srcset=\"https:\/\/www.elsindical.com.ar\/notas\/var\/www\/html\/notas\/wp-content\/uploads\/2021\/01\/Covid-Arg-1024x785.jpg 1024w, https:\/\/www.elsindical.com.ar\/notas\/var\/www\/html\/notas\/wp-content\/uploads\/2021\/01\/Covid-Arg-300x230.jpg 300w, https:\/\/www.elsindical.com.ar\/notas\/var\/www\/html\/notas\/wp-content\/uploads\/2021\/01\/Covid-Arg-768x589.jpg 768w, https:\/\/www.elsindical.com.ar\/notas\/var\/www\/html\/notas\/wp-content\/uploads\/2021\/01\/Covid-Arg-391x300.jpg 391w, https:\/\/www.elsindical.com.ar\/notas\/var\/www\/html\/notas\/wp-content\/uploads\/2021\/01\/Covid-Arg.jpg 1170w\" sizes=\"auto, (max-width: 1024px) 100vw, 1024px\" \/><\/a><\/figure>\n\n\n\n<p class=\"wp-block-paragraph\">El Ministerio de Salud tambi\u00e9n inform\u00f3 290 nuevas muertes. Con los nuevos n\u00fameros, suman 57.122 fallecidos y 2.473.751 contagiados desde el inicio de la pandemia.<\/p>\n\n\n\n<p class=\"wp-block-paragraph\">Un<strong> total de 23.683 contagios por coronavirus<\/strong> se registr\u00f3 en las \u00faltimas 24 horas en el pa\u00eds, lo que gener\u00f3 una vez m\u00e1s un <strong>nuevo r\u00e9cord en la cifra diaria de casos<\/strong>, al tiempo que se <strong>reportaron 290 muertes,<\/strong> seg\u00fan inform\u00f3 el Ministerio de Salud de la Naci\u00f3n.<\/p>\n\n\n\n<p class=\"wp-block-paragraph\">Con estas nuevas cifras, hasta el momento y desde el inicio del brote suman <strong>2.473.751 las personas contagiadas y 57.122 las v\u00edctimas fatales.<\/strong><\/p>\n\n\n\n<p class=\"wp-block-paragraph\">De acuerdo al reporte de este jueves, del total de casos, <strong>2.188.983 son pacientes recuperados y 227.646 permanec\u00edan activos.<\/strong><\/p>\n\n\n\n<p class=\"wp-block-paragraph\">En las \u00faltimas 24 horas <strong>se realizaron 94.991 testeos<\/strong> y desde el inicio del brote ya suman 9.361.097 las pruebas diagn\u00f3sticas para esta enfermedad.<\/p>\n","protected":false},"excerpt":{"rendered":"<p>El Ministerio de Salud tambi\u00e9n inform\u00f3 290 nuevas muertes. Con los nuevos n\u00fameros, suman 57.122 fallecidos y 2.473.751 contagiados desde el inicio de la pandemia. Un total de 23.683 contagios por coronavirus se registr\u00f3 en las \u00faltimas 24 horas en el pa\u00eds, lo que gener\u00f3 una vez m\u00e1s un nuevo r\u00e9cord en la cifra diaria&hellip;<\/p>\n","protected":false},"author":1,"featured_media":101846,"comment_status":"open","ping_status":"open","sticky":false,"template":"","format":"standard","meta":{"footnotes":""},"categories":[23],"tags":[34494,19938,32346,32627,134,22031],"class_list":["post-103815","post","type-post","status-publish","format-standard","has-post-thumbnail","hentry","category-salud","tag-argemtina","tag-contagios","tag-coronavirus","tag-covid-19","tag-muertes","tag-salud"],"_links":{"self":[{"href":"https:\/\/www.elsindical.com.ar\/notas\/wp-json\/wp\/v2\/posts\/103815","targetHints":{"allow":["GET"]}}],"collection":[{"href":"https:\/\/www.elsindical.com.ar\/notas\/wp-json\/wp\/v2\/posts"}],"about":[{"href":"https:\/\/www.elsindical.com.ar\/notas\/wp-json\/wp\/v2\/types\/post"}],"author":[{"embeddable":true,"href":"https:\/\/www.elsindical.com.ar\/notas\/wp-json\/wp\/v2\/users\/1"}],"replies":[{"embeddable":true,"href":"https:\/\/www.elsindical.com.ar\/notas\/wp-json\/wp\/v2\/comments?post=103815"}],"version-history":[{"count":1,"href":"https:\/\/www.elsindical.com.ar\/notas\/wp-json\/wp\/v2\/posts\/103815\/revisions"}],"predecessor-version":[{"id":103816,"href":"https:\/\/www.elsindical.com.ar\/notas\/wp-json\/wp\/v2\/posts\/103815\/revisions\/103816"}],"wp:featuredmedia":[{"embeddable":true,"href":"https:\/\/www.elsindical.com.ar\/notas\/wp-json\/wp\/v2\/media\/101846"}],"wp:attachment":[{"href":"https:\/\/www.elsindical.com.ar\/notas\/wp-json\/wp\/v2\/media?parent=103815"}],"wp:term":[{"taxonomy":"category","embeddable":true,"href":"https:\/\/www.elsindical.com.ar\/notas\/wp-json\/wp\/v2\/categories?post=103815"},{"taxonomy":"post_tag","embeddable":true,"href":"https:\/\/www.elsindical.com.ar\/notas\/wp-json\/wp\/v2\/tags?post=103815"}],"curies":[{"name":"wp","href":"https:\/\/api.w.org\/{rel}","templated":true}]}}