{"id":103759,"date":"2021-04-07T08:31:45","date_gmt":"2021-04-07T11:31:45","guid":{"rendered":"https:\/\/www.elsindical.com.ar\/notas\/?p=103759"},"modified":"2021-04-07T08:31:46","modified_gmt":"2021-04-07T11:31:46","slug":"luis-armella-duramente-criticado-por-un-corte-en-el-puente-pueyrredon","status":"publish","type":"post","link":"https:\/\/www.elsindical.com.ar\/notas\/luis-armella-duramente-criticado-por-un-corte-en-el-puente-pueyrredon\/","title":{"rendered":"Luis Armella duramente criticado por un corte en el Puente Pueyrred\u00f3n"},"content":{"rendered":"\n<figure class=\"wp-block-image size-large\"><a href=\"https:\/\/www.elsindical.com.ar\/notas\/var\/www\/html\/notas\/wp-content\/uploads\/2021\/04\/Juez-federal-Luis-Armella.jpg\"><img loading=\"lazy\" decoding=\"async\" width=\"750\" height=\"433\" src=\"https:\/\/www.elsindical.com.ar\/notas\/var\/www\/html\/notas\/wp-content\/uploads\/2021\/04\/Juez-federal-Luis-Armella.jpg\" alt=\"\" class=\"wp-image-103760\" srcset=\"https:\/\/www.elsindical.com.ar\/notas\/var\/www\/html\/notas\/wp-content\/uploads\/2021\/04\/Juez-federal-Luis-Armella.jpg 750w, https:\/\/www.elsindical.com.ar\/notas\/var\/www\/html\/notas\/wp-content\/uploads\/2021\/04\/Juez-federal-Luis-Armella-300x173.jpg 300w, https:\/\/www.elsindical.com.ar\/notas\/var\/www\/html\/notas\/wp-content\/uploads\/2021\/04\/Juez-federal-Luis-Armella-500x289.jpg 500w, https:\/\/www.elsindical.com.ar\/notas\/var\/www\/html\/notas\/wp-content\/uploads\/2021\/04\/Juez-federal-Luis-Armella-220x126.jpg 220w\" sizes=\"auto, (max-width: 750px) 100vw, 750px\" \/><\/a><\/figure>\n\n\n\n<p class=\"wp-block-paragraph\">       Los medios naciones criticaron con dureza especialmente el programa que dirige el periodista Laje por la inacci\u00f3n del Juez federal de Quilmes Luis Armella en el desalojo del Puente Pueyrred\u00f3n que desde el d\u00eda martes por la tarde se encuentra cortado por unas 50 personas que impiden la circulaci\u00f3n de veh\u00edculos y la comunicaci\u00f3n entre Avellaneda y CABA.<\/p>\n\n\n\n<p class=\"wp-block-paragraph\">Largas colas y caos de tr\u00e1nsito perjudican a miles de ciudadanos que concurren a trabajar por un grupo de delincuentes identificados como Agrupaci\u00f3n Tupac Amar\u00fa que son de Monte Grande pero protestan bastante alejados de su zona, tal vez a sabiendas de que el Juez Armella no tomar\u00e1 las medidas que corresponden.<\/p>\n\n\n\n<p class=\"wp-block-paragraph\">La orden de liberar el puente es la \u00fanica correcta y ajustada a derecho en protecci\u00f3n de la totalidad de los ciudadanos que son mucho m\u00e1s los perjudicados que 50 personas que no trabajan, que viven de la extorsi\u00f3n con estas movilizaciones perjudicando a los que s\u00ed trabajan.<\/p>\n\n\n\n<p class=\"wp-block-paragraph\">En una muestra de impunidad total se pod\u00eda ver por los canales de TV como los piqueteros hac\u00edan bajar a los motociclistas de sus motos para tener que cruzar a pie, lo mismo con los ciclistas, en cambio a los autos los hac\u00edan girar en U impidiendo su paso.<\/p>\n\n\n\n<figure class=\"wp-block-image size-large\"><a href=\"https:\/\/www.elsindical.com.ar\/notas\/var\/www\/html\/notas\/wp-content\/uploads\/2021\/04\/Corte-Puente-Pueyrredon-abril-2021.jpg\"><img loading=\"lazy\" decoding=\"async\" width=\"960\" height=\"720\" src=\"https:\/\/www.elsindical.com.ar\/notas\/var\/www\/html\/notas\/wp-content\/uploads\/2021\/04\/Corte-Puente-Pueyrredon-abril-2021.jpg\" alt=\"\" class=\"wp-image-103761\" srcset=\"https:\/\/www.elsindical.com.ar\/notas\/var\/www\/html\/notas\/wp-content\/uploads\/2021\/04\/Corte-Puente-Pueyrredon-abril-2021.jpg 960w, https:\/\/www.elsindical.com.ar\/notas\/var\/www\/html\/notas\/wp-content\/uploads\/2021\/04\/Corte-Puente-Pueyrredon-abril-2021-300x225.jpg 300w, https:\/\/www.elsindical.com.ar\/notas\/var\/www\/html\/notas\/wp-content\/uploads\/2021\/04\/Corte-Puente-Pueyrredon-abril-2021-768x576.jpg 768w, https:\/\/www.elsindical.com.ar\/notas\/var\/www\/html\/notas\/wp-content\/uploads\/2021\/04\/Corte-Puente-Pueyrredon-abril-2021-400x300.jpg 400w\" sizes=\"auto, (max-width: 960px) 100vw, 960px\" \/><\/a><\/figure>\n","protected":false},"excerpt":{"rendered":"<p>Los medios naciones criticaron con dureza especialmente el programa que dirige el periodista Laje por la inacci\u00f3n del Juez federal de Quilmes Luis Armella en el desalojo del Puente Pueyrred\u00f3n que desde el d\u00eda martes por la tarde se encuentra cortado por unas 50 personas que impiden la circulaci\u00f3n de veh\u00edculos y la comunicaci\u00f3n entre&hellip;<\/p>\n","protected":false},"author":1,"featured_media":103760,"comment_status":"open","ping_status":"open","sticky":false,"template":"","format":"standard","meta":{"footnotes":""},"categories":[6],"tags":[461,4284,2240,66,199,2450,6187,26973,601,684,13312],"class_list":["post-103759","post","type-post","status-publish","format-standard","has-post-thumbnail","hentry","category-denuncias","tag-avellaneda","tag-caba","tag-ciudadanos","tag-corte","tag-desalojo","tag-diario-el-sindical","tag-juez-federal-luis-armella","tag-perjuicio","tag-puente-pueyrredon","tag-quilmes","tag-tupac-amaru"],"_links":{"self":[{"href":"https:\/\/www.elsindical.com.ar\/notas\/wp-json\/wp\/v2\/posts\/103759","targetHints":{"allow":["GET"]}}],"collection":[{"href":"https:\/\/www.elsindical.com.ar\/notas\/wp-json\/wp\/v2\/posts"}],"about":[{"href":"https:\/\/www.elsindical.com.ar\/notas\/wp-json\/wp\/v2\/types\/post"}],"author":[{"embeddable":true,"href":"https:\/\/www.elsindical.com.ar\/notas\/wp-json\/wp\/v2\/users\/1"}],"replies":[{"embeddable":true,"href":"https:\/\/www.elsindical.com.ar\/notas\/wp-json\/wp\/v2\/comments?post=103759"}],"version-history":[{"count":1,"href":"https:\/\/www.elsindical.com.ar\/notas\/wp-json\/wp\/v2\/posts\/103759\/revisions"}],"predecessor-version":[{"id":103762,"href":"https:\/\/www.elsindical.com.ar\/notas\/wp-json\/wp\/v2\/posts\/103759\/revisions\/103762"}],"wp:featuredmedia":[{"embeddable":true,"href":"https:\/\/www.elsindical.com.ar\/notas\/wp-json\/wp\/v2\/media\/103760"}],"wp:attachment":[{"href":"https:\/\/www.elsindical.com.ar\/notas\/wp-json\/wp\/v2\/media?parent=103759"}],"wp:term":[{"taxonomy":"category","embeddable":true,"href":"https:\/\/www.elsindical.com.ar\/notas\/wp-json\/wp\/v2\/categories?post=103759"},{"taxonomy":"post_tag","embeddable":true,"href":"https:\/\/www.elsindical.com.ar\/notas\/wp-json\/wp\/v2\/tags?post=103759"}],"curies":[{"name":"wp","href":"https:\/\/api.w.org\/{rel}","templated":true}]}}