{"id":103731,"date":"2021-04-05T14:40:09","date_gmt":"2021-04-05T17:40:09","guid":{"rendered":"https:\/\/www.elsindical.com.ar\/notas\/?p=103731"},"modified":"2021-04-05T14:48:28","modified_gmt":"2021-04-05T17:48:28","slug":"avellaneda-siguen-los-robos-violentos-de-los-motochorros-inseguridad-total","status":"publish","type":"post","link":"https:\/\/www.elsindical.com.ar\/notas\/avellaneda-siguen-los-robos-violentos-de-los-motochorros-inseguridad-total\/","title":{"rendered":"Avellaneda: Siguen los robos violentos de los motochorros, inseguridad total"},"content":{"rendered":"\n<figure class=\"wp-block-image size-large\"><a href=\"https:\/\/www.elsindical.com.ar\/notas\/var\/www\/html\/notas\/wp-content\/uploads\/2021\/04\/motochorros-en-Avellaneda-3.jpg\"><img loading=\"lazy\" decoding=\"async\" width=\"1024\" height=\"752\" src=\"https:\/\/www.elsindical.com.ar\/notas\/var\/www\/html\/notas\/wp-content\/uploads\/2021\/04\/motochorros-en-Avellaneda-3-1024x752.jpg\" alt=\"\" class=\"wp-image-103732\" srcset=\"https:\/\/www.elsindical.com.ar\/notas\/var\/www\/html\/notas\/wp-content\/uploads\/2021\/04\/motochorros-en-Avellaneda-3-1024x752.jpg 1024w, https:\/\/www.elsindical.com.ar\/notas\/var\/www\/html\/notas\/wp-content\/uploads\/2021\/04\/motochorros-en-Avellaneda-3-300x220.jpg 300w, https:\/\/www.elsindical.com.ar\/notas\/var\/www\/html\/notas\/wp-content\/uploads\/2021\/04\/motochorros-en-Avellaneda-3-768x564.jpg 768w, https:\/\/www.elsindical.com.ar\/notas\/var\/www\/html\/notas\/wp-content\/uploads\/2021\/04\/motochorros-en-Avellaneda-3-409x300.jpg 409w, https:\/\/www.elsindical.com.ar\/notas\/var\/www\/html\/notas\/wp-content\/uploads\/2021\/04\/motochorros-en-Avellaneda-3.jpg 1106w\" sizes=\"auto, (max-width: 1024px) 100vw, 1024px\" \/><\/a><\/figure>\n\n\n\n<p>       Y otro robo m\u00e1s y van de motochorros que se adue\u00f1aron de las calles de Avellaneda, todos los d\u00edas se conocen nuevos ataques, pero lo ins\u00f3lito es que en Gerli, los robos sean a diario, en la misma zona y siempre buscan celulares, a pesar de las denuncias que no paran el jefe de la comisar\u00eda 6ta el Comisario Juan Pablo Barberis, el jefe del Comando de Patrullas de Avellaneda Subcomisario Javier David Bibiano y el jefe de estaci\u00f3n y responsable de la polic\u00eda en el municipio Comisario Mayor Gregorio Mart\u00ednez, siguen paveando.<\/p>\n\n\n\n<p>Se ha denunciado en Asuntos Internos y en la justicia local la inacci\u00f3n o connivencia policial con los delitos que son reiterados y que se cometen a la vista de todos, pero parecer\u00eda que no es una prioridad la seguridad, los bienes, la integridad f\u00edsica y la vida de los ciudadanos.<\/p>\n\n\n\n<p>El otro gran responsable es el impresentable intendente de Avellaneda Alejo Chornobroff tambi\u00e9n denunciado por incumplimiento de sus funciones y obligaciones, en el video donde se cometi\u00f3 el nuevo delito, se puede apreciar la intersecci\u00f3n de las calles Nazar y Tapalqu\u00e9, en el lugar hace a\u00f1os hay una c\u00e1mara municipal de adorno porque nunca se previno nada, bajo ese domo asesinaron a un vecino motochorros en un robo, volaron un auto en un atentado a un periodista, han robado propiedades con y sin gente en su interior, robaron autos, motos y celulares a vecinos que iban a trabajar o hac\u00edan compras. A la fecha nadie sabe si esa c\u00e1mara de seguridad funciona y nada cambia. Los golpes que recibi\u00f3 el adolescente podr\u00edan tener consecuencias para su salud.<\/p>\n\n\n\n<p>\u00bfTendr\u00e1 que morir otro vecinos?, desde este medio hacemos responsables hoy 5 de abril, al Ministro de Seguridad de la provincia de Buenos Aires por no controlar a los jefes policiales que son ineficientes o corruptos, al Procurador General de la Provincia de Buenos Aires Julio Conte Grand, por el mal desempe\u00f1o de los fiscales a su cargo que no investigan las denuncias que involucran a pol\u00edticos y que hacen un abuso de la aplicaci\u00f3n del Art.161 C.P.P, al intendente Alejo Chornobroff por incumplimiento en los deberes de funcionario p\u00fablico, por ser el municipio el que eligi\u00f3 al jefe de estaci\u00f3n policial y a los Comisarios de Avellaneda, por ser el responsable del Centro de Monitoreo Municipal, pero especialmente por sostener durante tantos a\u00f1os y con tantos muertos por la inseguridad a dos funcionarios que no funcionan, M\u00f3nica Ghirelli y Marcelo Rey.<\/p>\n\n\n\n<figure class=\"wp-block-embed is-type-video is-provider-youtube wp-block-embed-youtube wp-embed-aspect-16-9 wp-has-aspect-ratio\"><div class=\"wp-block-embed__wrapper\">\n<iframe loading=\"lazy\" title=\"Motochorros violentos en Avellaneda\" width=\"700\" height=\"394\" src=\"https:\/\/www.youtube.com\/embed\/1nIFSfGrKAY?feature=oembed\" frameborder=\"0\" allow=\"accelerometer; autoplay; clipboard-write; encrypted-media; gyroscope; picture-in-picture\" allowfullscreen><\/iframe>\n<\/div><\/figure>\n","protected":false},"excerpt":{"rendered":"<p>Y otro robo m\u00e1s y van de motochorros que se adue\u00f1aron de las calles de Avellaneda, todos los d\u00edas se conocen nuevos ataques, pero lo ins\u00f3lito es que en Gerli, los robos sean a diario, en la misma zona y siempre buscan celulares, a pesar de las denuncias que no paran el jefe de la&hellip;<\/p>\n","protected":false},"author":1,"featured_media":103732,"comment_status":"open","ping_status":"open","sticky":false,"template":"","format":"standard","meta":{"footnotes":""},"categories":[6,22],"tags":[30014,1476,34196,34470,2450,1662,21958,18216,308,30,1174,11727,34261],"class_list":["post-103731","post","type-post","status-publish","format-standard","has-post-thumbnail","hentry","category-denuncias","category-policiales","tag-alejo-chornobroff","tag-asuntos-internos","tag-comisario-juan-pablo-barberis","tag-comisario-mayor-gregorio-martinez","tag-diario-el-sindical","tag-gerli","tag-marcelo-rey","tag-monica-ghirelli","tag-motochorros","tag-policia","tag-robos","tag-sergio-berni","tag-subcomisario-javier-angel-david-bibiano"],"_links":{"self":[{"href":"https:\/\/www.elsindical.com.ar\/notas\/wp-json\/wp\/v2\/posts\/103731","targetHints":{"allow":["GET"]}}],"collection":[{"href":"https:\/\/www.elsindical.com.ar\/notas\/wp-json\/wp\/v2\/posts"}],"about":[{"href":"https:\/\/www.elsindical.com.ar\/notas\/wp-json\/wp\/v2\/types\/post"}],"author":[{"embeddable":true,"href":"https:\/\/www.elsindical.com.ar\/notas\/wp-json\/wp\/v2\/users\/1"}],"replies":[{"embeddable":true,"href":"https:\/\/www.elsindical.com.ar\/notas\/wp-json\/wp\/v2\/comments?post=103731"}],"version-history":[{"count":2,"href":"https:\/\/www.elsindical.com.ar\/notas\/wp-json\/wp\/v2\/posts\/103731\/revisions"}],"predecessor-version":[{"id":103734,"href":"https:\/\/www.elsindical.com.ar\/notas\/wp-json\/wp\/v2\/posts\/103731\/revisions\/103734"}],"wp:featuredmedia":[{"embeddable":true,"href":"https:\/\/www.elsindical.com.ar\/notas\/wp-json\/wp\/v2\/media\/103732"}],"wp:attachment":[{"href":"https:\/\/www.elsindical.com.ar\/notas\/wp-json\/wp\/v2\/media?parent=103731"}],"wp:term":[{"taxonomy":"category","embeddable":true,"href":"https:\/\/www.elsindical.com.ar\/notas\/wp-json\/wp\/v2\/categories?post=103731"},{"taxonomy":"post_tag","embeddable":true,"href":"https:\/\/www.elsindical.com.ar\/notas\/wp-json\/wp\/v2\/tags?post=103731"}],"curies":[{"name":"wp","href":"https:\/\/api.w.org\/{rel}","templated":true}]}}