{"id":103594,"date":"2021-03-31T17:08:07","date_gmt":"2021-03-31T20:08:07","guid":{"rendered":"https:\/\/www.elsindical.com.ar\/notas\/?p=103594"},"modified":"2021-03-31T17:13:31","modified_gmt":"2021-03-31T20:13:31","slug":"lanus-motochorros-asaltan-a-vecina-que-regresaba-de-comprar-en-el-barrio","status":"publish","type":"post","link":"https:\/\/www.elsindical.com.ar\/notas\/lanus-motochorros-asaltan-a-vecina-que-regresaba-de-comprar-en-el-barrio\/","title":{"rendered":"Lan\u00fas: Motochorros asaltan a vecina que regresaba de comprar en el barrio"},"content":{"rendered":"\n<figure class=\"wp-block-image size-large\"><a href=\"https:\/\/www.elsindical.com.ar\/notas\/var\/www\/html\/notas\/wp-content\/uploads\/2021\/03\/Motochorros-en-Lanus.jpg\"><img loading=\"lazy\" decoding=\"async\" width=\"1024\" height=\"726\" src=\"https:\/\/www.elsindical.com.ar\/notas\/var\/www\/html\/notas\/wp-content\/uploads\/2021\/03\/Motochorros-en-Lanus-1024x726.jpg\" alt=\"\" class=\"wp-image-103595\" srcset=\"https:\/\/www.elsindical.com.ar\/notas\/var\/www\/html\/notas\/wp-content\/uploads\/2021\/03\/Motochorros-en-Lanus-1024x726.jpg 1024w, https:\/\/www.elsindical.com.ar\/notas\/var\/www\/html\/notas\/wp-content\/uploads\/2021\/03\/Motochorros-en-Lanus-300x213.jpg 300w, https:\/\/www.elsindical.com.ar\/notas\/var\/www\/html\/notas\/wp-content\/uploads\/2021\/03\/Motochorros-en-Lanus-768x545.jpg 768w, https:\/\/www.elsindical.com.ar\/notas\/var\/www\/html\/notas\/wp-content\/uploads\/2021\/03\/Motochorros-en-Lanus-423x300.jpg 423w, https:\/\/www.elsindical.com.ar\/notas\/var\/www\/html\/notas\/wp-content\/uploads\/2021\/03\/Motochorros-en-Lanus.jpg 1067w\" sizes=\"auto, (max-width: 1024px) 100vw, 1024px\" \/><\/a><\/figure>\n\n\n\n<p>        La inseguridad no para en el municipio de Lan\u00fas, los vecinos por las redes sociales no paran de denunciar zonas liberadas para el delito, donde a diario son v\u00edctimas de robos violentos con total impunidad.<\/p>\n\n\n\n<p>Mientras N\u00e9stor Grindetti apoya la campa\u00f1a del Jefe de Gabinete de Lan\u00fas y responsable de la secretar\u00eda de seguridad Diego Kravetz, este se dedica a recorrer los partidos linderos haciendo reuniones pol\u00edticas con la agrupaci\u00f3n HACEMOS con la excusa de presentar su libro que poco tiene de real. Ahora ha lanzado en redes sociales una juntada de firmas basada en una mentira a los vecinos algo que en pol\u00edtica se termina pagando caro, afirma Kravetz que juntando firmas se puede reformar el C\u00f3digo Penal y que el uso de armas de utiler\u00eda sean consideradas como elementos para cometer delitos, afirmando que la polic\u00eda si en un control encuentran un arma de utiler\u00eda no pueden hacer nada e incluso deben devolverle el arma al identificado, lo cual es una mentira grosera.<\/p>\n\n\n\n<p>Parecer\u00eda o que Kravetz es un completo ignorante de la legislaci\u00f3n y la realidad jur\u00eddica, otra cosa es el trabajo de los fiscales del Departamento Judicial Avellaneda-Lan\u00fas que son propensos a abusar del Art.161 del C\u00f3digo Procesal Penal  por lo que otorgan la libertad a casi todos los imputados de delitos sin m\u00e1s tr\u00e1mite, de eso curiosamente no habla Diego Kravetz y el actual responsable de los fiscales el Fiscal General Guillermo Castro fue apoyado por Cambiemos cuando se estaba evaluando quien ser\u00eda el jefe de los fiscales del nuevo departamento judicial, es decir, Kravetz es parte m\u00e1s del problema que de la soluci\u00f3n.<\/p>\n\n\n\n<p>El \u00faltimo y violento robo publicado ocurri\u00f3 en la intersecci\u00f3n de las calles Ner\u00f3n de Astrada y Chilavert en la localidad de Monte Chingolo, uno de los barrios m\u00e1s castigados por el delito, denuncian que el municipio solo se ocupa de cuidar el reducido sector comercial y gastron\u00f3mico.<\/p>\n\n\n\n<figure class=\"wp-block-embed is-type-video is-provider-youtube wp-block-embed-youtube wp-embed-aspect-16-9 wp-has-aspect-ratio\"><div class=\"wp-block-embed__wrapper\">\n<iframe loading=\"lazy\" title=\"Lan\u00fas robo en Ber\u00f3n de Astrada y Chilavert\" width=\"700\" height=\"394\" src=\"https:\/\/www.youtube.com\/embed\/j2D8uoRsWQk?feature=oembed\" frameborder=\"0\" allow=\"accelerometer; autoplay; clipboard-write; encrypted-media; gyroscope; picture-in-picture\" allowfullscreen><\/iframe>\n<\/div><\/figure>\n","protected":false},"excerpt":{"rendered":"<p>La inseguridad no para en el municipio de Lan\u00fas, los vecinos por las redes sociales no paran de denunciar zonas liberadas para el delito, donde a diario son v\u00edctimas de robos violentos con total impunidad. Mientras N\u00e9stor Grindetti apoya la campa\u00f1a del Jefe de Gabinete de Lan\u00fas y responsable de la secretar\u00eda de seguridad Diego&hellip;<\/p>\n","protected":false},"author":1,"featured_media":103595,"comment_status":"open","ping_status":"open","sticky":false,"template":"","format":"standard","meta":{"footnotes":""},"categories":[22],"tags":[22020,2450,23470,34444,984,209,308,5025,2605,986],"class_list":["post-103594","post","type-post","status-publish","format-standard","has-post-thumbnail","hentry","category-policiales","tag-denuncias","tag-diario-el-sindical","tag-diego-kravetz","tag-hacemos","tag-inseguridad","tag-lanus","tag-motochorros","tag-nestor-grindetti","tag-redes-sociales","tag-vecinos"],"_links":{"self":[{"href":"https:\/\/www.elsindical.com.ar\/notas\/wp-json\/wp\/v2\/posts\/103594","targetHints":{"allow":["GET"]}}],"collection":[{"href":"https:\/\/www.elsindical.com.ar\/notas\/wp-json\/wp\/v2\/posts"}],"about":[{"href":"https:\/\/www.elsindical.com.ar\/notas\/wp-json\/wp\/v2\/types\/post"}],"author":[{"embeddable":true,"href":"https:\/\/www.elsindical.com.ar\/notas\/wp-json\/wp\/v2\/users\/1"}],"replies":[{"embeddable":true,"href":"https:\/\/www.elsindical.com.ar\/notas\/wp-json\/wp\/v2\/comments?post=103594"}],"version-history":[{"count":2,"href":"https:\/\/www.elsindical.com.ar\/notas\/wp-json\/wp\/v2\/posts\/103594\/revisions"}],"predecessor-version":[{"id":103597,"href":"https:\/\/www.elsindical.com.ar\/notas\/wp-json\/wp\/v2\/posts\/103594\/revisions\/103597"}],"wp:featuredmedia":[{"embeddable":true,"href":"https:\/\/www.elsindical.com.ar\/notas\/wp-json\/wp\/v2\/media\/103595"}],"wp:attachment":[{"href":"https:\/\/www.elsindical.com.ar\/notas\/wp-json\/wp\/v2\/media?parent=103594"}],"wp:term":[{"taxonomy":"category","embeddable":true,"href":"https:\/\/www.elsindical.com.ar\/notas\/wp-json\/wp\/v2\/categories?post=103594"},{"taxonomy":"post_tag","embeddable":true,"href":"https:\/\/www.elsindical.com.ar\/notas\/wp-json\/wp\/v2\/tags?post=103594"}],"curies":[{"name":"wp","href":"https:\/\/api.w.org\/{rel}","templated":true}]}}