{"id":103561,"date":"2021-03-29T23:27:37","date_gmt":"2021-03-30T02:27:37","guid":{"rendered":"https:\/\/www.elsindical.com.ar\/notas\/?p=103561"},"modified":"2021-03-29T23:31:08","modified_gmt":"2021-03-30T02:31:08","slug":"almirante-brown-denuncian-abuso-de-autoridad-policial","status":"publish","type":"post","link":"https:\/\/www.elsindical.com.ar\/notas\/almirante-brown-denuncian-abuso-de-autoridad-policial\/","title":{"rendered":"Almirante Brown: Denuncian abuso de autoridad policial"},"content":{"rendered":"\n<div class=\"wp-block-image\"><figure class=\"aligncenter size-large\"><a href=\"https:\/\/www.elsindical.com.ar\/notas\/var\/www\/html\/notas\/wp-content\/uploads\/2021\/03\/abuso-de-autoridad-policial.jpg\"><img loading=\"lazy\" decoding=\"async\" width=\"504\" height=\"869\" src=\"https:\/\/www.elsindical.com.ar\/notas\/var\/www\/html\/notas\/wp-content\/uploads\/2021\/03\/abuso-de-autoridad-policial.jpg\" alt=\"\" class=\"wp-image-103562\" srcset=\"https:\/\/www.elsindical.com.ar\/notas\/var\/www\/html\/notas\/wp-content\/uploads\/2021\/03\/abuso-de-autoridad-policial.jpg 504w, https:\/\/www.elsindical.com.ar\/notas\/var\/www\/html\/notas\/wp-content\/uploads\/2021\/03\/abuso-de-autoridad-policial-174x300.jpg 174w\" sizes=\"auto, (max-width: 504px) 100vw, 504px\" \/><\/a><\/figure><\/div>\n\n\n\n<p class=\"wp-block-paragraph\">       En las redes sociales se difundi\u00f3 una grave denuncia con un video sobre la irregular detenci\u00f3n de una enfermera por parte de un Sargento de la polic\u00eda bonaerense molesta porque no se le dio prioridad a la atenci\u00f3n del detenido que llev\u00f3 para estudios m\u00e9dicos, cuando lo indicado es que ese tipo de diligencias deben ser realizadas en hospitales que cuenten con efectivos policiales por una cuesti\u00f3n de seguridad.<\/p>\n\n\n\n<p class=\"wp-block-paragraph\"><strong>UPA DE LONGCHAMPS!!! Una verg\u00fcenza!!! Llego un detenido para que le extraigan sangre y la enfermera corre porque llego un paciente infartado por eso fue esposada con las esposas que ten\u00eda el detenido. De no creer!!!!!. Personal de la comisar\u00eda que est\u00e1 enfrente, que denuncia se puede realizar en un caso as\u00ed?? Donde iba a quedar la denuncia????. La enfermera con un ataque de nervios tuvo que ser asistida<img loading=\"lazy\" decoding=\"async\" width=\"16\" height=\"16\" alt=\"?\" src=\"https:\/\/static.xx.fbcdn.net\/images\/emoji.php\/v9\/t82\/1\/16\/1f92c.png\"><\/strong><\/p>\n\n\n\n<figure class=\"wp-block-embed is-type-video is-provider-youtube wp-block-embed-youtube wp-embed-aspect-16-9 wp-has-aspect-ratio\"><div class=\"wp-block-embed__wrapper\">\n<iframe loading=\"lazy\" title=\"Almirante Brown: Denuncian abuso de autoridad policial\" width=\"700\" height=\"394\" src=\"https:\/\/www.youtube.com\/embed\/amdauouhnXI?feature=oembed\" frameborder=\"0\" allow=\"accelerometer; autoplay; clipboard-write; encrypted-media; gyroscope; picture-in-picture\" allowfullscreen><\/iframe>\n<\/div><\/figure>\n","protected":false},"excerpt":{"rendered":"<p>En las redes sociales se difundi\u00f3 una grave denuncia con un video sobre la irregular detenci\u00f3n de una enfermera por parte de un Sargento de la polic\u00eda bonaerense molesta porque no se le dio prioridad a la atenci\u00f3n del detenido que llev\u00f3 para estudios m\u00e9dicos, cuando lo indicado es que ese tipo de diligencias deben&hellip;<\/p>\n","protected":false},"author":1,"featured_media":103562,"comment_status":"open","ping_status":"open","sticky":false,"template":"","format":"standard","meta":{"footnotes":""},"categories":[6],"tags":[9986,175,2450,749,2605,34438],"class_list":["post-103561","post","type-post","status-publish","format-standard","has-post-thumbnail","hentry","category-denuncias","tag-abuso-de-autoridad","tag-denuncia","tag-diario-el-sindical","tag-policia-bonaerense","tag-redes-sociales","tag-upa-lonchamps"],"_links":{"self":[{"href":"https:\/\/www.elsindical.com.ar\/notas\/wp-json\/wp\/v2\/posts\/103561","targetHints":{"allow":["GET"]}}],"collection":[{"href":"https:\/\/www.elsindical.com.ar\/notas\/wp-json\/wp\/v2\/posts"}],"about":[{"href":"https:\/\/www.elsindical.com.ar\/notas\/wp-json\/wp\/v2\/types\/post"}],"author":[{"embeddable":true,"href":"https:\/\/www.elsindical.com.ar\/notas\/wp-json\/wp\/v2\/users\/1"}],"replies":[{"embeddable":true,"href":"https:\/\/www.elsindical.com.ar\/notas\/wp-json\/wp\/v2\/comments?post=103561"}],"version-history":[{"count":2,"href":"https:\/\/www.elsindical.com.ar\/notas\/wp-json\/wp\/v2\/posts\/103561\/revisions"}],"predecessor-version":[{"id":103564,"href":"https:\/\/www.elsindical.com.ar\/notas\/wp-json\/wp\/v2\/posts\/103561\/revisions\/103564"}],"wp:featuredmedia":[{"embeddable":true,"href":"https:\/\/www.elsindical.com.ar\/notas\/wp-json\/wp\/v2\/media\/103562"}],"wp:attachment":[{"href":"https:\/\/www.elsindical.com.ar\/notas\/wp-json\/wp\/v2\/media?parent=103561"}],"wp:term":[{"taxonomy":"category","embeddable":true,"href":"https:\/\/www.elsindical.com.ar\/notas\/wp-json\/wp\/v2\/categories?post=103561"},{"taxonomy":"post_tag","embeddable":true,"href":"https:\/\/www.elsindical.com.ar\/notas\/wp-json\/wp\/v2\/tags?post=103561"}],"curies":[{"name":"wp","href":"https:\/\/api.w.org\/{rel}","templated":true}]}}