{"id":103519,"date":"2021-03-27T23:56:19","date_gmt":"2021-03-28T02:56:19","guid":{"rendered":"https:\/\/www.elsindical.com.ar\/notas\/?p=103519"},"modified":"2021-03-27T23:56:19","modified_gmt":"2021-03-28T02:56:19","slug":"avellaneda-sumo-cuatro-muertes-y-supero-la-barrera-de-los-25-mil-contagios","status":"publish","type":"post","link":"https:\/\/www.elsindical.com.ar\/notas\/avellaneda-sumo-cuatro-muertes-y-supero-la-barrera-de-los-25-mil-contagios\/","title":{"rendered":"Avellaneda sum\u00f3 cuatro muertes y super\u00f3 la barrera de los 25 mil contagios"},"content":{"rendered":"\n<figure class=\"wp-block-image size-large\"><a href=\"https:\/\/www.elsindical.com.ar\/notas\/var\/www\/html\/notas\/wp-content\/uploads\/2021\/03\/Avell-27-marz21-Covid.jpg\"><img loading=\"lazy\" decoding=\"async\" width=\"1024\" height=\"1024\" src=\"https:\/\/www.elsindical.com.ar\/notas\/var\/www\/html\/notas\/wp-content\/uploads\/2021\/03\/Avell-27-marz21-Covid-1024x1024.jpg\" alt=\"\" class=\"wp-image-103520\" srcset=\"https:\/\/www.elsindical.com.ar\/notas\/var\/www\/html\/notas\/wp-content\/uploads\/2021\/03\/Avell-27-marz21-Covid-1024x1024.jpg 1024w, https:\/\/www.elsindical.com.ar\/notas\/var\/www\/html\/notas\/wp-content\/uploads\/2021\/03\/Avell-27-marz21-Covid-300x300.jpg 300w, https:\/\/www.elsindical.com.ar\/notas\/var\/www\/html\/notas\/wp-content\/uploads\/2021\/03\/Avell-27-marz21-Covid-150x150.jpg 150w, https:\/\/www.elsindical.com.ar\/notas\/var\/www\/html\/notas\/wp-content\/uploads\/2021\/03\/Avell-27-marz21-Covid-768x768.jpg 768w, https:\/\/www.elsindical.com.ar\/notas\/var\/www\/html\/notas\/wp-content\/uploads\/2021\/03\/Avell-27-marz21-Covid-50x50.jpg 50w, https:\/\/www.elsindical.com.ar\/notas\/var\/www\/html\/notas\/wp-content\/uploads\/2021\/03\/Avell-27-marz21-Covid.jpg 1200w\" sizes=\"auto, (max-width: 1024px) 100vw, 1024px\" \/><\/a><\/figure>\n\n\n\n<p class=\"wp-block-paragraph\">Ascienden a 25.026 los casos confirmados, mientras que son 884 las v\u00edctimas fatales.<\/p>\n\n\n\n<p class=\"wp-block-paragraph\">Cuatro vecinos de Avellaneda murieron por Covid-19 en las \u00faltimas horas, de acuerdo al informe del Ministerio de Salud de la provincia de Buenos Aires. Son 884 las v\u00edctimas fatales en este distrito.<\/p>\n\n\n\n<p class=\"wp-block-paragraph\">Son 25.0262 los casos confirmados, dentro de los que figuran los 20.150 vecinos que fueron dados de alta y los 884 que fallecieron.<\/p>\n\n\n\n<p class=\"wp-block-paragraph\">En cuanto a la clasificaci\u00f3n epidemiol\u00f3gica, el 74,6 por ciento de los contagios fue por transmisi\u00f3n comunitaria, 12,5 por contacto estrecho con un infectado, el 4 responden a trabajadores de la salud, hay un 0,3 por ciento de casos importados y un 8,6 bajo investigaci\u00f3n.<\/p>\n\n\n\n<p class=\"wp-block-paragraph\"><\/p>\n","protected":false},"excerpt":{"rendered":"<p>Ascienden a 25.026 los casos confirmados, mientras que son 884 las v\u00edctimas fatales. Cuatro vecinos de Avellaneda murieron por Covid-19 en las \u00faltimas horas, de acuerdo al informe del Ministerio de Salud de la provincia de Buenos Aires. Son 884 las v\u00edctimas fatales en este distrito. Son 25.0262 los casos confirmados, dentro de los que&hellip;<\/p>\n","protected":false},"author":1,"featured_media":103520,"comment_status":"open","ping_status":"open","sticky":false,"template":"","format":"standard","meta":{"footnotes":""},"categories":[23],"tags":[461,19938,32346,32627,2450,134,22031],"class_list":["post-103519","post","type-post","status-publish","format-standard","has-post-thumbnail","hentry","category-salud","tag-avellaneda","tag-contagios","tag-coronavirus","tag-covid-19","tag-diario-el-sindical","tag-muertes","tag-salud"],"_links":{"self":[{"href":"https:\/\/www.elsindical.com.ar\/notas\/wp-json\/wp\/v2\/posts\/103519","targetHints":{"allow":["GET"]}}],"collection":[{"href":"https:\/\/www.elsindical.com.ar\/notas\/wp-json\/wp\/v2\/posts"}],"about":[{"href":"https:\/\/www.elsindical.com.ar\/notas\/wp-json\/wp\/v2\/types\/post"}],"author":[{"embeddable":true,"href":"https:\/\/www.elsindical.com.ar\/notas\/wp-json\/wp\/v2\/users\/1"}],"replies":[{"embeddable":true,"href":"https:\/\/www.elsindical.com.ar\/notas\/wp-json\/wp\/v2\/comments?post=103519"}],"version-history":[{"count":1,"href":"https:\/\/www.elsindical.com.ar\/notas\/wp-json\/wp\/v2\/posts\/103519\/revisions"}],"predecessor-version":[{"id":103521,"href":"https:\/\/www.elsindical.com.ar\/notas\/wp-json\/wp\/v2\/posts\/103519\/revisions\/103521"}],"wp:featuredmedia":[{"embeddable":true,"href":"https:\/\/www.elsindical.com.ar\/notas\/wp-json\/wp\/v2\/media\/103520"}],"wp:attachment":[{"href":"https:\/\/www.elsindical.com.ar\/notas\/wp-json\/wp\/v2\/media?parent=103519"}],"wp:term":[{"taxonomy":"category","embeddable":true,"href":"https:\/\/www.elsindical.com.ar\/notas\/wp-json\/wp\/v2\/categories?post=103519"},{"taxonomy":"post_tag","embeddable":true,"href":"https:\/\/www.elsindical.com.ar\/notas\/wp-json\/wp\/v2\/tags?post=103519"}],"curies":[{"name":"wp","href":"https:\/\/api.w.org\/{rel}","templated":true}]}}