{"id":103504,"date":"2021-03-27T16:07:43","date_gmt":"2021-03-27T19:07:43","guid":{"rendered":"https:\/\/www.elsindical.com.ar\/notas\/?p=103504"},"modified":"2021-03-27T16:07:44","modified_gmt":"2021-03-27T19:07:44","slug":"berazategui-detienen-a-peligrosa-banda-delictiva-en-medio-de-tiroteo","status":"publish","type":"post","link":"https:\/\/www.elsindical.com.ar\/notas\/berazategui-detienen-a-peligrosa-banda-delictiva-en-medio-de-tiroteo\/","title":{"rendered":"Berazategui: Detienen a peligrosa banda delictiva en medio de tiroteo"},"content":{"rendered":"\n<figure class=\"wp-block-image size-large\"><a href=\"https:\/\/www.elsindical.com.ar\/notas\/var\/www\/html\/notas\/wp-content\/uploads\/2021\/03\/kkhkjkkk.jpg\"><img loading=\"lazy\" decoding=\"async\" width=\"1024\" height=\"616\" src=\"https:\/\/www.elsindical.com.ar\/notas\/var\/www\/html\/notas\/wp-content\/uploads\/2021\/03\/kkhkjkkk-1024x616.jpg\" alt=\"\" class=\"wp-image-103505\" srcset=\"https:\/\/www.elsindical.com.ar\/notas\/var\/www\/html\/notas\/wp-content\/uploads\/2021\/03\/kkhkjkkk-1024x616.jpg 1024w, https:\/\/www.elsindical.com.ar\/notas\/var\/www\/html\/notas\/wp-content\/uploads\/2021\/03\/kkhkjkkk-300x180.jpg 300w, https:\/\/www.elsindical.com.ar\/notas\/var\/www\/html\/notas\/wp-content\/uploads\/2021\/03\/kkhkjkkk-768x462.jpg 768w, https:\/\/www.elsindical.com.ar\/notas\/var\/www\/html\/notas\/wp-content\/uploads\/2021\/03\/kkhkjkkk-500x300.jpg 500w, https:\/\/www.elsindical.com.ar\/notas\/var\/www\/html\/notas\/wp-content\/uploads\/2021\/03\/kkhkjkkk.jpg 1146w\" sizes=\"auto, (max-width: 1024px) 100vw, 1024px\" \/><\/a><\/figure>\n\n\n\n<p>       Efectivos de la polic\u00eda bonaerense luego de dos enfrentamientos armados detuvieron y recuperaron objetos robados por una banda de peligrosos delincuentes, efectivos de la comisar\u00eda 3ra de Berazategui, dependientes de la Superintendencia Regi\u00f3n AMBA SUR I, a cargo del Superintendente Javier Carlos Villar contin\u00faan investigando otros hechos cometidos por los delincuentes.<\/p>\n\n\n\n<p>Ccar. Robo doblemente calificado con arma de fuego- en concurso con Portaci\u00f3n de arma de guerra- resistencia a la autoridad- abuso de armas- 03 aprehendidos- armas y veh\u00edculo secuestrado<\/p>\n\n\n\n<p>S. R. AMBA SUR I<br>E.P.D.S. Berazategui: Robo doblemente calificado con arma de fuego- en concurso con Portaci\u00f3n de arma de guerra- resistencia a la autoridad- abuso de armas.<br>Comisar\u00eda Berazategui 3ra. Guti\u00e9rrez<br>Interviene: UFIJ nro. 01 BZ<br>Fecha: 27 de Marzo de 2021<br>Hora actual<br>Lugar : Autopista y Camino G. Belgrano de este medio- BZ<br>Denunciante: Personal Policial<br>V\u00edctima: HUMBERTO P., ddo Ezpeleta.-<\/p>\n\n\n\n<p>Imputados \u2013 aprehendidos: HERRERA JUAN MARCELO, argentino, de 42 a\u00f1os, soltero, ddo. Calle 167 al 2500 Bernal Oeste, GALLARDO MARCOS ARIEL, argentino, de 21 a\u00f1os de edad, soltero, ddo. Calle Camila O\u00b4Gorman al 100 Fcio. Varela, BRUSI ALEJANDRO ANDR\u00c9S, argentino, de 60 a\u00f1os de edad, divorciado, ddo. Calle Fcio. Varela al 2900 de Guernica.<\/p>\n\n\n\n<p>EXTRACTO: Fecha, hora y lugar de menci\u00f3n, personal de \u00e9sta dependencia es alertado por un ciudadano que en calle 412 y 454 de este medio, habr\u00eda avistado el autom\u00f3vil que d\u00edas pasado le cometi\u00f3 il\u00edcito, dirigi\u00e9ndose el personal avista el rodado y comienza persecuci\u00f3n por varias cuadras de \u00e9sta jurisdicci\u00f3n, siendo que en la rotonda de alpargatas los malvivientes abren fuego contra los efectivos, quienes repelen la agresi\u00f3n con armas reglamentarias, no produci\u00e9ndose lesiones en ninguna de las partes, continuando la persecuci\u00f3n por autopista hacia capital, y al llegar a la intersecci\u00f3n con el puente de Camino G. Belgrano, los delincuentes descienden del rodado que utilizaban, DAEWO TICO dominio BUF-599 de color rojo (sin pedido de secuestro), y esgrimen nuevamente sus armas hacia el personal policial, manteni\u00e9ndose nuevo enfrentamiento, nuevamente sin lesiones, por lo que los tres delincuentes intentan evadirse en distintas direcciones, siendo que personal policial, ya con el apoyo de UPPL, Comando Begui, y Cria. Quilmes 4ta., proceden a trabarse en lucha con los mismos, siendo finalmente reducidos mediante el uso de la fuerza necesaria; lugar en el que se hacen presente dos v\u00edctimas de robo cometido momentos antes, por \u00e9stos delincuentes, secuestr\u00e1ndose pertenencias de los mismos, as\u00ed como armas de fuego utilizadas por los cacos, trat\u00e1ndose de rev\u00f3lver calibre 357 marca Rexio serie nro. 116624 con 2 cartuchos percutados y 4 intactos; rev\u00f3lver calibre 32 largo marca Tejano numeraci\u00f3n suprimida, 3 vainas servidas. Mantenida comunicaci\u00f3n con fiscal\u00eda de intervenci\u00f3n dispuso car\u00e1tula ep\u00edgrafe, solicitando actuaciones y aprehendidos ma\u00f1ana a primera audiencia. Ampliar\u00e9 mediante PU<\/p>\n\n\n\n<figure class=\"wp-block-gallery columns-1 is-cropped wp-block-gallery-1 is-layout-flex wp-block-gallery-is-layout-flex\"><ul class=\"blocks-gallery-grid\"><li class=\"blocks-gallery-item\"><figure><a href=\"https:\/\/www.elsindical.com.ar\/notas\/var\/www\/html\/notas\/wp-content\/uploads\/2021\/03\/yuiuuioo.jpg\"><img loading=\"lazy\" decoding=\"async\" width=\"520\" height=\"662\" src=\"https:\/\/www.elsindical.com.ar\/notas\/var\/www\/html\/notas\/wp-content\/uploads\/2021\/03\/yuiuuioo.jpg\" alt=\"\" data-id=\"103506\" data-full-url=\"https:\/\/www.elsindical.com.ar\/notas\/var\/www\/html\/notas\/wp-content\/uploads\/2021\/03\/yuiuuioo.jpg\" data-link=\"https:\/\/www.elsindical.com.ar\/notas\/?attachment_id=103506#main\" class=\"wp-image-103506\" srcset=\"https:\/\/www.elsindical.com.ar\/notas\/var\/www\/html\/notas\/wp-content\/uploads\/2021\/03\/yuiuuioo.jpg 520w, https:\/\/www.elsindical.com.ar\/notas\/var\/www\/html\/notas\/wp-content\/uploads\/2021\/03\/yuiuuioo-236x300.jpg 236w\" sizes=\"auto, (max-width: 520px) 100vw, 520px\" \/><\/a><\/figure><\/li><li class=\"blocks-gallery-item\"><figure><a href=\"https:\/\/www.elsindical.com.ar\/notas\/var\/www\/html\/notas\/wp-content\/uploads\/2021\/03\/dhfhggfg.jpg\"><img loading=\"lazy\" decoding=\"async\" width=\"712\" height=\"529\" src=\"https:\/\/www.elsindical.com.ar\/notas\/var\/www\/html\/notas\/wp-content\/uploads\/2021\/03\/dhfhggfg.jpg\" alt=\"\" data-id=\"103507\" data-full-url=\"https:\/\/www.elsindical.com.ar\/notas\/var\/www\/html\/notas\/wp-content\/uploads\/2021\/03\/dhfhggfg.jpg\" data-link=\"https:\/\/www.elsindical.com.ar\/notas\/?attachment_id=103507#main\" class=\"wp-image-103507\" srcset=\"https:\/\/www.elsindical.com.ar\/notas\/var\/www\/html\/notas\/wp-content\/uploads\/2021\/03\/dhfhggfg.jpg 712w, https:\/\/www.elsindical.com.ar\/notas\/var\/www\/html\/notas\/wp-content\/uploads\/2021\/03\/dhfhggfg-300x223.jpg 300w, https:\/\/www.elsindical.com.ar\/notas\/var\/www\/html\/notas\/wp-content\/uploads\/2021\/03\/dhfhggfg-404x300.jpg 404w\" sizes=\"auto, (max-width: 712px) 100vw, 712px\" \/><\/a><\/figure><\/li><li class=\"blocks-gallery-item\"><figure><a href=\"https:\/\/www.elsindical.com.ar\/notas\/var\/www\/html\/notas\/wp-content\/uploads\/2021\/03\/gjhghh.jpg\"><img loading=\"lazy\" decoding=\"async\" width=\"503\" height=\"617\" src=\"https:\/\/www.elsindical.com.ar\/notas\/var\/www\/html\/notas\/wp-content\/uploads\/2021\/03\/gjhghh.jpg\" alt=\"\" data-id=\"103508\" data-full-url=\"https:\/\/www.elsindical.com.ar\/notas\/var\/www\/html\/notas\/wp-content\/uploads\/2021\/03\/gjhghh.jpg\" data-link=\"https:\/\/www.elsindical.com.ar\/notas\/?attachment_id=103508#main\" class=\"wp-image-103508\" srcset=\"https:\/\/www.elsindical.com.ar\/notas\/var\/www\/html\/notas\/wp-content\/uploads\/2021\/03\/gjhghh.jpg 503w, https:\/\/www.elsindical.com.ar\/notas\/var\/www\/html\/notas\/wp-content\/uploads\/2021\/03\/gjhghh-245x300.jpg 245w\" sizes=\"auto, (max-width: 503px) 100vw, 503px\" \/><\/a><\/figure><\/li><li class=\"blocks-gallery-item\"><figure><a href=\"https:\/\/www.elsindical.com.ar\/notas\/var\/www\/html\/notas\/wp-content\/uploads\/2021\/03\/iiuiuyuuu.jpg\"><img loading=\"lazy\" decoding=\"async\" width=\"413\" height=\"661\" src=\"https:\/\/www.elsindical.com.ar\/notas\/var\/www\/html\/notas\/wp-content\/uploads\/2021\/03\/iiuiuyuuu.jpg\" alt=\"\" data-id=\"103509\" data-full-url=\"https:\/\/www.elsindical.com.ar\/notas\/var\/www\/html\/notas\/wp-content\/uploads\/2021\/03\/iiuiuyuuu.jpg\" data-link=\"https:\/\/www.elsindical.com.ar\/notas\/?attachment_id=103509#main\" class=\"wp-image-103509\" srcset=\"https:\/\/www.elsindical.com.ar\/notas\/var\/www\/html\/notas\/wp-content\/uploads\/2021\/03\/iiuiuyuuu.jpg 413w, https:\/\/www.elsindical.com.ar\/notas\/var\/www\/html\/notas\/wp-content\/uploads\/2021\/03\/iiuiuyuuu-187x300.jpg 187w\" sizes=\"auto, (max-width: 413px) 100vw, 413px\" \/><\/a><\/figure><\/li><\/ul><\/figure>\n","protected":false},"excerpt":{"rendered":"<p>Efectivos de la polic\u00eda bonaerense luego de dos enfrentamientos armados detuvieron y recuperaron objetos robados por una banda de peligrosos delincuentes, efectivos de la comisar\u00eda 3ra de Berazategui, dependientes de la Superintendencia Regi\u00f3n AMBA SUR I, a cargo del Superintendente Javier Carlos Villar contin\u00faan investigando otros hechos cometidos por los delincuentes. Ccar. Robo doblemente calificado&hellip;<\/p>\n","protected":false},"author":1,"featured_media":103505,"comment_status":"open","ping_status":"open","sticky":false,"template":"","format":"standard","meta":{"footnotes":""},"categories":[22],"tags":[1277,23878,12161,32890,32891],"class_list":["post-103504","post","type-post","status-publish","format-standard","has-post-thumbnail","hentry","category-policiales","tag-berazategui","tag-portacion-ilegal-arma-de-guerra","tag-robo-calificado","tag-superintendencia-region-amba-sur-i","tag-superintendente-javier-carlos-villar"],"_links":{"self":[{"href":"https:\/\/www.elsindical.com.ar\/notas\/wp-json\/wp\/v2\/posts\/103504","targetHints":{"allow":["GET"]}}],"collection":[{"href":"https:\/\/www.elsindical.com.ar\/notas\/wp-json\/wp\/v2\/posts"}],"about":[{"href":"https:\/\/www.elsindical.com.ar\/notas\/wp-json\/wp\/v2\/types\/post"}],"author":[{"embeddable":true,"href":"https:\/\/www.elsindical.com.ar\/notas\/wp-json\/wp\/v2\/users\/1"}],"replies":[{"embeddable":true,"href":"https:\/\/www.elsindical.com.ar\/notas\/wp-json\/wp\/v2\/comments?post=103504"}],"version-history":[{"count":1,"href":"https:\/\/www.elsindical.com.ar\/notas\/wp-json\/wp\/v2\/posts\/103504\/revisions"}],"predecessor-version":[{"id":103510,"href":"https:\/\/www.elsindical.com.ar\/notas\/wp-json\/wp\/v2\/posts\/103504\/revisions\/103510"}],"wp:featuredmedia":[{"embeddable":true,"href":"https:\/\/www.elsindical.com.ar\/notas\/wp-json\/wp\/v2\/media\/103505"}],"wp:attachment":[{"href":"https:\/\/www.elsindical.com.ar\/notas\/wp-json\/wp\/v2\/media?parent=103504"}],"wp:term":[{"taxonomy":"category","embeddable":true,"href":"https:\/\/www.elsindical.com.ar\/notas\/wp-json\/wp\/v2\/categories?post=103504"},{"taxonomy":"post_tag","embeddable":true,"href":"https:\/\/www.elsindical.com.ar\/notas\/wp-json\/wp\/v2\/tags?post=103504"}],"curies":[{"name":"wp","href":"https:\/\/api.w.org\/{rel}","templated":true}]}}